{"id":16074,"date":"2014-07-12T20:49:01","date_gmt":"2014-07-12T23:49:01","guid":{"rendered":"http:\/\/www.notibras.com\/site\/?p=16074"},"modified":"2014-07-12T20:50:14","modified_gmt":"2014-07-12T23:50:14","slug":"dinheiro-privado-nas-eleicoes-corrompe-o-sistema-politico-brasileiro","status":"publish","type":"post","link":"https:\/\/www.notibras.com\/site\/dinheiro-privado-nas-eleicoes-corrompe-o-sistema-politico-brasileiro\/","title":{"rendered":"Dinheiro privado nas elei\u00e7\u00f5es corrompe nosso sistema pol\u00edtico"},"content":{"rendered":"<p>Exatos 13 meses ap\u00f3s as manifesta\u00e7\u00f5es de insatisfa\u00e7\u00e3o da sociedade brasileira, sobretudo de jovens cada vez mais c\u00e9ticos com a pol\u00edtica e as institui\u00e7\u00f5es, julho de 2014 abre ao pa\u00eds um semestre de oportunidades para recuperar o sistema pol\u00edtico, mudar os rumos da administra\u00e7\u00e3o p\u00fablica e aperfei\u00e7oar a democracia.<\/p>\n<p>O processo eleitoral que se estende at\u00e9 outubro e o plebiscito pr\u00f3-reforma pol\u00edtica de setembro comp\u00f5em o tempo ideal para se debater com seriedade e iniciar um processo de mudan\u00e7a real.<\/p>\n<p>A cidadania est\u00e1 em plena mobiliza\u00e7\u00e3o por um plebiscito popular para aprovar uma Constituinte do sistema pol\u00edtico, a urgente reforma pol\u00edtica. Movimentos sociais, sindicatos, comunidades e partidos pol\u00edticos est\u00e3o promovendo manifesta\u00e7\u00f5es nas ruas, nas cidades e na internet para realizar o plebiscito no in\u00edcio de setembro.<\/p>\n<blockquote><p>Uma reforma pol\u00edtica efetiva e que atenda ao desejo de mudan\u00e7a da sociedade passa necessariamente por tr\u00eas propostas fundamentais: acabar com a influ\u00eancia do poder econ\u00f4mico nas elei\u00e7\u00f5es, banindo o financiamento empresarial da atividade pol\u00edtica e instituindo o financiamento p\u00fablico das campanhas.<\/p><\/blockquote>\n<p>Deve tamb\u00e9m ampliar os instrumentos e os espa\u00e7os de controle social e de participa\u00e7\u00e3o direta da popula\u00e7\u00e3o nas decis\u00f5es de Estado e tamb\u00e9m fortalecer a representatividade democr\u00e1tica do sistema eleitoral por meio da institui\u00e7\u00e3o do voto em lista, ponto crucial para o fortalecimento dos partidos pol\u00edticos que, fundamentais para a democracia, enfrentam uma crise mundial de representatividade.<\/p>\n<p>\u00c9 p\u00fablico e not\u00f3rio que o financiamento privado das campanhas eleitorais corrompe o sistema pol\u00edtico, interferindo de maneira nefasta na administra\u00e7\u00e3o p\u00fablica. Em paralelo a isso, esse tipo de financiamento subverte o princ\u00edpio fundamental da democracia eleitoral, a igualdade entre cada cidad\u00e3o e cada cidad\u00e3, independentemente de seu poder de influ\u00eancia. Uma reforma de fato deve come\u00e7ar proibindo que a pol\u00edtica seja financiada pelo poder econ\u00f4mico.<\/p>\n<p>Tamb\u00e9m fundamental e urgente \u00e9 uma readequa\u00e7\u00e3o do sistema eleitoral. Defendemos a introdu\u00e7\u00e3o do voto em lista, no qual o eleitor vota num partido e n\u00e3o em uma pessoa\u00a0 &#8211; como culturalmente o brasileiro \u00e9 incentivado a fazer. O voto em lista privilegia projetos de governo e n\u00e3o interesses individuais ou privados.<\/p>\n<p>Criar instrumentos e mecanismos que aperfei\u00e7oem a democracia direta tamb\u00e9m \u00e9 fundamental. O modelo de pol\u00edtica de gabinete, que n\u00e3o ouve o cidad\u00e3o e n\u00e3o o convida a participar da defini\u00e7\u00e3o de pol\u00edticas p\u00fablicas, esgotou-se de todo. Insistir nesse procedimento \u00e9 negar o pr\u00f3prio sentido da democracia. A manifesta\u00e7\u00e3o da soberania popular, prevista na Constitui\u00e7\u00e3o Federal, precisa ter meios para se expressar.<\/p>\n<p>Uma nova regulamenta\u00e7\u00e3o destes mecanismos de democracia direta deve simplificar os processos de convoca\u00e7\u00e3o de plebiscitos, referendos, projetos de leis de iniciativa popular e interfer\u00eancia direta nas decis\u00f5es de governo.<\/p>\n<p>Nos \u00faltimos anos, a participa\u00e7\u00e3o da sociedade se expandiu por meio de confer\u00eancias, conselhos, ouvidorias, audi\u00eancias, consultas p\u00fablicas e, mais recentemente, canais de participa\u00e7\u00e3o por meio da internet.<\/p>\n<blockquote><p>\u00c9 preciso buscar maneiras de assegurar o car\u00e1ter deliberativo desse tipo de mecanismo, a efetividade de suas a\u00e7\u00f5es e a incid\u00eancia em \u00e1reas estrat\u00e9gicas do Estado que ainda n\u00e3o contam com instrumentos de participa\u00e7\u00e3o da sociedade.<\/p><\/blockquote>\n<p>\u00c9 igualmente importante fortalecer a articula\u00e7\u00e3o entre munic\u00edpios, Estados e Uni\u00e3o, priorizando o munic\u00edpio como ente mais pr\u00f3ximo do cidad\u00e3o. O munic\u00edpio \u00e9 onde os atores pol\u00edticos est\u00e3o mais pr\u00f3ximos, facilitando, portanto, a constru\u00e7\u00e3o de consensos em torno de a\u00e7\u00f5es de interesse comum.<\/p>\n<p>De nada adiantar\u00e1 o esfor\u00e7o da sociedade para elevar o n\u00edvel da pol\u00edtica brasileira se os pr\u00f3prios pol\u00edticos continuarem contribuindo para a baixaria e o jogo esp\u00fario. Pregar que os pol\u00edticos &#8220;suguem&#8221; uns aos outros ou que partidos pol\u00edticos sejam banidos em nada contribui para a democracia e a civilidade.<\/p>\n<p><strong>M\u00e1rio Reali<\/strong><\/p>\n","protected":false},"excerpt":{"rendered":"<p>Exatos 13 meses ap\u00f3s as manifesta\u00e7\u00f5es de insatisfa\u00e7\u00e3o da sociedade brasileira, sobretudo de jovens cada vez mais c\u00e9ticos com a pol\u00edtica e as institui\u00e7\u00f5es, julho de 2014 abre ao pa\u00eds um semestre de oportunidades para recuperar o sistema pol\u00edtico, mudar os rumos da administra\u00e7\u00e3o p\u00fablica e aperfei\u00e7oar a democracia. O processo eleitoral que se estende [&hellip;]<\/p>\n","protected":false},"author":2,"featured_media":16075,"comment_status":"open","ping_status":"closed","sticky":false,"template":"","format":"standard","meta":{"_acf_changed":false,"footnotes":""},"categories":[25],"tags":[],"class_list":["post-16074","post","type-post","status-publish","format-standard","has-post-thumbnail","hentry","category-opina-ai"],"acf":[],"yoast_head":"<!-- This site is optimized with the Yoast SEO plugin v27.5 - https:\/\/yoast.com\/product\/yoast-seo-wordpress\/ -->\n<title>Dinheiro privado nas elei\u00e7\u00f5es corrompe nosso sistema pol\u00edtico - Notibras<\/title>\n<meta name=\"robots\" content=\"index, follow, max-snippet:-1, max-image-preview:large, max-video-preview:-1\" \/>\n<link rel=\"canonical\" href=\"https:\/\/www.notibras.com\/site\/dinheiro-privado-nas-eleicoes-corrompe-o-sistema-politico-brasileiro\/\" \/>\n<meta property=\"og:locale\" content=\"pt_BR\" \/>\n<meta property=\"og:type\" content=\"article\" \/>\n<meta property=\"og:title\" content=\"Dinheiro privado nas elei\u00e7\u00f5es corrompe nosso sistema pol\u00edtico - Notibras\" \/>\n<meta property=\"og:description\" content=\"Exatos 13 meses ap\u00f3s as manifesta\u00e7\u00f5es de insatisfa\u00e7\u00e3o da sociedade brasileira, sobretudo de jovens cada vez mais c\u00e9ticos com a pol\u00edtica e as institui\u00e7\u00f5es, julho de 2014 abre ao pa\u00eds um semestre de oportunidades para recuperar o sistema pol\u00edtico, mudar os rumos da administra\u00e7\u00e3o p\u00fablica e aperfei\u00e7oar a democracia. O processo eleitoral que se estende [&hellip;]\" \/>\n<meta property=\"og:url\" content=\"https:\/\/www.notibras.com\/site\/dinheiro-privado-nas-eleicoes-corrompe-o-sistema-politico-brasileiro\/\" \/>\n<meta property=\"og:site_name\" content=\"Notibras\" \/>\n<meta property=\"article:publisher\" content=\"https:\/\/www.facebook.com\/notibras\/\" \/>\n<meta property=\"article:published_time\" content=\"2014-07-12T23:49:01+00:00\" \/>\n<meta property=\"article:modified_time\" content=\"2014-07-12T23:50:14+00:00\" \/>\n<meta property=\"og:image\" content=\"https:\/\/www.notibras.com\/site\/wp-content\/uploads\/2014\/07\/op1.jpg\" \/>\n\t<meta property=\"og:image:width\" content=\"400\" \/>\n\t<meta property=\"og:image:height\" content=\"307\" \/>\n\t<meta property=\"og:image:type\" content=\"image\/jpeg\" \/>\n<meta name=\"author\" content=\"Reda\u00e7\u00e3o\" \/>\n<meta name=\"twitter:card\" content=\"summary_large_image\" \/>\n<meta name=\"twitter:creator\" content=\"@Notibras\" \/>\n<meta name=\"twitter:site\" content=\"@Notibras\" \/>\n<meta name=\"twitter:label1\" content=\"Escrito por\" \/>\n\t<meta name=\"twitter:data1\" content=\"Reda\u00e7\u00e3o\" \/>\n\t<meta name=\"twitter:label2\" content=\"Est. tempo de leitura\" \/>\n\t<meta name=\"twitter:data2\" content=\"3 minutos\" \/>\n<script type=\"application\/ld+json\" class=\"yoast-schema-graph\">{\"@context\":\"https:\\\/\\\/schema.org\",\"@graph\":[{\"@type\":\"Article\",\"@id\":\"https:\\\/\\\/www.notibras.com\\\/site\\\/dinheiro-privado-nas-eleicoes-corrompe-o-sistema-politico-brasileiro\\\/#article\",\"isPartOf\":{\"@id\":\"https:\\\/\\\/www.notibras.com\\\/site\\\/dinheiro-privado-nas-eleicoes-corrompe-o-sistema-politico-brasileiro\\\/\"},\"author\":{\"name\":\"Reda\u00e7\u00e3o\",\"@id\":\"https:\\\/\\\/www.notibras.com\\\/site\\\/#\\\/schema\\\/person\\\/36ab0979449956132d3e5b517ea76ac8\"},\"headline\":\"Dinheiro privado nas elei\u00e7\u00f5es corrompe nosso sistema pol\u00edtico\",\"datePublished\":\"2014-07-12T23:49:01+00:00\",\"dateModified\":\"2014-07-12T23:50:14+00:00\",\"mainEntityOfPage\":{\"@id\":\"https:\\\/\\\/www.notibras.com\\\/site\\\/dinheiro-privado-nas-eleicoes-corrompe-o-sistema-politico-brasileiro\\\/\"},\"wordCount\":697,\"commentCount\":0,\"publisher\":{\"@id\":\"https:\\\/\\\/www.notibras.com\\\/site\\\/#organization\"},\"image\":{\"@id\":\"https:\\\/\\\/www.notibras.com\\\/site\\\/dinheiro-privado-nas-eleicoes-corrompe-o-sistema-politico-brasileiro\\\/#primaryimage\"},\"thumbnailUrl\":\"https:\\\/\\\/www.notibras.com\\\/site\\\/wp-content\\\/uploads\\\/2014\\\/07\\\/op1.jpg\",\"articleSection\":[\"Opina a\u00ed\"],\"inLanguage\":\"pt-BR\",\"potentialAction\":[{\"@type\":\"CommentAction\",\"name\":\"Comment\",\"target\":[\"https:\\\/\\\/www.notibras.com\\\/site\\\/dinheiro-privado-nas-eleicoes-corrompe-o-sistema-politico-brasileiro\\\/#respond\"]}]},{\"@type\":\"WebPage\",\"@id\":\"https:\\\/\\\/www.notibras.com\\\/site\\\/dinheiro-privado-nas-eleicoes-corrompe-o-sistema-politico-brasileiro\\\/\",\"url\":\"https:\\\/\\\/www.notibras.com\\\/site\\\/dinheiro-privado-nas-eleicoes-corrompe-o-sistema-politico-brasileiro\\\/\",\"name\":\"Dinheiro privado nas elei\u00e7\u00f5es corrompe nosso sistema pol\u00edtico - Notibras\",\"isPartOf\":{\"@id\":\"https:\\\/\\\/www.notibras.com\\\/site\\\/#website\"},\"primaryImageOfPage\":{\"@id\":\"https:\\\/\\\/www.notibras.com\\\/site\\\/dinheiro-privado-nas-eleicoes-corrompe-o-sistema-politico-brasileiro\\\/#primaryimage\"},\"image\":{\"@id\":\"https:\\\/\\\/www.notibras.com\\\/site\\\/dinheiro-privado-nas-eleicoes-corrompe-o-sistema-politico-brasileiro\\\/#primaryimage\"},\"thumbnailUrl\":\"https:\\\/\\\/www.notibras.com\\\/site\\\/wp-content\\\/uploads\\\/2014\\\/07\\\/op1.jpg\",\"datePublished\":\"2014-07-12T23:49:01+00:00\",\"dateModified\":\"2014-07-12T23:50:14+00:00\",\"breadcrumb\":{\"@id\":\"https:\\\/\\\/www.notibras.com\\\/site\\\/dinheiro-privado-nas-eleicoes-corrompe-o-sistema-politico-brasileiro\\\/#breadcrumb\"},\"inLanguage\":\"pt-BR\",\"potentialAction\":[{\"@type\":\"ReadAction\",\"target\":[\"https:\\\/\\\/www.notibras.com\\\/site\\\/dinheiro-privado-nas-eleicoes-corrompe-o-sistema-politico-brasileiro\\\/\"]}]},{\"@type\":\"ImageObject\",\"inLanguage\":\"pt-BR\",\"@id\":\"https:\\\/\\\/www.notibras.com\\\/site\\\/dinheiro-privado-nas-eleicoes-corrompe-o-sistema-politico-brasileiro\\\/#primaryimage\",\"url\":\"https:\\\/\\\/www.notibras.com\\\/site\\\/wp-content\\\/uploads\\\/2014\\\/07\\\/op1.jpg\",\"contentUrl\":\"https:\\\/\\\/www.notibras.com\\\/site\\\/wp-content\\\/uploads\\\/2014\\\/07\\\/op1.jpg\",\"width\":400,\"height\":307},{\"@type\":\"BreadcrumbList\",\"@id\":\"https:\\\/\\\/www.notibras.com\\\/site\\\/dinheiro-privado-nas-eleicoes-corrompe-o-sistema-politico-brasileiro\\\/#breadcrumb\",\"itemListElement\":[{\"@type\":\"ListItem\",\"position\":1,\"name\":\"In\u00edcio\",\"item\":\"https:\\\/\\\/www.notibras.com\\\/site\\\/\"},{\"@type\":\"ListItem\",\"position\":2,\"name\":\"Dinheiro privado nas elei\u00e7\u00f5es corrompe nosso sistema pol\u00edtico\"}]},{\"@type\":\"WebSite\",\"@id\":\"https:\\\/\\\/www.notibras.com\\\/site\\\/#website\",\"url\":\"https:\\\/\\\/www.notibras.com\\\/site\\\/\",\"name\":\"Notibras\",\"description\":\"Not\u00edcias de Bras\u00edlia, do Brasil e do Mundo\",\"publisher\":{\"@id\":\"https:\\\/\\\/www.notibras.com\\\/site\\\/#organization\"},\"potentialAction\":[{\"@type\":\"SearchAction\",\"target\":{\"@type\":\"EntryPoint\",\"urlTemplate\":\"https:\\\/\\\/www.notibras.com\\\/site\\\/?s={search_term_string}\"},\"query-input\":{\"@type\":\"PropertyValueSpecification\",\"valueRequired\":true,\"valueName\":\"search_term_string\"}}],\"inLanguage\":\"pt-BR\"},{\"@type\":\"Organization\",\"@id\":\"https:\\\/\\\/www.notibras.com\\\/site\\\/#organization\",\"name\":\"Grupo Notibras de Comunica\u00e7\u00e3o\",\"url\":\"https:\\\/\\\/www.notibras.com\\\/site\\\/\",\"logo\":{\"@type\":\"ImageObject\",\"inLanguage\":\"pt-BR\",\"@id\":\"https:\\\/\\\/www.notibras.com\\\/site\\\/#\\\/schema\\\/logo\\\/image\\\/\",\"url\":\"https:\\\/\\\/www.notibras.com\\\/site\\\/wp-content\\\/uploads\\\/2023\\\/01\\\/notibras23.png\",\"contentUrl\":\"https:\\\/\\\/www.notibras.com\\\/site\\\/wp-content\\\/uploads\\\/2023\\\/01\\\/notibras23.png\",\"width\":350,\"height\":87,\"caption\":\"Grupo Notibras de Comunica\u00e7\u00e3o\"},\"image\":{\"@id\":\"https:\\\/\\\/www.notibras.com\\\/site\\\/#\\\/schema\\\/logo\\\/image\\\/\"},\"sameAs\":[\"https:\\\/\\\/www.facebook.com\\\/notibras\\\/\",\"https:\\\/\\\/x.com\\\/Notibras\",\"https:\\\/\\\/www.instagram.com\\\/notibras\\\/\"]},{\"@type\":\"Person\",\"@id\":\"https:\\\/\\\/www.notibras.com\\\/site\\\/#\\\/schema\\\/person\\\/36ab0979449956132d3e5b517ea76ac8\",\"name\":\"Reda\u00e7\u00e3o\",\"image\":{\"@type\":\"ImageObject\",\"inLanguage\":\"pt-BR\",\"@id\":\"https:\\\/\\\/secure.gravatar.com\\\/avatar\\\/e0a867bdedb85fd243eadf09663511f96fc81e0720a4a42581f334ad4303aa6b?s=96&d=mm&r=g\",\"url\":\"https:\\\/\\\/secure.gravatar.com\\\/avatar\\\/e0a867bdedb85fd243eadf09663511f96fc81e0720a4a42581f334ad4303aa6b?s=96&d=mm&r=g\",\"contentUrl\":\"https:\\\/\\\/secure.gravatar.com\\\/avatar\\\/e0a867bdedb85fd243eadf09663511f96fc81e0720a4a42581f334ad4303aa6b?s=96&d=mm&r=g\",\"caption\":\"Reda\u00e7\u00e3o\"}}]}<\/script>\n<!-- \/ Yoast SEO plugin. -->","yoast_head_json":{"title":"Dinheiro privado nas elei\u00e7\u00f5es corrompe nosso sistema pol\u00edtico - Notibras","robots":{"index":"index","follow":"follow","max-snippet":"max-snippet:-1","max-image-preview":"max-image-preview:large","max-video-preview":"max-video-preview:-1"},"canonical":"https:\/\/www.notibras.com\/site\/dinheiro-privado-nas-eleicoes-corrompe-o-sistema-politico-brasileiro\/","og_locale":"pt_BR","og_type":"article","og_title":"Dinheiro privado nas elei\u00e7\u00f5es corrompe nosso sistema pol\u00edtico - Notibras","og_description":"Exatos 13 meses ap\u00f3s as manifesta\u00e7\u00f5es de insatisfa\u00e7\u00e3o da sociedade brasileira, sobretudo de jovens cada vez mais c\u00e9ticos com a pol\u00edtica e as institui\u00e7\u00f5es, julho de 2014 abre ao pa\u00eds um semestre de oportunidades para recuperar o sistema pol\u00edtico, mudar os rumos da administra\u00e7\u00e3o p\u00fablica e aperfei\u00e7oar a democracia. O processo eleitoral que se estende [&hellip;]","og_url":"https:\/\/www.notibras.com\/site\/dinheiro-privado-nas-eleicoes-corrompe-o-sistema-politico-brasileiro\/","og_site_name":"Notibras","article_publisher":"https:\/\/www.facebook.com\/notibras\/","article_published_time":"2014-07-12T23:49:01+00:00","article_modified_time":"2014-07-12T23:50:14+00:00","og_image":[{"width":400,"height":307,"url":"https:\/\/www.notibras.com\/site\/wp-content\/uploads\/2014\/07\/op1.jpg","type":"image\/jpeg"}],"author":"Reda\u00e7\u00e3o","twitter_card":"summary_large_image","twitter_creator":"@Notibras","twitter_site":"@Notibras","twitter_misc":{"Escrito por":"Reda\u00e7\u00e3o","Est. tempo de leitura":"3 minutos"},"schema":{"@context":"https:\/\/schema.org","@graph":[{"@type":"Article","@id":"https:\/\/www.notibras.com\/site\/dinheiro-privado-nas-eleicoes-corrompe-o-sistema-politico-brasileiro\/#article","isPartOf":{"@id":"https:\/\/www.notibras.com\/site\/dinheiro-privado-nas-eleicoes-corrompe-o-sistema-politico-brasileiro\/"},"author":{"name":"Reda\u00e7\u00e3o","@id":"https:\/\/www.notibras.com\/site\/#\/schema\/person\/36ab0979449956132d3e5b517ea76ac8"},"headline":"Dinheiro privado nas elei\u00e7\u00f5es corrompe nosso sistema pol\u00edtico","datePublished":"2014-07-12T23:49:01+00:00","dateModified":"2014-07-12T23:50:14+00:00","mainEntityOfPage":{"@id":"https:\/\/www.notibras.com\/site\/dinheiro-privado-nas-eleicoes-corrompe-o-sistema-politico-brasileiro\/"},"wordCount":697,"commentCount":0,"publisher":{"@id":"https:\/\/www.notibras.com\/site\/#organization"},"image":{"@id":"https:\/\/www.notibras.com\/site\/dinheiro-privado-nas-eleicoes-corrompe-o-sistema-politico-brasileiro\/#primaryimage"},"thumbnailUrl":"https:\/\/www.notibras.com\/site\/wp-content\/uploads\/2014\/07\/op1.jpg","articleSection":["Opina a\u00ed"],"inLanguage":"pt-BR","potentialAction":[{"@type":"CommentAction","name":"Comment","target":["https:\/\/www.notibras.com\/site\/dinheiro-privado-nas-eleicoes-corrompe-o-sistema-politico-brasileiro\/#respond"]}]},{"@type":"WebPage","@id":"https:\/\/www.notibras.com\/site\/dinheiro-privado-nas-eleicoes-corrompe-o-sistema-politico-brasileiro\/","url":"https:\/\/www.notibras.com\/site\/dinheiro-privado-nas-eleicoes-corrompe-o-sistema-politico-brasileiro\/","name":"Dinheiro privado nas elei\u00e7\u00f5es corrompe nosso sistema pol\u00edtico - Notibras","isPartOf":{"@id":"https:\/\/www.notibras.com\/site\/#website"},"primaryImageOfPage":{"@id":"https:\/\/www.notibras.com\/site\/dinheiro-privado-nas-eleicoes-corrompe-o-sistema-politico-brasileiro\/#primaryimage"},"image":{"@id":"https:\/\/www.notibras.com\/site\/dinheiro-privado-nas-eleicoes-corrompe-o-sistema-politico-brasileiro\/#primaryimage"},"thumbnailUrl":"https:\/\/www.notibras.com\/site\/wp-content\/uploads\/2014\/07\/op1.jpg","datePublished":"2014-07-12T23:49:01+00:00","dateModified":"2014-07-12T23:50:14+00:00","breadcrumb":{"@id":"https:\/\/www.notibras.com\/site\/dinheiro-privado-nas-eleicoes-corrompe-o-sistema-politico-brasileiro\/#breadcrumb"},"inLanguage":"pt-BR","potentialAction":[{"@type":"ReadAction","target":["https:\/\/www.notibras.com\/site\/dinheiro-privado-nas-eleicoes-corrompe-o-sistema-politico-brasileiro\/"]}]},{"@type":"ImageObject","inLanguage":"pt-BR","@id":"https:\/\/www.notibras.com\/site\/dinheiro-privado-nas-eleicoes-corrompe-o-sistema-politico-brasileiro\/#primaryimage","url":"https:\/\/www.notibras.com\/site\/wp-content\/uploads\/2014\/07\/op1.jpg","contentUrl":"https:\/\/www.notibras.com\/site\/wp-content\/uploads\/2014\/07\/op1.jpg","width":400,"height":307},{"@type":"BreadcrumbList","@id":"https:\/\/www.notibras.com\/site\/dinheiro-privado-nas-eleicoes-corrompe-o-sistema-politico-brasileiro\/#breadcrumb","itemListElement":[{"@type":"ListItem","position":1,"name":"In\u00edcio","item":"https:\/\/www.notibras.com\/site\/"},{"@type":"ListItem","position":2,"name":"Dinheiro privado nas elei\u00e7\u00f5es corrompe nosso sistema pol\u00edtico"}]},{"@type":"WebSite","@id":"https:\/\/www.notibras.com\/site\/#website","url":"https:\/\/www.notibras.com\/site\/","name":"Notibras","description":"Not\u00edcias de Bras\u00edlia, do Brasil e do Mundo","publisher":{"@id":"https:\/\/www.notibras.com\/site\/#organization"},"potentialAction":[{"@type":"SearchAction","target":{"@type":"EntryPoint","urlTemplate":"https:\/\/www.notibras.com\/site\/?s={search_term_string}"},"query-input":{"@type":"PropertyValueSpecification","valueRequired":true,"valueName":"search_term_string"}}],"inLanguage":"pt-BR"},{"@type":"Organization","@id":"https:\/\/www.notibras.com\/site\/#organization","name":"Grupo Notibras de Comunica\u00e7\u00e3o","url":"https:\/\/www.notibras.com\/site\/","logo":{"@type":"ImageObject","inLanguage":"pt-BR","@id":"https:\/\/www.notibras.com\/site\/#\/schema\/logo\/image\/","url":"https:\/\/www.notibras.com\/site\/wp-content\/uploads\/2023\/01\/notibras23.png","contentUrl":"https:\/\/www.notibras.com\/site\/wp-content\/uploads\/2023\/01\/notibras23.png","width":350,"height":87,"caption":"Grupo Notibras de Comunica\u00e7\u00e3o"},"image":{"@id":"https:\/\/www.notibras.com\/site\/#\/schema\/logo\/image\/"},"sameAs":["https:\/\/www.facebook.com\/notibras\/","https:\/\/x.com\/Notibras","https:\/\/www.instagram.com\/notibras\/"]},{"@type":"Person","@id":"https:\/\/www.notibras.com\/site\/#\/schema\/person\/36ab0979449956132d3e5b517ea76ac8","name":"Reda\u00e7\u00e3o","image":{"@type":"ImageObject","inLanguage":"pt-BR","@id":"https:\/\/secure.gravatar.com\/avatar\/e0a867bdedb85fd243eadf09663511f96fc81e0720a4a42581f334ad4303aa6b?s=96&d=mm&r=g","url":"https:\/\/secure.gravatar.com\/avatar\/e0a867bdedb85fd243eadf09663511f96fc81e0720a4a42581f334ad4303aa6b?s=96&d=mm&r=g","contentUrl":"https:\/\/secure.gravatar.com\/avatar\/e0a867bdedb85fd243eadf09663511f96fc81e0720a4a42581f334ad4303aa6b?s=96&d=mm&r=g","caption":"Reda\u00e7\u00e3o"}}]}},"amp_enabled":true,"_links":{"self":[{"href":"https:\/\/www.notibras.com\/site\/wp-json\/wp\/v2\/posts\/16074","targetHints":{"allow":["GET"]}}],"collection":[{"href":"https:\/\/www.notibras.com\/site\/wp-json\/wp\/v2\/posts"}],"about":[{"href":"https:\/\/www.notibras.com\/site\/wp-json\/wp\/v2\/types\/post"}],"author":[{"embeddable":true,"href":"https:\/\/www.notibras.com\/site\/wp-json\/wp\/v2\/users\/2"}],"replies":[{"embeddable":true,"href":"https:\/\/www.notibras.com\/site\/wp-json\/wp\/v2\/comments?post=16074"}],"version-history":[{"count":0,"href":"https:\/\/www.notibras.com\/site\/wp-json\/wp\/v2\/posts\/16074\/revisions"}],"wp:featuredmedia":[{"embeddable":true,"href":"https:\/\/www.notibras.com\/site\/wp-json\/wp\/v2\/media\/16075"}],"wp:attachment":[{"href":"https:\/\/www.notibras.com\/site\/wp-json\/wp\/v2\/media?parent=16074"}],"wp:term":[{"taxonomy":"category","embeddable":true,"href":"https:\/\/www.notibras.com\/site\/wp-json\/wp\/v2\/categories?post=16074"},{"taxonomy":"post_tag","embeddable":true,"href":"https:\/\/www.notibras.com\/site\/wp-json\/wp\/v2\/tags?post=16074"}],"curies":[{"name":"wp","href":"https:\/\/api.w.org\/{rel}","templated":true}]}}