{"id":16118,"date":"2014-07-13T17:55:43","date_gmt":"2014-07-13T20:55:43","guid":{"rendered":"http:\/\/www.notibras.com\/site\/?p=16118"},"modified":"2014-07-14T09:08:37","modified_gmt":"2014-07-14T12:08:37","slug":"pancadaria-e-prisoes-marcam-ato-contra-a-prisao-de-ativistas-no-rio","status":"publish","type":"post","link":"https:\/\/www.notibras.com\/site\/pancadaria-e-prisoes-marcam-ato-contra-a-prisao-de-ativistas-no-rio\/","title":{"rendered":"Pancadaria e uso de g\u00e1s marcam o ato dos cariocas"},"content":{"rendered":"<p>Mais de 500 pessoas se concentraram no in\u00edcio da tarde deste domingo 13 na Pra\u00e7a Saens Pena, no Rio, de onde sa\u00edram em passeata em dire\u00e7\u00e3o ao Maracan\u00e3 &#8211; que sediou a partida final da Copa da Fifa. No trajeto, pancadaria. E pris\u00f5es.<\/p>\n<p>A manifesta\u00e7\u00e3o, que j\u00e1 ganhava novos seguidores, foi dispersada por policiais com g\u00e1s lacrimog\u00eaneo e bombas de efeito moral. O grupo gritava palavras de ordem contra os 26 mandados de pris\u00e3o tempor\u00e1ria expedidos pela Justi\u00e7a no s\u00e1bado contra ativistas e pedia liberdade de manifesta\u00e7\u00e3o.<\/p>\n<p>Eles foram acompanhados por um grande contingente da Pol\u00edcia Militar. A duas quadras da pra\u00e7a, na rua Conde de Bonfim, foram impedidos\u00a0de continuar.\u00a0Quando voltaram, a confus\u00e3o aumentou e quatro pessoas foram detidas e levadas para a 21\u00aa DP. Ao menos 11 pessoas sofreram ferimentos.<\/p>\n<blockquote><p>A cada nova tentativa de sa\u00edda dos manifestantes, houve mais bombas. A cavalaria da PM tamb\u00e9m foi acionada, e os policiais chegaram a desembainhar as espadas para dispersar os manifestantes.<\/p><\/blockquote>\n<p>Segundo socorristas volunt\u00e1rios, foi atendido um policial com dedo quebrado, um rapaz que teve um dente quebrado, um manifestante com uma les\u00e3o na costela e outro com suspeita de bra\u00e7o quebrado. Um fot\u00f3grafo foi ferido na barriga e nas costas\u00a0com estilha\u00e7os de bomba de efeito moral.<\/p>\n<p class=\"text\">Al\u00e9m deles, o\u00a0fot\u00f3grafo peruano\u00a0Boris Mercado, 25, \u00a0que veio ao Brasil especialmente para cobrir a Copa, acabou jogado no ch\u00e3o por PMs ao tentar fotografar a pol\u00edcia agredindo os manifestantes. Ele chegou a ser detido e foi liberado ap\u00f3s dizer que era rep\u00f3rter.<\/p>\n<blockquote>\n<p class=\"text\">&#8220;\u00c9 triste ver a pol\u00edcia reprimir comunicadores, que s\u00e3o observadores, nada mais. Usam a viol\u00eancia como primeira ferramenta&#8221;, afirmou.<\/p>\n<\/blockquote>\n","protected":false},"excerpt":{"rendered":"<p>Mais de 500 pessoas se concentraram no in\u00edcio da tarde deste domingo 13 na Pra\u00e7a Saens Pena, no Rio, de onde sa\u00edram em passeata em dire\u00e7\u00e3o ao Maracan\u00e3 &#8211; que sediou a partida final da Copa da Fifa. No trajeto, pancadaria. E pris\u00f5es. A manifesta\u00e7\u00e3o, que j\u00e1 ganhava novos seguidores, foi dispersada por policiais com [&hellip;]<\/p>\n","protected":false},"author":2,"featured_media":16119,"comment_status":"open","ping_status":"closed","sticky":false,"template":"","format":"standard","meta":{"_acf_changed":false,"footnotes":""},"categories":[16],"tags":[],"class_list":["post-16118","post","type-post","status-publish","format-standard","has-post-thumbnail","hentry","category-brasil"],"acf":[],"_links":{"self":[{"href":"https:\/\/www.notibras.com\/site\/wp-json\/wp\/v2\/posts\/16118","targetHints":{"allow":["GET"]}}],"collection":[{"href":"https:\/\/www.notibras.com\/site\/wp-json\/wp\/v2\/posts"}],"about":[{"href":"https:\/\/www.notibras.com\/site\/wp-json\/wp\/v2\/types\/post"}],"author":[{"embeddable":true,"href":"https:\/\/www.notibras.com\/site\/wp-json\/wp\/v2\/users\/2"}],"replies":[{"embeddable":true,"href":"https:\/\/www.notibras.com\/site\/wp-json\/wp\/v2\/comments?post=16118"}],"version-history":[{"count":0,"href":"https:\/\/www.notibras.com\/site\/wp-json\/wp\/v2\/posts\/16118\/revisions"}],"wp:featuredmedia":[{"embeddable":true,"href":"https:\/\/www.notibras.com\/site\/wp-json\/wp\/v2\/media\/16119"}],"wp:attachment":[{"href":"https:\/\/www.notibras.com\/site\/wp-json\/wp\/v2\/media?parent=16118"}],"wp:term":[{"taxonomy":"category","embeddable":true,"href":"https:\/\/www.notibras.com\/site\/wp-json\/wp\/v2\/categories?post=16118"},{"taxonomy":"post_tag","embeddable":true,"href":"https:\/\/www.notibras.com\/site\/wp-json\/wp\/v2\/tags?post=16118"}],"curies":[{"name":"wp","href":"https:\/\/api.w.org\/{rel}","templated":true}]}}