{"id":16167,"date":"2014-07-14T07:58:45","date_gmt":"2014-07-14T10:58:45","guid":{"rendered":"http:\/\/www.notibras.com\/site\/?p=16167"},"modified":"2014-07-14T07:58:45","modified_gmt":"2014-07-14T10:58:45","slug":"brasiliense-se-une-a-alemaes-na-fan-fest-e-grita-fora-argentinos","status":"publish","type":"post","link":"https:\/\/www.notibras.com\/site\/brasiliense-se-une-a-alemaes-na-fan-fest-e-grita-fora-argentinos\/","title":{"rendered":"Brasiliense se une a alem\u00e3es na Fan Fest e grita &#8216;Fora, argentinos&#8217;"},"content":{"rendered":"<p>Aos gritos de \u201c\u00c9 tetracampe\u00e3\u201d e \u201cFora Messi\u201d, cerca de 15 mil torcedores que acompanharam a final da Copa do Mundo pelos tel\u00f5es instalados na Fifa Fan Fest, em Taguatinga, celebraram o tetracampeonato da sele\u00e7\u00e3o alem\u00e3.<\/p>\n<p>Depois de sofrer por 120 minutos, o comerciante Maximiliano Haedo, 34 anos, de Buenos Aires, n\u00e3o conseguia esconder a tristeza enrolado em uma bandeira azul e branca.<\/p>\n<p>\u201cO sonho acabou. Estou muito triste. Foi muito sofrido\u201d, disse ele, que logo ap\u00f3s a partida foi embora com dois amigos. Eles vieram assistir ao jogo entre Brasil e Holanda no Est\u00e1dio Nacional de Bras\u00edlia, o Man\u00e9 Garrincha, mas, como n\u00e3o conseguiram ingressos para a final, resolveram ficar na capital federal.<\/p>\n<p>Vestido com uma camisa da sele\u00e7\u00e3o alem\u00e3, o motorista Silvio Rodrigues, 45 anos, disse que a Alemanha apresentou o melhor futebol e merecia ganhar. \u201cO time teve organiza\u00e7\u00e3o em campo desde o in\u00edcio do Mundial. Deu gosto de ver o time jogar. As duas sele\u00e7\u00f5es jogaram bem, foram dignas de uma final\u201d.<\/p>\n<p>A professora de ensino fundamental Luc\u00e9lia Ester Berto, 35 anos, veio com parentes e amigos torcer pela Alemanha. \u201cN\u00e3o queria que a Argentina ganhasse no Maracan\u00e3. Foi um jogo emocionante e um placar justo.\u201d<\/p>\n<p>J\u00e1 a analista de sistemas Elis\u00e2ngela Kanacilo, 36 anos, estava torcendo pela Argentina por causa do namorado Matias Sernagoras, 37. O comerciante da cidade de San Bernardo, na prov\u00edncia de Buenos Aires, continuou gritando \u201csomos campe\u00f5es\u201d mesmo ap\u00f3s a derrota. \u201cFoi um grande jogo. Temos que continuar apoiando nossos jogadores sempre\u201d, disse.<\/p>\n","protected":false},"excerpt":{"rendered":"<p>Aos gritos de \u201c\u00c9 tetracampe\u00e3\u201d e \u201cFora Messi\u201d, cerca de 15 mil torcedores que acompanharam a final da Copa do Mundo pelos tel\u00f5es instalados na Fifa Fan Fest, em Taguatinga, celebraram o tetracampeonato da sele\u00e7\u00e3o alem\u00e3. Depois de sofrer por 120 minutos, o comerciante Maximiliano Haedo, 34 anos, de Buenos Aires, n\u00e3o conseguia esconder a [&hellip;]<\/p>\n","protected":false},"author":2,"featured_media":16168,"comment_status":"open","ping_status":"closed","sticky":false,"template":"","format":"standard","meta":{"_acf_changed":false,"footnotes":""},"categories":[1],"tags":[],"class_list":["post-16167","post","type-post","status-publish","format-standard","has-post-thumbnail","hentry","category-brasilia"],"acf":[],"_links":{"self":[{"href":"https:\/\/www.notibras.com\/site\/wp-json\/wp\/v2\/posts\/16167","targetHints":{"allow":["GET"]}}],"collection":[{"href":"https:\/\/www.notibras.com\/site\/wp-json\/wp\/v2\/posts"}],"about":[{"href":"https:\/\/www.notibras.com\/site\/wp-json\/wp\/v2\/types\/post"}],"author":[{"embeddable":true,"href":"https:\/\/www.notibras.com\/site\/wp-json\/wp\/v2\/users\/2"}],"replies":[{"embeddable":true,"href":"https:\/\/www.notibras.com\/site\/wp-json\/wp\/v2\/comments?post=16167"}],"version-history":[{"count":0,"href":"https:\/\/www.notibras.com\/site\/wp-json\/wp\/v2\/posts\/16167\/revisions"}],"wp:featuredmedia":[{"embeddable":true,"href":"https:\/\/www.notibras.com\/site\/wp-json\/wp\/v2\/media\/16168"}],"wp:attachment":[{"href":"https:\/\/www.notibras.com\/site\/wp-json\/wp\/v2\/media?parent=16167"}],"wp:term":[{"taxonomy":"category","embeddable":true,"href":"https:\/\/www.notibras.com\/site\/wp-json\/wp\/v2\/categories?post=16167"},{"taxonomy":"post_tag","embeddable":true,"href":"https:\/\/www.notibras.com\/site\/wp-json\/wp\/v2\/tags?post=16167"}],"curies":[{"name":"wp","href":"https:\/\/api.w.org\/{rel}","templated":true}]}}