{"id":16224,"date":"2014-07-14T19:25:06","date_gmt":"2014-07-14T22:25:06","guid":{"rendered":"http:\/\/www.notibras.com\/site\/?p=16224"},"modified":"2014-07-14T19:25:06","modified_gmt":"2014-07-14T22:25:06","slug":"meu-nome-e-alexandre-mas-pode-me-chamar-so-por-cristiano","status":"publish","type":"post","link":"https:\/\/www.notibras.com\/site\/meu-nome-e-alexandre-mas-pode-me-chamar-so-por-cristiano\/","title":{"rendered":"Meu nome \u00e9 Alexandre, mas pode me chamar s\u00f3 por Cristiano"},"content":{"rendered":"<p>O pior de tudo s\u00e3o as facadas nas costas: Em 1950, os tr\u00eas principais candidatos \u00e0 Presid\u00eancia da Rep\u00fablica eram Get\u00falio Vargas (PTB), ex-ditador de inspira\u00e7\u00e3o nazifascista que a m\u00e3o oculta dos EUA contribu\u00edra para expelir do poder ao fim da II Guerra Mundial, da\u00ed ter assumido o nacionalismo como seu novo figurino pol\u00edtico, com o apoio oportunista do PCB (convenientemente esquecido de que fora a principal v\u00edtima da bestialidade de Filinto M\u00fcller e sua pol\u00edcia pol\u00edtica); o brigadeiro Eduardo Gomes, que conferia alguma respeitabilidade ao moralismo ran\u00e7oso da UDN por ser, pessoalmente, um homem \u00edntegro; e Cristiano Machado (PSD), deputado mineiro em duas Constituintes.<\/p>\n<p>Percebendo que as chances de Cristiano eram \u00ednfimas, muitos l\u00edderes do PSD mantiveram seu apoio formal a ele, mas, por baixo do pano, favoreceram descaradamente a candidatura de Vargas. Foi como se originou o uso da palavra cristianiza\u00e7\u00e3o para, no jarg\u00e3o pol\u00edtico, designar candidatos tra\u00eddos pelos pr\u00f3prios partidos na campanha eleitoral.<\/p>\n<p>O mais novo exemplar desta fauna \u00e9 o ex-ministro da Sa\u00fade Alexandre Padilha, com quem o PT (leia-se Lula) contava para, finalmente, enxotar os tucanos do Pal\u00e1cio dos Bandeirantes, no qual est\u00e3o empoleirados h\u00e1 duas d\u00e9cadas.<\/p>\n<p>Mas, ao constatar que a candidatura de Padilha dificilmente decolaria, o partido oPTou (lembram-se dos adesivos? Bons tempos&#8230;) por sua cristianiza\u00e7\u00e3o, igualmente descarada. Qualquer semelhan\u00e7a&#8230;<\/p>\n<p>Primeiramente, estimulou a decis\u00e3o do PSD de Gilberto Kassab, de trair Alckmin e apoiar o peemedebista Paulo Skaf; e do PP de Paulo Maluf, de renegar a alian\u00e7a j\u00e1 firmada com Padilha, pulando para o galho do Skaf.<\/p>\n<p>O tiro de miseric\u00f3rdia veio com a entrevista do ministro da Secretaria de Rela\u00e7\u00f5es Institucionais, Ricardo Berzoini, \u00e0 Rede Brasil Atual.<\/p>\n<p>Berzoini simplesmente informa que o PT adotar\u00e1 uma posi\u00e7\u00e3o de neutralidade em rela\u00e7\u00e3o \u00e0s duas candidaturas, a pr\u00f3pria e a peemedebista, evitando indispor-se com a segunda, pois (admite, mais uma vez descaradamente) pretende apoi\u00e1-la no 2\u00ba turno. Leiam e constatem:<\/p>\n<blockquote><p>&#8220;Onde h\u00e1 mais de um [candidato da base governista], n\u00f3s temos que definir como n\u00f3s vamos nos relacionar sem atrapalhar as campanhas de cada um (&#8230;). Em S\u00e3o Paulo, n\u00e3o haver\u00e1 uma escolha, haver\u00e1 o reconhecimento de que n\u00f3s temos duas candidaturas fortes. (&#8230;) Hoje, uma delas se apresenta com mais inten\u00e7\u00e3o de votos (&#8230;), mas n\u00f3s acreditamos que isso \u00e9 muito din\u00e2mico e n\u00e3o necessariamente se manter\u00e1 assim. Vamos trabalhar tanto a rela\u00e7\u00e3o com a campanha do Skaf quanto com a campanha do Padilha.<\/p><\/blockquote>\n<p>N\u00e3o ter conflito \u00e9 o desejo. Isso se constr\u00f3i. (&#8230;) No primeiro [turno], cada um tem de buscar todas as positividades poss\u00edveis. No segundo, dependendo de quem for, se estabelece o contradit\u00f3rio. Ent\u00e3o n\u00e3o h\u00e1 raz\u00e3o a priori para ficar Skaf procurando problema com o Padilha e o Padilha com o Skaf&#8221;.<\/p>\n<p>Berzoini: &#8220;N\u00f3s temos duas candidaturas fortes&#8221;. Ou seja, o candidato da Federa\u00e7\u00e3o das Ind\u00fastrias do Estado de S\u00e3o Paulo, al\u00e9m de ser mais rico (seu patrim\u00f4nio pessoal declarado cresceu 60% desde a \u00faltima elei\u00e7\u00e3o, estando hoje na casa de R$ 17,7 milh\u00f5es), mais simp\u00e1tico aos ricos, mais charmoso e melhor situado nas pesquisas eleitorais, contar\u00e1 com a neutralidade do partido que det\u00e9m o poder federal e com a certeza de que o candidato do dito cujo evitar\u00e1 bater pesado nele, pois a ordem para o Padilha \u00e9 n\u00e3o ficar &#8220;procurando problema (&#8230;) com o Skaf&#8221;.<\/p>\n<p>O que lhe restar\u00e1, como trunfo para tentar virar este jogo de cartas marcadas? Apenas o programa Mais M\u00e9dicos (que \u00e9 pol\u00eamico em demasia para ser trombeteado ad nauseam em campanha, havendo risco de, sob contra-ataque dos advers\u00e1rios, tornar-se um tiro no p\u00e9). Pois, quase desconhecido, Padilha \u00e9 samba de uma nota s\u00f3.<\/p>\n<blockquote><p>Nos bons tempos, o PT s\u00f3 vinha aqui para protestar. Poderia, certamente, unir os eleitores petistas em torno de si lembrando que o partido nasceu das refregas com a Fiesp e que Skaf \u00e9 um inimigo de classe por excel\u00eancia. S\u00f3 mesmo na geleia geral brasileira os ditos defensores dos trabalhadores se mancomunam descaradamente (o termo \u00e9 novamente obrigat\u00f3rio&#8230;) com os baluartes do patronato.<\/p><\/blockquote>\n<p>Mas, se as m\u00e3os do cristianizado Padilha estar\u00e3o atadas pela pol\u00edtica de n\u00e3o-agress\u00e3o ordenada por Berzoini, que chances ainda lhe restam? Nenhuma. Seria melhor desistir de uma vez, dando ao PT liberdade para celebrar desde j\u00e1 o pacto mefistof\u00e9lico com o grande capital, se este \u00e9 seu desejo.<\/p>\n<p>Sartre dizia que fazer pol\u00edtica \u00e9 enfiar a m\u00e3o no sangue e na m&#8230; Finda a ditadura, sobrou a segunda, cada vez mais abundante, pois o descaramento n\u00e3o tem limite.<\/p>\n<p><strong>\u00a0Celso Lungaretti<\/strong><\/p>\n","protected":false},"excerpt":{"rendered":"<p>O pior de tudo s\u00e3o as facadas nas costas: Em 1950, os tr\u00eas principais candidatos \u00e0 Presid\u00eancia da Rep\u00fablica eram Get\u00falio Vargas (PTB), ex-ditador de inspira\u00e7\u00e3o nazifascista que a m\u00e3o oculta dos EUA contribu\u00edra para expelir do poder ao fim da II Guerra Mundial, da\u00ed ter assumido o nacionalismo como seu novo figurino pol\u00edtico, com [&hellip;]<\/p>\n","protected":false},"author":2,"featured_media":16225,"comment_status":"open","ping_status":"closed","sticky":false,"template":"","format":"standard","meta":{"_acf_changed":false,"footnotes":""},"categories":[25],"tags":[],"class_list":["post-16224","post","type-post","status-publish","format-standard","has-post-thumbnail","hentry","category-opina-ai"],"acf":[],"yoast_head":"<!-- This site is optimized with the Yoast SEO plugin v27.5 - https:\/\/yoast.com\/product\/yoast-seo-wordpress\/ -->\n<title>Meu nome \u00e9 Alexandre, mas pode me chamar s\u00f3 por Cristiano - Notibras<\/title>\n<meta name=\"robots\" content=\"index, follow, max-snippet:-1, max-image-preview:large, max-video-preview:-1\" \/>\n<link rel=\"canonical\" href=\"https:\/\/www.notibras.com\/site\/meu-nome-e-alexandre-mas-pode-me-chamar-so-por-cristiano\/\" \/>\n<meta property=\"og:locale\" content=\"pt_BR\" \/>\n<meta property=\"og:type\" content=\"article\" \/>\n<meta property=\"og:title\" content=\"Meu nome \u00e9 Alexandre, mas pode me chamar s\u00f3 por Cristiano - Notibras\" \/>\n<meta property=\"og:description\" content=\"O pior de tudo s\u00e3o as facadas nas costas: Em 1950, os tr\u00eas principais candidatos \u00e0 Presid\u00eancia da Rep\u00fablica eram Get\u00falio Vargas (PTB), ex-ditador de inspira\u00e7\u00e3o nazifascista que a m\u00e3o oculta dos EUA contribu\u00edra para expelir do poder ao fim da II Guerra Mundial, da\u00ed ter assumido o nacionalismo como seu novo figurino pol\u00edtico, com [&hellip;]\" \/>\n<meta property=\"og:url\" content=\"https:\/\/www.notibras.com\/site\/meu-nome-e-alexandre-mas-pode-me-chamar-so-por-cristiano\/\" \/>\n<meta property=\"og:site_name\" content=\"Notibras\" \/>\n<meta property=\"article:publisher\" content=\"https:\/\/www.facebook.com\/notibras\/\" \/>\n<meta property=\"article:published_time\" content=\"2014-07-14T22:25:06+00:00\" \/>\n<meta property=\"og:image\" content=\"https:\/\/www.notibras.com\/site\/wp-content\/uploads\/2014\/07\/opi1-scaled.jpg\" \/>\n\t<meta property=\"og:image:width\" content=\"2560\" \/>\n\t<meta property=\"og:image:height\" content=\"1587\" \/>\n\t<meta property=\"og:image:type\" content=\"image\/jpeg\" \/>\n<meta name=\"author\" content=\"Reda\u00e7\u00e3o\" \/>\n<meta name=\"twitter:card\" content=\"summary_large_image\" \/>\n<meta name=\"twitter:creator\" content=\"@Notibras\" \/>\n<meta name=\"twitter:site\" content=\"@Notibras\" \/>\n<meta name=\"twitter:label1\" content=\"Escrito por\" \/>\n\t<meta name=\"twitter:data1\" content=\"Reda\u00e7\u00e3o\" \/>\n\t<meta name=\"twitter:label2\" content=\"Est. tempo de leitura\" \/>\n\t<meta name=\"twitter:data2\" content=\"4 minutos\" \/>\n<script type=\"application\/ld+json\" class=\"yoast-schema-graph\">{\"@context\":\"https:\\\/\\\/schema.org\",\"@graph\":[{\"@type\":\"Article\",\"@id\":\"https:\\\/\\\/www.notibras.com\\\/site\\\/meu-nome-e-alexandre-mas-pode-me-chamar-so-por-cristiano\\\/#article\",\"isPartOf\":{\"@id\":\"https:\\\/\\\/www.notibras.com\\\/site\\\/meu-nome-e-alexandre-mas-pode-me-chamar-so-por-cristiano\\\/\"},\"author\":{\"name\":\"Reda\u00e7\u00e3o\",\"@id\":\"https:\\\/\\\/www.notibras.com\\\/site\\\/#\\\/schema\\\/person\\\/36ab0979449956132d3e5b517ea76ac8\"},\"headline\":\"Meu nome \u00e9 Alexandre, mas pode me chamar s\u00f3 por Cristiano\",\"datePublished\":\"2014-07-14T22:25:06+00:00\",\"mainEntityOfPage\":{\"@id\":\"https:\\\/\\\/www.notibras.com\\\/site\\\/meu-nome-e-alexandre-mas-pode-me-chamar-so-por-cristiano\\\/\"},\"wordCount\":810,\"commentCount\":0,\"publisher\":{\"@id\":\"https:\\\/\\\/www.notibras.com\\\/site\\\/#organization\"},\"image\":{\"@id\":\"https:\\\/\\\/www.notibras.com\\\/site\\\/meu-nome-e-alexandre-mas-pode-me-chamar-so-por-cristiano\\\/#primaryimage\"},\"thumbnailUrl\":\"https:\\\/\\\/www.notibras.com\\\/site\\\/wp-content\\\/uploads\\\/2014\\\/07\\\/opi1-scaled.jpg\",\"articleSection\":[\"Opina a\u00ed\"],\"inLanguage\":\"pt-BR\",\"potentialAction\":[{\"@type\":\"CommentAction\",\"name\":\"Comment\",\"target\":[\"https:\\\/\\\/www.notibras.com\\\/site\\\/meu-nome-e-alexandre-mas-pode-me-chamar-so-por-cristiano\\\/#respond\"]}]},{\"@type\":\"WebPage\",\"@id\":\"https:\\\/\\\/www.notibras.com\\\/site\\\/meu-nome-e-alexandre-mas-pode-me-chamar-so-por-cristiano\\\/\",\"url\":\"https:\\\/\\\/www.notibras.com\\\/site\\\/meu-nome-e-alexandre-mas-pode-me-chamar-so-por-cristiano\\\/\",\"name\":\"Meu nome \u00e9 Alexandre, mas pode me chamar s\u00f3 por Cristiano - Notibras\",\"isPartOf\":{\"@id\":\"https:\\\/\\\/www.notibras.com\\\/site\\\/#website\"},\"primaryImageOfPage\":{\"@id\":\"https:\\\/\\\/www.notibras.com\\\/site\\\/meu-nome-e-alexandre-mas-pode-me-chamar-so-por-cristiano\\\/#primaryimage\"},\"image\":{\"@id\":\"https:\\\/\\\/www.notibras.com\\\/site\\\/meu-nome-e-alexandre-mas-pode-me-chamar-so-por-cristiano\\\/#primaryimage\"},\"thumbnailUrl\":\"https:\\\/\\\/www.notibras.com\\\/site\\\/wp-content\\\/uploads\\\/2014\\\/07\\\/opi1-scaled.jpg\",\"datePublished\":\"2014-07-14T22:25:06+00:00\",\"breadcrumb\":{\"@id\":\"https:\\\/\\\/www.notibras.com\\\/site\\\/meu-nome-e-alexandre-mas-pode-me-chamar-so-por-cristiano\\\/#breadcrumb\"},\"inLanguage\":\"pt-BR\",\"potentialAction\":[{\"@type\":\"ReadAction\",\"target\":[\"https:\\\/\\\/www.notibras.com\\\/site\\\/meu-nome-e-alexandre-mas-pode-me-chamar-so-por-cristiano\\\/\"]}]},{\"@type\":\"ImageObject\",\"inLanguage\":\"pt-BR\",\"@id\":\"https:\\\/\\\/www.notibras.com\\\/site\\\/meu-nome-e-alexandre-mas-pode-me-chamar-so-por-cristiano\\\/#primaryimage\",\"url\":\"https:\\\/\\\/www.notibras.com\\\/site\\\/wp-content\\\/uploads\\\/2014\\\/07\\\/opi1-scaled.jpg\",\"contentUrl\":\"https:\\\/\\\/www.notibras.com\\\/site\\\/wp-content\\\/uploads\\\/2014\\\/07\\\/opi1-scaled.jpg\",\"width\":2560,\"height\":1587},{\"@type\":\"BreadcrumbList\",\"@id\":\"https:\\\/\\\/www.notibras.com\\\/site\\\/meu-nome-e-alexandre-mas-pode-me-chamar-so-por-cristiano\\\/#breadcrumb\",\"itemListElement\":[{\"@type\":\"ListItem\",\"position\":1,\"name\":\"In\u00edcio\",\"item\":\"https:\\\/\\\/www.notibras.com\\\/site\\\/\"},{\"@type\":\"ListItem\",\"position\":2,\"name\":\"Meu nome \u00e9 Alexandre, mas pode me chamar s\u00f3 por Cristiano\"}]},{\"@type\":\"WebSite\",\"@id\":\"https:\\\/\\\/www.notibras.com\\\/site\\\/#website\",\"url\":\"https:\\\/\\\/www.notibras.com\\\/site\\\/\",\"name\":\"Notibras\",\"description\":\"Not\u00edcias de Bras\u00edlia, do Brasil e do Mundo\",\"publisher\":{\"@id\":\"https:\\\/\\\/www.notibras.com\\\/site\\\/#organization\"},\"potentialAction\":[{\"@type\":\"SearchAction\",\"target\":{\"@type\":\"EntryPoint\",\"urlTemplate\":\"https:\\\/\\\/www.notibras.com\\\/site\\\/?s={search_term_string}\"},\"query-input\":{\"@type\":\"PropertyValueSpecification\",\"valueRequired\":true,\"valueName\":\"search_term_string\"}}],\"inLanguage\":\"pt-BR\"},{\"@type\":\"Organization\",\"@id\":\"https:\\\/\\\/www.notibras.com\\\/site\\\/#organization\",\"name\":\"Grupo Notibras de Comunica\u00e7\u00e3o\",\"url\":\"https:\\\/\\\/www.notibras.com\\\/site\\\/\",\"logo\":{\"@type\":\"ImageObject\",\"inLanguage\":\"pt-BR\",\"@id\":\"https:\\\/\\\/www.notibras.com\\\/site\\\/#\\\/schema\\\/logo\\\/image\\\/\",\"url\":\"https:\\\/\\\/www.notibras.com\\\/site\\\/wp-content\\\/uploads\\\/2023\\\/01\\\/notibras23.png\",\"contentUrl\":\"https:\\\/\\\/www.notibras.com\\\/site\\\/wp-content\\\/uploads\\\/2023\\\/01\\\/notibras23.png\",\"width\":350,\"height\":87,\"caption\":\"Grupo Notibras de Comunica\u00e7\u00e3o\"},\"image\":{\"@id\":\"https:\\\/\\\/www.notibras.com\\\/site\\\/#\\\/schema\\\/logo\\\/image\\\/\"},\"sameAs\":[\"https:\\\/\\\/www.facebook.com\\\/notibras\\\/\",\"https:\\\/\\\/x.com\\\/Notibras\",\"https:\\\/\\\/www.instagram.com\\\/notibras\\\/\"]},{\"@type\":\"Person\",\"@id\":\"https:\\\/\\\/www.notibras.com\\\/site\\\/#\\\/schema\\\/person\\\/36ab0979449956132d3e5b517ea76ac8\",\"name\":\"Reda\u00e7\u00e3o\",\"image\":{\"@type\":\"ImageObject\",\"inLanguage\":\"pt-BR\",\"@id\":\"https:\\\/\\\/secure.gravatar.com\\\/avatar\\\/e0a867bdedb85fd243eadf09663511f96fc81e0720a4a42581f334ad4303aa6b?s=96&d=mm&r=g\",\"url\":\"https:\\\/\\\/secure.gravatar.com\\\/avatar\\\/e0a867bdedb85fd243eadf09663511f96fc81e0720a4a42581f334ad4303aa6b?s=96&d=mm&r=g\",\"contentUrl\":\"https:\\\/\\\/secure.gravatar.com\\\/avatar\\\/e0a867bdedb85fd243eadf09663511f96fc81e0720a4a42581f334ad4303aa6b?s=96&d=mm&r=g\",\"caption\":\"Reda\u00e7\u00e3o\"}}]}<\/script>\n<!-- \/ Yoast SEO plugin. -->","yoast_head_json":{"title":"Meu nome \u00e9 Alexandre, mas pode me chamar s\u00f3 por Cristiano - Notibras","robots":{"index":"index","follow":"follow","max-snippet":"max-snippet:-1","max-image-preview":"max-image-preview:large","max-video-preview":"max-video-preview:-1"},"canonical":"https:\/\/www.notibras.com\/site\/meu-nome-e-alexandre-mas-pode-me-chamar-so-por-cristiano\/","og_locale":"pt_BR","og_type":"article","og_title":"Meu nome \u00e9 Alexandre, mas pode me chamar s\u00f3 por Cristiano - Notibras","og_description":"O pior de tudo s\u00e3o as facadas nas costas: Em 1950, os tr\u00eas principais candidatos \u00e0 Presid\u00eancia da Rep\u00fablica eram Get\u00falio Vargas (PTB), ex-ditador de inspira\u00e7\u00e3o nazifascista que a m\u00e3o oculta dos EUA contribu\u00edra para expelir do poder ao fim da II Guerra Mundial, da\u00ed ter assumido o nacionalismo como seu novo figurino pol\u00edtico, com [&hellip;]","og_url":"https:\/\/www.notibras.com\/site\/meu-nome-e-alexandre-mas-pode-me-chamar-so-por-cristiano\/","og_site_name":"Notibras","article_publisher":"https:\/\/www.facebook.com\/notibras\/","article_published_time":"2014-07-14T22:25:06+00:00","og_image":[{"width":2560,"height":1587,"url":"https:\/\/www.notibras.com\/site\/wp-content\/uploads\/2014\/07\/opi1-scaled.jpg","type":"image\/jpeg"}],"author":"Reda\u00e7\u00e3o","twitter_card":"summary_large_image","twitter_creator":"@Notibras","twitter_site":"@Notibras","twitter_misc":{"Escrito por":"Reda\u00e7\u00e3o","Est. tempo de leitura":"4 minutos"},"schema":{"@context":"https:\/\/schema.org","@graph":[{"@type":"Article","@id":"https:\/\/www.notibras.com\/site\/meu-nome-e-alexandre-mas-pode-me-chamar-so-por-cristiano\/#article","isPartOf":{"@id":"https:\/\/www.notibras.com\/site\/meu-nome-e-alexandre-mas-pode-me-chamar-so-por-cristiano\/"},"author":{"name":"Reda\u00e7\u00e3o","@id":"https:\/\/www.notibras.com\/site\/#\/schema\/person\/36ab0979449956132d3e5b517ea76ac8"},"headline":"Meu nome \u00e9 Alexandre, mas pode me chamar s\u00f3 por Cristiano","datePublished":"2014-07-14T22:25:06+00:00","mainEntityOfPage":{"@id":"https:\/\/www.notibras.com\/site\/meu-nome-e-alexandre-mas-pode-me-chamar-so-por-cristiano\/"},"wordCount":810,"commentCount":0,"publisher":{"@id":"https:\/\/www.notibras.com\/site\/#organization"},"image":{"@id":"https:\/\/www.notibras.com\/site\/meu-nome-e-alexandre-mas-pode-me-chamar-so-por-cristiano\/#primaryimage"},"thumbnailUrl":"https:\/\/www.notibras.com\/site\/wp-content\/uploads\/2014\/07\/opi1-scaled.jpg","articleSection":["Opina a\u00ed"],"inLanguage":"pt-BR","potentialAction":[{"@type":"CommentAction","name":"Comment","target":["https:\/\/www.notibras.com\/site\/meu-nome-e-alexandre-mas-pode-me-chamar-so-por-cristiano\/#respond"]}]},{"@type":"WebPage","@id":"https:\/\/www.notibras.com\/site\/meu-nome-e-alexandre-mas-pode-me-chamar-so-por-cristiano\/","url":"https:\/\/www.notibras.com\/site\/meu-nome-e-alexandre-mas-pode-me-chamar-so-por-cristiano\/","name":"Meu nome \u00e9 Alexandre, mas pode me chamar s\u00f3 por Cristiano - Notibras","isPartOf":{"@id":"https:\/\/www.notibras.com\/site\/#website"},"primaryImageOfPage":{"@id":"https:\/\/www.notibras.com\/site\/meu-nome-e-alexandre-mas-pode-me-chamar-so-por-cristiano\/#primaryimage"},"image":{"@id":"https:\/\/www.notibras.com\/site\/meu-nome-e-alexandre-mas-pode-me-chamar-so-por-cristiano\/#primaryimage"},"thumbnailUrl":"https:\/\/www.notibras.com\/site\/wp-content\/uploads\/2014\/07\/opi1-scaled.jpg","datePublished":"2014-07-14T22:25:06+00:00","breadcrumb":{"@id":"https:\/\/www.notibras.com\/site\/meu-nome-e-alexandre-mas-pode-me-chamar-so-por-cristiano\/#breadcrumb"},"inLanguage":"pt-BR","potentialAction":[{"@type":"ReadAction","target":["https:\/\/www.notibras.com\/site\/meu-nome-e-alexandre-mas-pode-me-chamar-so-por-cristiano\/"]}]},{"@type":"ImageObject","inLanguage":"pt-BR","@id":"https:\/\/www.notibras.com\/site\/meu-nome-e-alexandre-mas-pode-me-chamar-so-por-cristiano\/#primaryimage","url":"https:\/\/www.notibras.com\/site\/wp-content\/uploads\/2014\/07\/opi1-scaled.jpg","contentUrl":"https:\/\/www.notibras.com\/site\/wp-content\/uploads\/2014\/07\/opi1-scaled.jpg","width":2560,"height":1587},{"@type":"BreadcrumbList","@id":"https:\/\/www.notibras.com\/site\/meu-nome-e-alexandre-mas-pode-me-chamar-so-por-cristiano\/#breadcrumb","itemListElement":[{"@type":"ListItem","position":1,"name":"In\u00edcio","item":"https:\/\/www.notibras.com\/site\/"},{"@type":"ListItem","position":2,"name":"Meu nome \u00e9 Alexandre, mas pode me chamar s\u00f3 por Cristiano"}]},{"@type":"WebSite","@id":"https:\/\/www.notibras.com\/site\/#website","url":"https:\/\/www.notibras.com\/site\/","name":"Notibras","description":"Not\u00edcias de Bras\u00edlia, do Brasil e do Mundo","publisher":{"@id":"https:\/\/www.notibras.com\/site\/#organization"},"potentialAction":[{"@type":"SearchAction","target":{"@type":"EntryPoint","urlTemplate":"https:\/\/www.notibras.com\/site\/?s={search_term_string}"},"query-input":{"@type":"PropertyValueSpecification","valueRequired":true,"valueName":"search_term_string"}}],"inLanguage":"pt-BR"},{"@type":"Organization","@id":"https:\/\/www.notibras.com\/site\/#organization","name":"Grupo Notibras de Comunica\u00e7\u00e3o","url":"https:\/\/www.notibras.com\/site\/","logo":{"@type":"ImageObject","inLanguage":"pt-BR","@id":"https:\/\/www.notibras.com\/site\/#\/schema\/logo\/image\/","url":"https:\/\/www.notibras.com\/site\/wp-content\/uploads\/2023\/01\/notibras23.png","contentUrl":"https:\/\/www.notibras.com\/site\/wp-content\/uploads\/2023\/01\/notibras23.png","width":350,"height":87,"caption":"Grupo Notibras de Comunica\u00e7\u00e3o"},"image":{"@id":"https:\/\/www.notibras.com\/site\/#\/schema\/logo\/image\/"},"sameAs":["https:\/\/www.facebook.com\/notibras\/","https:\/\/x.com\/Notibras","https:\/\/www.instagram.com\/notibras\/"]},{"@type":"Person","@id":"https:\/\/www.notibras.com\/site\/#\/schema\/person\/36ab0979449956132d3e5b517ea76ac8","name":"Reda\u00e7\u00e3o","image":{"@type":"ImageObject","inLanguage":"pt-BR","@id":"https:\/\/secure.gravatar.com\/avatar\/e0a867bdedb85fd243eadf09663511f96fc81e0720a4a42581f334ad4303aa6b?s=96&d=mm&r=g","url":"https:\/\/secure.gravatar.com\/avatar\/e0a867bdedb85fd243eadf09663511f96fc81e0720a4a42581f334ad4303aa6b?s=96&d=mm&r=g","contentUrl":"https:\/\/secure.gravatar.com\/avatar\/e0a867bdedb85fd243eadf09663511f96fc81e0720a4a42581f334ad4303aa6b?s=96&d=mm&r=g","caption":"Reda\u00e7\u00e3o"}}]}},"amp_enabled":true,"_links":{"self":[{"href":"https:\/\/www.notibras.com\/site\/wp-json\/wp\/v2\/posts\/16224","targetHints":{"allow":["GET"]}}],"collection":[{"href":"https:\/\/www.notibras.com\/site\/wp-json\/wp\/v2\/posts"}],"about":[{"href":"https:\/\/www.notibras.com\/site\/wp-json\/wp\/v2\/types\/post"}],"author":[{"embeddable":true,"href":"https:\/\/www.notibras.com\/site\/wp-json\/wp\/v2\/users\/2"}],"replies":[{"embeddable":true,"href":"https:\/\/www.notibras.com\/site\/wp-json\/wp\/v2\/comments?post=16224"}],"version-history":[{"count":0,"href":"https:\/\/www.notibras.com\/site\/wp-json\/wp\/v2\/posts\/16224\/revisions"}],"wp:featuredmedia":[{"embeddable":true,"href":"https:\/\/www.notibras.com\/site\/wp-json\/wp\/v2\/media\/16225"}],"wp:attachment":[{"href":"https:\/\/www.notibras.com\/site\/wp-json\/wp\/v2\/media?parent=16224"}],"wp:term":[{"taxonomy":"category","embeddable":true,"href":"https:\/\/www.notibras.com\/site\/wp-json\/wp\/v2\/categories?post=16224"},{"taxonomy":"post_tag","embeddable":true,"href":"https:\/\/www.notibras.com\/site\/wp-json\/wp\/v2\/tags?post=16224"}],"curies":[{"name":"wp","href":"https:\/\/api.w.org\/{rel}","templated":true}]}}