{"id":16227,"date":"2014-07-14T19:56:56","date_gmt":"2014-07-14T22:56:56","guid":{"rendered":"http:\/\/www.notibras.com\/site\/?p=16227"},"modified":"2014-07-15T12:27:03","modified_gmt":"2014-07-15T15:27:03","slug":"sistema-cantareira-seca-mais-e-cachoeira-vira-caminho-para-as-formigas","status":"publish","type":"post","link":"https:\/\/www.notibras.com\/site\/sistema-cantareira-seca-mais-e-cachoeira-vira-caminho-para-as-formigas\/","title":{"rendered":"Sistema Cantareira seca mais e cachoeira vira caminho de formiga"},"content":{"rendered":"<p>A crise h\u00eddrica que assola o Estado de S\u00e3o Paulo come\u00e7a a causar um fen\u00f4meno raro na regi\u00e3o de S\u00e3o Pedro: as cachoeiras, pontos tur\u00edsticos do local, est\u00e3o secando com a falta de \u00e1gua no Sistema Cantareira.\u00a0A regi\u00e3o abriga mais de uma centena de quedas d&#8217;\u00e1gua, a maioria de menor porte, mas muitas delas j\u00e1 n\u00e3o t\u00eam mais \u00e1gua caindo.<\/p>\n<p>\u00c9 o caso de duas das tr\u00eas cachoeiras da Furna, que est\u00e3o completamente secas. A terceira delas, de maior dimens\u00e3o, ainda tem um fio de \u00e1gua, mas, se n\u00e3o voltar chover em breve, tamb\u00e9m pode mudar a paisagem. As informa\u00e7\u00f5es s\u00e3o da Folha de S.Paulo.<\/p>\n<p>De acordo com o guia Luiz Assun\u00e7\u00e3o, os passeios t\u00eam sido reorganizados. &#8220;Trabalho como guia em S\u00e3o Pedro h\u00e1 mais de 15 anos e nunca vi um cen\u00e1rio como esse. \u00c9 claro que na \u00e9poca de estiagem o volume de \u00e1gua diminui, mas neste ano muitas cachoeiras secaram completamente&#8221;, disse.<\/p>\n<p>Segundo ele, houve queda na demanda por passeios. &#8220;Arrisco dizer que houve uma queda de pelo menos 20% na procura. As pessoas ficam sabendo que as cachoeiras est\u00e3o secas e acabam n\u00e3o procurando a gente. Tivemos de repensar alguns passeios, tirar alguns locais onde a \u00e1gua est\u00e1 pouca&#8221;, conta.<\/p>\n<p>Os turistas reclamam da diminui\u00e7\u00e3o no fluxo de \u00e1gua. A auxiliar administrativa Jurema Ferreira, 42, que conhece as tr\u00eas quedas de \u00e1gua de Furna, afirma que o local \u00e9 &#8220;muito mais bonito&#8221; em \u00e9pocas de cheia. &#8220;O lugar continua sendo lindo, mas \u00e9 uma judia\u00e7\u00e3o ver uma cachoeira t\u00e3o grande com t\u00e3o pouca \u00e1gua&#8221;, disse.<\/p>\n<p>J\u00e1 a comerciante Elisabete Bertato Prado, dona de uma pousada que fica na regi\u00e3o das cachoeiras de Furna, afirmou que, neste ano, a \u00e9poca de estiagem tem sido mais cruel. &#8220;Todo ano temos uma diminui\u00e7\u00e3o do volume, mas hoje tudo secou&#8221;, disse.<\/p>\n<p>Procurada, a Prefeitura de S\u00e3o Pedro diz que a falta de \u00e1gua tem afetado pontos tur\u00edsticos da cidade e que j\u00e1 h\u00e1 racionamento na cidade inteira, de no m\u00ednimo quatro horas por dia.<\/p>\n<p>Na vizinha Piracicaba, o tradicional passeio pelo rio que d\u00e1 nome \u00e0 cidade teve de mudar de ponto de encontro. Antes, o tour come\u00e7ava na rua do Porto, mas, com a falta de chuva, o local passou a n\u00e3o ter profundidade suficiente para permitir a viagem dos barcos. Ent\u00e3o a sa\u00edda agora \u00e9 feita do Tanqu\u00e3, \u00e1rea que dista mais de 1 km da rua do Porto, na \u00e1rea central da cidade.<\/p>\n<p>De acordo com Lu\u00eds Fernando Magossi, que coordena os passeios de barco pelo rio Piracicaba, a mudan\u00e7a afetou o neg\u00f3cios. &#8220;O movimento n\u00e3o chega a 1% do que ocorria na rua do Porto&#8221;, reclama.<\/p>\n","protected":false},"excerpt":{"rendered":"<p>A crise h\u00eddrica que assola o Estado de S\u00e3o Paulo come\u00e7a a causar um fen\u00f4meno raro na regi\u00e3o de S\u00e3o Pedro: as cachoeiras, pontos tur\u00edsticos do local, est\u00e3o secando com a falta de \u00e1gua no Sistema Cantareira.\u00a0A regi\u00e3o abriga mais de uma centena de quedas d&#8217;\u00e1gua, a maioria de menor porte, mas muitas delas j\u00e1 [&hellip;]<\/p>\n","protected":false},"author":2,"featured_media":16228,"comment_status":"open","ping_status":"closed","sticky":false,"template":"","format":"standard","meta":{"_acf_changed":false,"footnotes":""},"categories":[24],"tags":[],"class_list":["post-16227","post","type-post","status-publish","format-standard","has-post-thumbnail","hentry","category-sao-paulo"],"acf":[],"_links":{"self":[{"href":"https:\/\/www.notibras.com\/site\/wp-json\/wp\/v2\/posts\/16227","targetHints":{"allow":["GET"]}}],"collection":[{"href":"https:\/\/www.notibras.com\/site\/wp-json\/wp\/v2\/posts"}],"about":[{"href":"https:\/\/www.notibras.com\/site\/wp-json\/wp\/v2\/types\/post"}],"author":[{"embeddable":true,"href":"https:\/\/www.notibras.com\/site\/wp-json\/wp\/v2\/users\/2"}],"replies":[{"embeddable":true,"href":"https:\/\/www.notibras.com\/site\/wp-json\/wp\/v2\/comments?post=16227"}],"version-history":[{"count":0,"href":"https:\/\/www.notibras.com\/site\/wp-json\/wp\/v2\/posts\/16227\/revisions"}],"wp:featuredmedia":[{"embeddable":true,"href":"https:\/\/www.notibras.com\/site\/wp-json\/wp\/v2\/media\/16228"}],"wp:attachment":[{"href":"https:\/\/www.notibras.com\/site\/wp-json\/wp\/v2\/media?parent=16227"}],"wp:term":[{"taxonomy":"category","embeddable":true,"href":"https:\/\/www.notibras.com\/site\/wp-json\/wp\/v2\/categories?post=16227"},{"taxonomy":"post_tag","embeddable":true,"href":"https:\/\/www.notibras.com\/site\/wp-json\/wp\/v2\/tags?post=16227"}],"curies":[{"name":"wp","href":"https:\/\/api.w.org\/{rel}","templated":true}]}}