{"id":16242,"date":"2014-07-14T21:35:07","date_gmt":"2014-07-15T00:35:07","guid":{"rendered":"http:\/\/www.notibras.com\/site\/?p=16242"},"modified":"2014-07-14T21:35:07","modified_gmt":"2014-07-15T00:35:07","slug":"rapazes-presos-por-tentativa-de-latrocinio-em-sobradinho","status":"publish","type":"post","link":"https:\/\/www.notibras.com\/site\/rapazes-presos-por-tentativa-de-latrocinio-em-sobradinho\/","title":{"rendered":"Rapazes presos por tentativa de latroc\u00ednio em Sobradinho"},"content":{"rendered":"<p>Tr\u00eas adolescentes foram apreendidos nesta segunda-feira (14) suspeitos de tentativa de latroc\u00ednio na quadra 2 da Vila Dnocs, em Sobradinho.<\/p>\n<p>Segundo a Pol\u00edcia Civil, todos eles j\u00e1 tinha passagem por atos infracionais an\u00e1logos a tr\u00e1fico, roubo e recepta\u00e7\u00e3o.<\/p>\n<p>A tentativa de latroc\u00ednio, que \u00e9 roubo seguido de morte, aconteceu na \u00faltima sexta-feira (11). A pol\u00edcia chegou at\u00e9 os suspeitos ap\u00f3s uma den\u00fancia an\u00f4nima.<\/p>\n<p>Segundo a delegada M\u00f4nica Ferreira, da Delegacia da Crian\u00e7a e Adolescente (DCA), o trio tentou roubar o carro de um homem de 26 anos, morador de um condom\u00ednio da regi\u00e3o.<\/p>\n<p>A v\u00edtima reagiu e levou um tiro no rosto. O morador foi levado para o Hospital Regional de Sobradinho, onde se encontrava internado em estado grave nesta segunda.<\/p>\n<p>A pol\u00edcia informou que os suspeitos t\u00eam entre 14 e 15 anos e que dois deles estavam sob efeito de drogas. Segundo a delegada, os tr\u00eas podem ficar at\u00e9 tr\u00eas anos internado.<\/p>\n","protected":false},"excerpt":{"rendered":"<p>Tr\u00eas adolescentes foram apreendidos nesta segunda-feira (14) suspeitos de tentativa de latroc\u00ednio na quadra 2 da Vila Dnocs, em Sobradinho. Segundo a Pol\u00edcia Civil, todos eles j\u00e1 tinha passagem por atos infracionais an\u00e1logos a tr\u00e1fico, roubo e recepta\u00e7\u00e3o. A tentativa de latroc\u00ednio, que \u00e9 roubo seguido de morte, aconteceu na \u00faltima sexta-feira (11). A pol\u00edcia [&hellip;]<\/p>\n","protected":false},"author":2,"featured_media":16243,"comment_status":"open","ping_status":"closed","sticky":false,"template":"","format":"standard","meta":{"_acf_changed":false,"footnotes":""},"categories":[1],"tags":[],"class_list":["post-16242","post","type-post","status-publish","format-standard","has-post-thumbnail","hentry","category-brasilia"],"acf":[],"_links":{"self":[{"href":"https:\/\/www.notibras.com\/site\/wp-json\/wp\/v2\/posts\/16242","targetHints":{"allow":["GET"]}}],"collection":[{"href":"https:\/\/www.notibras.com\/site\/wp-json\/wp\/v2\/posts"}],"about":[{"href":"https:\/\/www.notibras.com\/site\/wp-json\/wp\/v2\/types\/post"}],"author":[{"embeddable":true,"href":"https:\/\/www.notibras.com\/site\/wp-json\/wp\/v2\/users\/2"}],"replies":[{"embeddable":true,"href":"https:\/\/www.notibras.com\/site\/wp-json\/wp\/v2\/comments?post=16242"}],"version-history":[{"count":0,"href":"https:\/\/www.notibras.com\/site\/wp-json\/wp\/v2\/posts\/16242\/revisions"}],"wp:featuredmedia":[{"embeddable":true,"href":"https:\/\/www.notibras.com\/site\/wp-json\/wp\/v2\/media\/16243"}],"wp:attachment":[{"href":"https:\/\/www.notibras.com\/site\/wp-json\/wp\/v2\/media?parent=16242"}],"wp:term":[{"taxonomy":"category","embeddable":true,"href":"https:\/\/www.notibras.com\/site\/wp-json\/wp\/v2\/categories?post=16242"},{"taxonomy":"post_tag","embeddable":true,"href":"https:\/\/www.notibras.com\/site\/wp-json\/wp\/v2\/tags?post=16242"}],"curies":[{"name":"wp","href":"https:\/\/api.w.org\/{rel}","templated":true}]}}