{"id":16327,"date":"2014-07-15T20:04:04","date_gmt":"2014-07-15T23:04:04","guid":{"rendered":"http:\/\/www.notibras.com\/site\/?p=16327"},"modified":"2014-07-15T20:04:04","modified_gmt":"2014-07-15T23:04:04","slug":"afinal-ate-onde-o-eleitor-pode-confiar-nas-urnas-eletronicas","status":"publish","type":"post","link":"https:\/\/www.notibras.com\/site\/afinal-ate-onde-o-eleitor-pode-confiar-nas-urnas-eletronicas\/","title":{"rendered":"Afinal, at\u00e9 onde o eleitor pode confiar nas urnas eletr\u00f4nicas?"},"content":{"rendered":"<p>Nem bem arriaram do Pau o Pavilh\u00e3o Nacional, representado pela Bandeira do Brasil, nos Est\u00e1dios da Copa do Mundo da FIFA de Futebol, contabilizando entre Governo e Oposi\u00e7\u00e3o perdas e ganhos no evento, j\u00e1 direcionando os holofotes para as pr\u00f3ximas Elei\u00e7\u00f5es Presidenciais no Brasil, duvida atroz, jamais assumida pelos \u00d3rg\u00e3os Oficiais, Partidos Pol\u00edticos e Tribunais Eleitorais, no entanto, aflige a Popula\u00e7\u00e3o, se n\u00e3o, pelo menos as Auditorias Independentes, quanto a suposta \u201cSeguran\u00e7a\u201d das malfadas Urnas Eletr\u00f4nicas, em que s\u00e3o, inexoravelmente, computados os votos:<\/p>\n<p>Voc\u00ea confia nelas?<\/p>\n<p>Seladas, testadas, averiguadas, rotuladas, avaliadas, registradas, carimbadas, como a \u201cEspa\u00e7onave\u201d do \u201cCarimbador Maluco\u201d \u2013 Raul Seixas -, as Urnas Eletr\u00f4nicas, \u201cVil\u00e3s\u201d, para uns, \u201cInstrumento de Modernidade\u201d, para outros, enfim, partir\u00e3o para as suas respectivas Zonas Eleitorais, Brasil afora, pondo fim \u00e0s mais acirradas disputas eleitorais, desde a recente redemocratiza\u00e7\u00e3o do Pa\u00eds, com vistas a proclamar o mais novo \u201cOcupante\u201d do Pal\u00e1cio do Planalto, para o per\u00edodo 2015\/2020&#8230;<\/p>\n<p>Saiba, no entanto, que \u201cResultado\u201d sair de seus Circuitos Integrados e Condensadores Eletr\u00f4nicos, no vindouro m\u00eas de Novembro de 2014, as tais \u201cEngenhocas Eletr\u00f4nicas\u201d, realiza\u00e7\u00e3o singular, m\u00e1xima, da Jovem Democracia Tupiniquim, sem paralelo em qualquer outro Pais do Planeta, pelo menos o \u00e9, em seus aspectos \u201cTecnol\u00f3gicos\u201d, ademais, \u201cainda\u201d n\u00e3o alcan\u00e7ados, em sofistica\u00e7\u00e3o e rito, sequer, pelas s\u00f3lidas e convictas Democracias, Americana, Inglesa ou Francesa, nesse caso, ainda atadas \u00e0s velhas c\u00e9dulas de papel e canetas esferogr\u00e1ficas, em que s\u00e3o, nesse aspecto, l\u00e1 realizadas desde o sempre.<\/p>\n<blockquote><p>Mas, ent\u00e3o, eu vos indago, por qu\u00ea Pa\u00edses com grau de sofistica\u00e7\u00e3o dos EUA, Fran\u00e7a ou Inglaterra, quem produzem avi\u00f5es supers\u00f4nicos e s\u00e3o capazes de enviar homens \u00e0 Lua, o que n\u00e3o \u00e9 o caso do Brasil, prec\u00e1rio em simples redes de esgoto sanit\u00e1rio e deficiente em escolas e sa\u00fade p\u00fablica, ainda n\u00e3o adotaram tal Parafern\u00e1lia Eletr\u00f4nica ??<\/p><\/blockquote>\n<p>A resposta que n\u00e3o quer calar, contudo, talvez esteja no simples fato do car\u00e1ter Moral e C\u00edvico que possuem as Elei\u00e7\u00f5es, como fator primordial para a constru\u00e7\u00e3o da pr\u00f3pria Democracia, cujos votos elaborados com c\u00e9dula de papel e caneta esferogr\u00e1fica, bem sabem os que, em passado recente, depositavam o seu Voto assim, em rusticas \u201cSacolas de Pano\u201d lacradas, antes das tais Urnas Eletr\u00f4nicas, em que tais eventos, as Elei\u00e7\u00f5es, em si, eram verdadeiras Festas C\u00edvicas, fazendo com que fossem muitos os envolvidos, a cada pleito, demandando dias e dias de Apura\u00e7\u00e3o, enquanto se aguardava seu eventual Resultado, ao passo que, aqui, no Brasil, nesse aspecto, agora, realizados ao ritmo dos muitos \u201cBites &amp; Chips\u201d, um simples \u201cComando\u201d dos nossos \u201cH\u00e1beis\u201d T\u00e9cnicos de Inform\u00e1tica, e Processadores de Dados, fazem com que todos os Brasileiros, ao vivo e a cores, saibam, em Rede Nacional, e, \u201cInstantaneamente\u201d, quem foi, efetivamente, o Eleito, apenas poucos minutos ap\u00f3s o \u201cFechamento\u201d das Zonas Eleitorais&#8230;<\/p>\n<p>Contudo, \u201cMaravilha\u201d absoluta da \u201cTecnologia Tupiniquim\u201d, jamais alcan\u00e7ada ou conhecida, nas Democracias mais Avan\u00e7adas do Mundo, Inglaterra, Fran\u00e7a e EUA, em que consiste-se a \u201cnossa\u201d Urna Eletr\u00f4nica, aos olhos do Cidad\u00e3o mais leigo, numa \u201cEsp\u00e9cie\u201d de Jogo de V\u00eddeo Game Eleitoral, longe do calor humano dos Partidos Pol\u00edticos, Cabos Eleitorais, Eleitores e Entusiastas, Empurrada-nos, goela abaixo, de todos os Brasileiros, como a \u201cSolu\u00e7\u00e3o Final\u201d, perfeita e indel\u00e9vel, a que todos n\u00f3s, Brasileiros, devemos nos acostumar a que sejam, \u201cInsuspeitas\u201d, e absolutamente \u201cConfi\u00e1veis\u201d, aptas a expressar, instantaneamente, a baixos custos, e em tempo real, a Express\u00e3o dos Votos praticados, no Continental Brasil, sem que sobre elas, Urnas Eletr\u00f4nicas, recaiam qualquer \u201cSuspeitas\u201d, gra\u00e7as, mais uma vez, a Maravilha Tecnol\u00f3gica da \u201cCi\u00eancia\u201d Tupiniquim, avaliadas, registradas, rotuladas, seladas e carimbadas pelos nossos \u201cT\u00e9cnicos\u201d, gra\u00e7as a Redes Fechadas de Transmiss\u00e3o de Dados e Mensagens Criptografadas, segundo a \u201c\u00d3tica Oficial\u201d, imposs\u00edveis de serem invadidas ou sabotadas ??<\/p>\n<p>\u00c9, enfim, a \u201cSaga\u201d Tecnol\u00f3gica M\u00e1xima da \u201cEngenharia Pol\u00edtica\u201d Brasileira, a que chegamos, com o primor de sabotar, at\u00e9, o nosso mais natural senso do que seja \u201cCidadania\u201d:: Um desservi\u00e7o dos nossos Tribunais.<\/p>\n<blockquote><p>Assim \u00e9 que, enquanto se discute, se s\u00e3o Leg\u00edtimas, ou N\u00e3o, \u201cConfi\u00e1veis\u201d, ou, antes pelo \u201cContr\u00e1rio\u201d,, o \u201cResultado\u201d que das Urnas Eletr\u00f4nicas saem, prestes a serem dotadas de \u201cOutra\u201d Revolucionaria Tecnologia, a \u201cIdentifica\u00e7\u00e3o Biom\u00e9trica do Eleitor\u201d, e a Identifica\u00e7\u00e3o, atrav\u00e9s da Impress\u00e3o Digital, o que afastar\u00e1 de vez a possibilidade de adultera\u00e7\u00e3o do Voto, por exemplo, de que um Eleitor passe-se por outro, uma vez, entregues ao \u201cCar\u00e1ter\u201d, e \u201cHonradez\u201d de uns \u201cPoucos\u201d T\u00e9cnicos do Setor, Analistas de Sistemas e Programadores, cuja Ci\u00eancia e Conhecimento, qui\u00e7\u00e1, \u201cBoa F\u00e9\u201d, muito acima de n\u00f3s, meros \u201cMortais\u201d, Brasileiros, temos que digerir, seja qual seja, o \u201cResultado\u201d que proferirem, at\u00e9 por n\u00e3o termos, na condi\u00e7\u00e3o de \u201cMeros\u201d Eleitores, por desconhecimento t\u00e9cnico, par\u00e2metros para averiguar-lhes a Compet\u00eancia, e Idoneidade Pol\u00edtica.<\/p><\/blockquote>\n<p>Ent\u00e3o, mais uma vez, eu vos pergunto: oportunidade em que se constata, reflexo do atual Quadro Pol\u00edtico\/Partid\u00e1rio brasileiro, o que de mais baixo, e vil, houve no Brasil nos \u00faltimos anos, recheado de den\u00fancias de Corrup\u00e7\u00e3o e Aparelhamento do Estado, jamais debatidos, durante o \u201cProcesso\u201d, quem, fatalmente, avalizar\u00e3o o pr\u00f3ximo Presidente da Republica, a atribuir-lhe a indispens\u00e1vel Legitimidade, adotando crit\u00e9rios de Impessoalidade e Transpar\u00eancia, exig\u00edveis ao Administrador P\u00fablico, por qu\u00ea n\u00e3o Imprimir cada voto, e deposit\u00e1-lo em uma Urna Paralela, nem que seja por amostragem, para aferir seu Resultado ??<\/p>\n<p>Por qu\u00ea n\u00e3o o fazem nossos Tribunais ???<\/p>\n<p>\u00c0 quem afinal, interessa a Obscuridade, e o fim da Festa C\u00edvica, que eram, enfim, as Elei\u00e7\u00f5es nos velhos Gin\u00e1sios e Escolas P\u00fablicas, antes das famigeradas Urnas Eletr\u00f4nicas, onde engalfinh\u00e1vamos, antes, \u00e0 cata e confer\u00eancia de cada Voto, nas antigas Elei\u00e7\u00f5es ???<\/p>\n<p>\u00c9 a pergunta que n\u00e3o quer calar.<\/p>\n<p>De minha parte, abro m\u00e3o do meu Sigilo, e declaro meu Voto, para eventual contabiliza\u00e7\u00e3o.<\/p>\n<p><strong>Pettersen Filho<\/strong><\/p>\n","protected":false},"excerpt":{"rendered":"<p>Nem bem arriaram do Pau o Pavilh\u00e3o Nacional, representado pela Bandeira do Brasil, nos Est\u00e1dios da Copa do Mundo da FIFA de Futebol, contabilizando entre Governo e Oposi\u00e7\u00e3o perdas e ganhos no evento, j\u00e1 direcionando os holofotes para as pr\u00f3ximas Elei\u00e7\u00f5es Presidenciais no Brasil, duvida atroz, jamais assumida pelos \u00d3rg\u00e3os Oficiais, Partidos Pol\u00edticos e Tribunais [&hellip;]<\/p>\n","protected":false},"author":2,"featured_media":16328,"comment_status":"open","ping_status":"closed","sticky":false,"template":"","format":"standard","meta":{"_acf_changed":false,"footnotes":""},"categories":[25],"tags":[],"class_list":["post-16327","post","type-post","status-publish","format-standard","has-post-thumbnail","hentry","category-opina-ai"],"acf":[],"yoast_head":"<!-- This site is optimized with the Yoast SEO plugin v27.5 - https:\/\/yoast.com\/product\/yoast-seo-wordpress\/ -->\n<title>Afinal, at\u00e9 onde o eleitor pode confiar nas urnas eletr\u00f4nicas? - Notibras<\/title>\n<meta name=\"robots\" content=\"index, follow, max-snippet:-1, max-image-preview:large, max-video-preview:-1\" \/>\n<link rel=\"canonical\" href=\"https:\/\/www.notibras.com\/site\/afinal-ate-onde-o-eleitor-pode-confiar-nas-urnas-eletronicas\/\" \/>\n<meta property=\"og:locale\" content=\"pt_BR\" \/>\n<meta property=\"og:type\" content=\"article\" \/>\n<meta property=\"og:title\" content=\"Afinal, at\u00e9 onde o eleitor pode confiar nas urnas eletr\u00f4nicas? - Notibras\" \/>\n<meta property=\"og:description\" content=\"Nem bem arriaram do Pau o Pavilh\u00e3o Nacional, representado pela Bandeira do Brasil, nos Est\u00e1dios da Copa do Mundo da FIFA de Futebol, contabilizando entre Governo e Oposi\u00e7\u00e3o perdas e ganhos no evento, j\u00e1 direcionando os holofotes para as pr\u00f3ximas Elei\u00e7\u00f5es Presidenciais no Brasil, duvida atroz, jamais assumida pelos \u00d3rg\u00e3os Oficiais, Partidos Pol\u00edticos e Tribunais [&hellip;]\" \/>\n<meta property=\"og:url\" content=\"https:\/\/www.notibras.com\/site\/afinal-ate-onde-o-eleitor-pode-confiar-nas-urnas-eletronicas\/\" \/>\n<meta property=\"og:site_name\" content=\"Notibras\" \/>\n<meta property=\"article:publisher\" content=\"https:\/\/www.facebook.com\/notibras\/\" \/>\n<meta property=\"article:published_time\" content=\"2014-07-15T23:04:04+00:00\" \/>\n<meta property=\"og:image\" content=\"https:\/\/www.notibras.com\/site\/wp-content\/uploads\/2014\/07\/urna.jpg\" \/>\n\t<meta property=\"og:image:width\" content=\"530\" \/>\n\t<meta property=\"og:image:height\" content=\"397\" \/>\n\t<meta property=\"og:image:type\" content=\"image\/jpeg\" \/>\n<meta name=\"author\" content=\"Reda\u00e7\u00e3o\" \/>\n<meta name=\"twitter:card\" content=\"summary_large_image\" \/>\n<meta name=\"twitter:creator\" content=\"@Notibras\" \/>\n<meta name=\"twitter:site\" content=\"@Notibras\" \/>\n<meta name=\"twitter:label1\" content=\"Escrito por\" \/>\n\t<meta name=\"twitter:data1\" content=\"Reda\u00e7\u00e3o\" \/>\n\t<meta name=\"twitter:label2\" content=\"Est. tempo de leitura\" \/>\n\t<meta name=\"twitter:data2\" content=\"5 minutos\" \/>\n<script type=\"application\/ld+json\" class=\"yoast-schema-graph\">{\"@context\":\"https:\\\/\\\/schema.org\",\"@graph\":[{\"@type\":\"Article\",\"@id\":\"https:\\\/\\\/www.notibras.com\\\/site\\\/afinal-ate-onde-o-eleitor-pode-confiar-nas-urnas-eletronicas\\\/#article\",\"isPartOf\":{\"@id\":\"https:\\\/\\\/www.notibras.com\\\/site\\\/afinal-ate-onde-o-eleitor-pode-confiar-nas-urnas-eletronicas\\\/\"},\"author\":{\"name\":\"Reda\u00e7\u00e3o\",\"@id\":\"https:\\\/\\\/www.notibras.com\\\/site\\\/#\\\/schema\\\/person\\\/36ab0979449956132d3e5b517ea76ac8\"},\"headline\":\"Afinal, at\u00e9 onde o eleitor pode confiar nas urnas eletr\u00f4nicas?\",\"datePublished\":\"2014-07-15T23:04:04+00:00\",\"mainEntityOfPage\":{\"@id\":\"https:\\\/\\\/www.notibras.com\\\/site\\\/afinal-ate-onde-o-eleitor-pode-confiar-nas-urnas-eletronicas\\\/\"},\"wordCount\":1062,\"commentCount\":0,\"publisher\":{\"@id\":\"https:\\\/\\\/www.notibras.com\\\/site\\\/#organization\"},\"image\":{\"@id\":\"https:\\\/\\\/www.notibras.com\\\/site\\\/afinal-ate-onde-o-eleitor-pode-confiar-nas-urnas-eletronicas\\\/#primaryimage\"},\"thumbnailUrl\":\"https:\\\/\\\/www.notibras.com\\\/site\\\/wp-content\\\/uploads\\\/2014\\\/07\\\/urna.jpg\",\"articleSection\":[\"Opina a\u00ed\"],\"inLanguage\":\"pt-BR\",\"potentialAction\":[{\"@type\":\"CommentAction\",\"name\":\"Comment\",\"target\":[\"https:\\\/\\\/www.notibras.com\\\/site\\\/afinal-ate-onde-o-eleitor-pode-confiar-nas-urnas-eletronicas\\\/#respond\"]}]},{\"@type\":\"WebPage\",\"@id\":\"https:\\\/\\\/www.notibras.com\\\/site\\\/afinal-ate-onde-o-eleitor-pode-confiar-nas-urnas-eletronicas\\\/\",\"url\":\"https:\\\/\\\/www.notibras.com\\\/site\\\/afinal-ate-onde-o-eleitor-pode-confiar-nas-urnas-eletronicas\\\/\",\"name\":\"Afinal, at\u00e9 onde o eleitor pode confiar nas urnas eletr\u00f4nicas? - Notibras\",\"isPartOf\":{\"@id\":\"https:\\\/\\\/www.notibras.com\\\/site\\\/#website\"},\"primaryImageOfPage\":{\"@id\":\"https:\\\/\\\/www.notibras.com\\\/site\\\/afinal-ate-onde-o-eleitor-pode-confiar-nas-urnas-eletronicas\\\/#primaryimage\"},\"image\":{\"@id\":\"https:\\\/\\\/www.notibras.com\\\/site\\\/afinal-ate-onde-o-eleitor-pode-confiar-nas-urnas-eletronicas\\\/#primaryimage\"},\"thumbnailUrl\":\"https:\\\/\\\/www.notibras.com\\\/site\\\/wp-content\\\/uploads\\\/2014\\\/07\\\/urna.jpg\",\"datePublished\":\"2014-07-15T23:04:04+00:00\",\"breadcrumb\":{\"@id\":\"https:\\\/\\\/www.notibras.com\\\/site\\\/afinal-ate-onde-o-eleitor-pode-confiar-nas-urnas-eletronicas\\\/#breadcrumb\"},\"inLanguage\":\"pt-BR\",\"potentialAction\":[{\"@type\":\"ReadAction\",\"target\":[\"https:\\\/\\\/www.notibras.com\\\/site\\\/afinal-ate-onde-o-eleitor-pode-confiar-nas-urnas-eletronicas\\\/\"]}]},{\"@type\":\"ImageObject\",\"inLanguage\":\"pt-BR\",\"@id\":\"https:\\\/\\\/www.notibras.com\\\/site\\\/afinal-ate-onde-o-eleitor-pode-confiar-nas-urnas-eletronicas\\\/#primaryimage\",\"url\":\"https:\\\/\\\/www.notibras.com\\\/site\\\/wp-content\\\/uploads\\\/2014\\\/07\\\/urna.jpg\",\"contentUrl\":\"https:\\\/\\\/www.notibras.com\\\/site\\\/wp-content\\\/uploads\\\/2014\\\/07\\\/urna.jpg\",\"width\":530,\"height\":397},{\"@type\":\"BreadcrumbList\",\"@id\":\"https:\\\/\\\/www.notibras.com\\\/site\\\/afinal-ate-onde-o-eleitor-pode-confiar-nas-urnas-eletronicas\\\/#breadcrumb\",\"itemListElement\":[{\"@type\":\"ListItem\",\"position\":1,\"name\":\"In\u00edcio\",\"item\":\"https:\\\/\\\/www.notibras.com\\\/site\\\/\"},{\"@type\":\"ListItem\",\"position\":2,\"name\":\"Afinal, at\u00e9 onde o eleitor pode confiar nas urnas eletr\u00f4nicas?\"}]},{\"@type\":\"WebSite\",\"@id\":\"https:\\\/\\\/www.notibras.com\\\/site\\\/#website\",\"url\":\"https:\\\/\\\/www.notibras.com\\\/site\\\/\",\"name\":\"Notibras\",\"description\":\"Not\u00edcias de Bras\u00edlia, do Brasil e do Mundo\",\"publisher\":{\"@id\":\"https:\\\/\\\/www.notibras.com\\\/site\\\/#organization\"},\"potentialAction\":[{\"@type\":\"SearchAction\",\"target\":{\"@type\":\"EntryPoint\",\"urlTemplate\":\"https:\\\/\\\/www.notibras.com\\\/site\\\/?s={search_term_string}\"},\"query-input\":{\"@type\":\"PropertyValueSpecification\",\"valueRequired\":true,\"valueName\":\"search_term_string\"}}],\"inLanguage\":\"pt-BR\"},{\"@type\":\"Organization\",\"@id\":\"https:\\\/\\\/www.notibras.com\\\/site\\\/#organization\",\"name\":\"Grupo Notibras de Comunica\u00e7\u00e3o\",\"url\":\"https:\\\/\\\/www.notibras.com\\\/site\\\/\",\"logo\":{\"@type\":\"ImageObject\",\"inLanguage\":\"pt-BR\",\"@id\":\"https:\\\/\\\/www.notibras.com\\\/site\\\/#\\\/schema\\\/logo\\\/image\\\/\",\"url\":\"https:\\\/\\\/www.notibras.com\\\/site\\\/wp-content\\\/uploads\\\/2023\\\/01\\\/notibras23.png\",\"contentUrl\":\"https:\\\/\\\/www.notibras.com\\\/site\\\/wp-content\\\/uploads\\\/2023\\\/01\\\/notibras23.png\",\"width\":350,\"height\":87,\"caption\":\"Grupo Notibras de Comunica\u00e7\u00e3o\"},\"image\":{\"@id\":\"https:\\\/\\\/www.notibras.com\\\/site\\\/#\\\/schema\\\/logo\\\/image\\\/\"},\"sameAs\":[\"https:\\\/\\\/www.facebook.com\\\/notibras\\\/\",\"https:\\\/\\\/x.com\\\/Notibras\",\"https:\\\/\\\/www.instagram.com\\\/notibras\\\/\"]},{\"@type\":\"Person\",\"@id\":\"https:\\\/\\\/www.notibras.com\\\/site\\\/#\\\/schema\\\/person\\\/36ab0979449956132d3e5b517ea76ac8\",\"name\":\"Reda\u00e7\u00e3o\",\"image\":{\"@type\":\"ImageObject\",\"inLanguage\":\"pt-BR\",\"@id\":\"https:\\\/\\\/secure.gravatar.com\\\/avatar\\\/e0a867bdedb85fd243eadf09663511f96fc81e0720a4a42581f334ad4303aa6b?s=96&d=mm&r=g\",\"url\":\"https:\\\/\\\/secure.gravatar.com\\\/avatar\\\/e0a867bdedb85fd243eadf09663511f96fc81e0720a4a42581f334ad4303aa6b?s=96&d=mm&r=g\",\"contentUrl\":\"https:\\\/\\\/secure.gravatar.com\\\/avatar\\\/e0a867bdedb85fd243eadf09663511f96fc81e0720a4a42581f334ad4303aa6b?s=96&d=mm&r=g\",\"caption\":\"Reda\u00e7\u00e3o\"}}]}<\/script>\n<!-- \/ Yoast SEO plugin. -->","yoast_head_json":{"title":"Afinal, at\u00e9 onde o eleitor pode confiar nas urnas eletr\u00f4nicas? - Notibras","robots":{"index":"index","follow":"follow","max-snippet":"max-snippet:-1","max-image-preview":"max-image-preview:large","max-video-preview":"max-video-preview:-1"},"canonical":"https:\/\/www.notibras.com\/site\/afinal-ate-onde-o-eleitor-pode-confiar-nas-urnas-eletronicas\/","og_locale":"pt_BR","og_type":"article","og_title":"Afinal, at\u00e9 onde o eleitor pode confiar nas urnas eletr\u00f4nicas? - Notibras","og_description":"Nem bem arriaram do Pau o Pavilh\u00e3o Nacional, representado pela Bandeira do Brasil, nos Est\u00e1dios da Copa do Mundo da FIFA de Futebol, contabilizando entre Governo e Oposi\u00e7\u00e3o perdas e ganhos no evento, j\u00e1 direcionando os holofotes para as pr\u00f3ximas Elei\u00e7\u00f5es Presidenciais no Brasil, duvida atroz, jamais assumida pelos \u00d3rg\u00e3os Oficiais, Partidos Pol\u00edticos e Tribunais [&hellip;]","og_url":"https:\/\/www.notibras.com\/site\/afinal-ate-onde-o-eleitor-pode-confiar-nas-urnas-eletronicas\/","og_site_name":"Notibras","article_publisher":"https:\/\/www.facebook.com\/notibras\/","article_published_time":"2014-07-15T23:04:04+00:00","og_image":[{"width":530,"height":397,"url":"https:\/\/www.notibras.com\/site\/wp-content\/uploads\/2014\/07\/urna.jpg","type":"image\/jpeg"}],"author":"Reda\u00e7\u00e3o","twitter_card":"summary_large_image","twitter_creator":"@Notibras","twitter_site":"@Notibras","twitter_misc":{"Escrito por":"Reda\u00e7\u00e3o","Est. tempo de leitura":"5 minutos"},"schema":{"@context":"https:\/\/schema.org","@graph":[{"@type":"Article","@id":"https:\/\/www.notibras.com\/site\/afinal-ate-onde-o-eleitor-pode-confiar-nas-urnas-eletronicas\/#article","isPartOf":{"@id":"https:\/\/www.notibras.com\/site\/afinal-ate-onde-o-eleitor-pode-confiar-nas-urnas-eletronicas\/"},"author":{"name":"Reda\u00e7\u00e3o","@id":"https:\/\/www.notibras.com\/site\/#\/schema\/person\/36ab0979449956132d3e5b517ea76ac8"},"headline":"Afinal, at\u00e9 onde o eleitor pode confiar nas urnas eletr\u00f4nicas?","datePublished":"2014-07-15T23:04:04+00:00","mainEntityOfPage":{"@id":"https:\/\/www.notibras.com\/site\/afinal-ate-onde-o-eleitor-pode-confiar-nas-urnas-eletronicas\/"},"wordCount":1062,"commentCount":0,"publisher":{"@id":"https:\/\/www.notibras.com\/site\/#organization"},"image":{"@id":"https:\/\/www.notibras.com\/site\/afinal-ate-onde-o-eleitor-pode-confiar-nas-urnas-eletronicas\/#primaryimage"},"thumbnailUrl":"https:\/\/www.notibras.com\/site\/wp-content\/uploads\/2014\/07\/urna.jpg","articleSection":["Opina a\u00ed"],"inLanguage":"pt-BR","potentialAction":[{"@type":"CommentAction","name":"Comment","target":["https:\/\/www.notibras.com\/site\/afinal-ate-onde-o-eleitor-pode-confiar-nas-urnas-eletronicas\/#respond"]}]},{"@type":"WebPage","@id":"https:\/\/www.notibras.com\/site\/afinal-ate-onde-o-eleitor-pode-confiar-nas-urnas-eletronicas\/","url":"https:\/\/www.notibras.com\/site\/afinal-ate-onde-o-eleitor-pode-confiar-nas-urnas-eletronicas\/","name":"Afinal, at\u00e9 onde o eleitor pode confiar nas urnas eletr\u00f4nicas? - Notibras","isPartOf":{"@id":"https:\/\/www.notibras.com\/site\/#website"},"primaryImageOfPage":{"@id":"https:\/\/www.notibras.com\/site\/afinal-ate-onde-o-eleitor-pode-confiar-nas-urnas-eletronicas\/#primaryimage"},"image":{"@id":"https:\/\/www.notibras.com\/site\/afinal-ate-onde-o-eleitor-pode-confiar-nas-urnas-eletronicas\/#primaryimage"},"thumbnailUrl":"https:\/\/www.notibras.com\/site\/wp-content\/uploads\/2014\/07\/urna.jpg","datePublished":"2014-07-15T23:04:04+00:00","breadcrumb":{"@id":"https:\/\/www.notibras.com\/site\/afinal-ate-onde-o-eleitor-pode-confiar-nas-urnas-eletronicas\/#breadcrumb"},"inLanguage":"pt-BR","potentialAction":[{"@type":"ReadAction","target":["https:\/\/www.notibras.com\/site\/afinal-ate-onde-o-eleitor-pode-confiar-nas-urnas-eletronicas\/"]}]},{"@type":"ImageObject","inLanguage":"pt-BR","@id":"https:\/\/www.notibras.com\/site\/afinal-ate-onde-o-eleitor-pode-confiar-nas-urnas-eletronicas\/#primaryimage","url":"https:\/\/www.notibras.com\/site\/wp-content\/uploads\/2014\/07\/urna.jpg","contentUrl":"https:\/\/www.notibras.com\/site\/wp-content\/uploads\/2014\/07\/urna.jpg","width":530,"height":397},{"@type":"BreadcrumbList","@id":"https:\/\/www.notibras.com\/site\/afinal-ate-onde-o-eleitor-pode-confiar-nas-urnas-eletronicas\/#breadcrumb","itemListElement":[{"@type":"ListItem","position":1,"name":"In\u00edcio","item":"https:\/\/www.notibras.com\/site\/"},{"@type":"ListItem","position":2,"name":"Afinal, at\u00e9 onde o eleitor pode confiar nas urnas eletr\u00f4nicas?"}]},{"@type":"WebSite","@id":"https:\/\/www.notibras.com\/site\/#website","url":"https:\/\/www.notibras.com\/site\/","name":"Notibras","description":"Not\u00edcias de Bras\u00edlia, do Brasil e do Mundo","publisher":{"@id":"https:\/\/www.notibras.com\/site\/#organization"},"potentialAction":[{"@type":"SearchAction","target":{"@type":"EntryPoint","urlTemplate":"https:\/\/www.notibras.com\/site\/?s={search_term_string}"},"query-input":{"@type":"PropertyValueSpecification","valueRequired":true,"valueName":"search_term_string"}}],"inLanguage":"pt-BR"},{"@type":"Organization","@id":"https:\/\/www.notibras.com\/site\/#organization","name":"Grupo Notibras de Comunica\u00e7\u00e3o","url":"https:\/\/www.notibras.com\/site\/","logo":{"@type":"ImageObject","inLanguage":"pt-BR","@id":"https:\/\/www.notibras.com\/site\/#\/schema\/logo\/image\/","url":"https:\/\/www.notibras.com\/site\/wp-content\/uploads\/2023\/01\/notibras23.png","contentUrl":"https:\/\/www.notibras.com\/site\/wp-content\/uploads\/2023\/01\/notibras23.png","width":350,"height":87,"caption":"Grupo Notibras de Comunica\u00e7\u00e3o"},"image":{"@id":"https:\/\/www.notibras.com\/site\/#\/schema\/logo\/image\/"},"sameAs":["https:\/\/www.facebook.com\/notibras\/","https:\/\/x.com\/Notibras","https:\/\/www.instagram.com\/notibras\/"]},{"@type":"Person","@id":"https:\/\/www.notibras.com\/site\/#\/schema\/person\/36ab0979449956132d3e5b517ea76ac8","name":"Reda\u00e7\u00e3o","image":{"@type":"ImageObject","inLanguage":"pt-BR","@id":"https:\/\/secure.gravatar.com\/avatar\/e0a867bdedb85fd243eadf09663511f96fc81e0720a4a42581f334ad4303aa6b?s=96&d=mm&r=g","url":"https:\/\/secure.gravatar.com\/avatar\/e0a867bdedb85fd243eadf09663511f96fc81e0720a4a42581f334ad4303aa6b?s=96&d=mm&r=g","contentUrl":"https:\/\/secure.gravatar.com\/avatar\/e0a867bdedb85fd243eadf09663511f96fc81e0720a4a42581f334ad4303aa6b?s=96&d=mm&r=g","caption":"Reda\u00e7\u00e3o"}}]}},"amp_enabled":true,"_links":{"self":[{"href":"https:\/\/www.notibras.com\/site\/wp-json\/wp\/v2\/posts\/16327","targetHints":{"allow":["GET"]}}],"collection":[{"href":"https:\/\/www.notibras.com\/site\/wp-json\/wp\/v2\/posts"}],"about":[{"href":"https:\/\/www.notibras.com\/site\/wp-json\/wp\/v2\/types\/post"}],"author":[{"embeddable":true,"href":"https:\/\/www.notibras.com\/site\/wp-json\/wp\/v2\/users\/2"}],"replies":[{"embeddable":true,"href":"https:\/\/www.notibras.com\/site\/wp-json\/wp\/v2\/comments?post=16327"}],"version-history":[{"count":0,"href":"https:\/\/www.notibras.com\/site\/wp-json\/wp\/v2\/posts\/16327\/revisions"}],"wp:featuredmedia":[{"embeddable":true,"href":"https:\/\/www.notibras.com\/site\/wp-json\/wp\/v2\/media\/16328"}],"wp:attachment":[{"href":"https:\/\/www.notibras.com\/site\/wp-json\/wp\/v2\/media?parent=16327"}],"wp:term":[{"taxonomy":"category","embeddable":true,"href":"https:\/\/www.notibras.com\/site\/wp-json\/wp\/v2\/categories?post=16327"},{"taxonomy":"post_tag","embeddable":true,"href":"https:\/\/www.notibras.com\/site\/wp-json\/wp\/v2\/tags?post=16327"}],"curies":[{"name":"wp","href":"https:\/\/api.w.org\/{rel}","templated":true}]}}