{"id":16347,"date":"2014-07-15T21:02:36","date_gmt":"2014-07-16T00:02:36","guid":{"rendered":"http:\/\/www.notibras.com\/site\/?p=16347"},"modified":"2014-07-16T12:42:19","modified_gmt":"2014-07-16T15:42:19","slug":"turquia-compara-israel-a-alemanha-de-hitler-sao-nazistas-diz-erdogan","status":"publish","type":"post","link":"https:\/\/www.notibras.com\/site\/turquia-compara-israel-a-alemanha-de-hitler-sao-nazistas-diz-erdogan\/","title":{"rendered":"Turquia compara Israel \u00e0 Alemanha de Hitler. &#8216;Nazistas&#8217;, diz Erdogan"},"content":{"rendered":"<p>O primeiro-ministro da Turquia, Tayyip Erdogan, acusou Israel de &#8220;aterrorizar a regi\u00e3o&#8221; com o bombardeio contra a Faixa de Gaza e comparou uma parlamentar israelense a Hitler, em um embate que provavelmente vai piorar as j\u00e1 fr\u00e1geis rela\u00e7\u00f5es bilaterais.<\/p>\n<p class=\"text\">Israel retomou nesta ter\u00e7a-feira os ataques contra Gaza, seis horas depois que uma proposta eg\u00edpcia de cessar-fogo n\u00e3o conseguiu conter os disparos de foguetes por militantes palestinos.<\/p>\n<p class=\"text\">Pelo menos 184 palestinos, muitos deles civis, foram mortos desde que as opera\u00e7\u00f5es militares israelenses come\u00e7aram h\u00e1 uma semana.<\/p>\n<blockquote>\n<p class=\"text\">&#8220;Com o desprezo pelo direito internacional, Israel continua a aterrorizar a regi\u00e3o&#8221;, disse Erdogan a membros do Partido AK, do premi\u00ea, em um discurso no Parlamento nesta ter\u00e7a-feira. &#8220;Nenhuma tirania \u00e9 eterna, mais cedo ou mais tarde todos os tiranos t\u00eam de pagar o pre\u00e7o&#8230; Essa tirania n\u00e3o ficar\u00e1 impune&#8221;, acrescentou.<\/p>\n<\/blockquote>\n<p class=\"text\">As palavras de Erdogan fizeram seus partid\u00e1rios gritarem: &#8220;A Turquia tem orgulho de voc\u00ea&#8221;.<\/p>\n<p class=\"text\">Antigamente, a Turquia era o aliado estrat\u00e9gico mais pr\u00f3ximo de Israel na regi\u00e3o, mas Erdogan tem sido cada vez mais contundente na sua cr\u00edtica \u00e0 forma como Israel tem tratado os palestinos nos \u00faltimos anos.<\/p>\n<p class=\"text\">A ret\u00f3rica \u00e9 bem-vista por sua base eleitoral mu\u00e7ulmana sunita, em grande parte conservadora, em especial em sua campanha para se tornar o primeiro presidente da Turquia eleito diretamente nas elei\u00e7\u00f5es de 10 de agosto.<\/p>\n<p class=\"text\">Erdogan tamb\u00e9m censurou uma parlamentar israelense, aparentemente Ayelet Shaked, do partido ultranacionalista Casa Judaica, parte da coaliz\u00e3o do primeiro-ministro Benjamin Netanyahu.<\/p>\n<p class=\"text\">&#8220;Uma mulher israelense disse que as m\u00e3es palestinas tamb\u00e9m devem ser mortas. E ela \u00e9 um membro do Parlamento israelense. Qual \u00e9 a diferen\u00e7a entre esta mentalidade e Hitler?&#8221;, questionou.<\/p>\n<p class=\"text\">A m\u00eddia pr\u00f3-palestina acusou Shaked na semana passada de incita\u00e7\u00e3o \u00e0 viol\u00eancia depois que ela postou no Facebook um trecho dos escritos de um jornalista israelense dizendo que as &#8220;m\u00e3es dos m\u00e1rtires&#8221; tamb\u00e9m deveriam ser mortas, referindo-se a mulheres palestinas cujos filhos realizam atentados suicidas com o encorajamento delas.<\/p>\n<p class=\"text\">&#8220;Elas deveriam seguir os passos dos seus filhos. N\u00e3o h\u00e1 nada mais justo do que isso. Eles precisam ir&#8221;, de acordo com a mensagem publicada.<\/p>\n<p class=\"text\">O gabinete de Shaked negou que ela tenha incitado \u00e0 viol\u00eancia, e a pr\u00f3pria parlamentar manifestou palavras duras para Erdogan.<\/p>\n<blockquote>\n<p class=\"text\">&#8220;Eu sinto muito que um l\u00edder antissemita lidere o governo turco&#8221;, disse \u00e0 emissora Canal Dois, de Israel. &#8220;Espero muito sinceramente que os la\u00e7os entre os pa\u00edses e entre o povo judeu e o povo turco continuem a ser fortes e firmes, apesar do seu l\u00edder.&#8221;<\/p>\n<\/blockquote>\n","protected":false},"excerpt":{"rendered":"<p>O primeiro-ministro da Turquia, Tayyip Erdogan, acusou Israel de &#8220;aterrorizar a regi\u00e3o&#8221; com o bombardeio contra a Faixa de Gaza e comparou uma parlamentar israelense a Hitler, em um embate que provavelmente vai piorar as j\u00e1 fr\u00e1geis rela\u00e7\u00f5es bilaterais. Israel retomou nesta ter\u00e7a-feira os ataques contra Gaza, seis horas depois que uma proposta eg\u00edpcia de [&hellip;]<\/p>\n","protected":false},"author":2,"featured_media":16348,"comment_status":"open","ping_status":"closed","sticky":false,"template":"","format":"standard","meta":{"_acf_changed":false,"footnotes":""},"categories":[17],"tags":[],"class_list":["post-16347","post","type-post","status-publish","format-standard","has-post-thumbnail","hentry","category-mundo"],"acf":[],"_links":{"self":[{"href":"https:\/\/www.notibras.com\/site\/wp-json\/wp\/v2\/posts\/16347","targetHints":{"allow":["GET"]}}],"collection":[{"href":"https:\/\/www.notibras.com\/site\/wp-json\/wp\/v2\/posts"}],"about":[{"href":"https:\/\/www.notibras.com\/site\/wp-json\/wp\/v2\/types\/post"}],"author":[{"embeddable":true,"href":"https:\/\/www.notibras.com\/site\/wp-json\/wp\/v2\/users\/2"}],"replies":[{"embeddable":true,"href":"https:\/\/www.notibras.com\/site\/wp-json\/wp\/v2\/comments?post=16347"}],"version-history":[{"count":0,"href":"https:\/\/www.notibras.com\/site\/wp-json\/wp\/v2\/posts\/16347\/revisions"}],"wp:featuredmedia":[{"embeddable":true,"href":"https:\/\/www.notibras.com\/site\/wp-json\/wp\/v2\/media\/16348"}],"wp:attachment":[{"href":"https:\/\/www.notibras.com\/site\/wp-json\/wp\/v2\/media?parent=16347"}],"wp:term":[{"taxonomy":"category","embeddable":true,"href":"https:\/\/www.notibras.com\/site\/wp-json\/wp\/v2\/categories?post=16347"},{"taxonomy":"post_tag","embeddable":true,"href":"https:\/\/www.notibras.com\/site\/wp-json\/wp\/v2\/tags?post=16347"}],"curies":[{"name":"wp","href":"https:\/\/api.w.org\/{rel}","templated":true}]}}