{"id":16371,"date":"2014-07-15T22:45:12","date_gmt":"2014-07-16T01:45:12","guid":{"rendered":"http:\/\/www.notibras.com\/site\/?p=16371"},"modified":"2014-07-15T22:51:37","modified_gmt":"2014-07-16T01:51:37","slug":"tribunal-de-contas-do-df-vira-balcao-de-negocios-eleitoreiros-de-agnelo","status":"publish","type":"post","link":"https:\/\/www.notibras.com\/site\/tribunal-de-contas-do-df-vira-balcao-de-negocios-eleitoreiros-de-agnelo\/","title":{"rendered":"Tribunal de Contas vira balc\u00e3o de neg\u00f3cios eleitoreiros de Agnelo"},"content":{"rendered":"<p>Quem ganhou dinheiro com a Cidade Digital, mais uma ilus\u00e3o que o governador Agnelo Queiroz (PT) ergueu como bandeira eleitoral e vendeu \u00e0 sociedade e a empres\u00e1rios, se deu bem. Quem investiu, pagou consultoria, pode at\u00e9 deixar por isso mesmo. O assunto, por\u00e9m, n\u00e3o morre a\u00ed. \u00c9 que o Minist\u00e9rio P\u00f9blico e a Pol\u00edcia Federal est\u00e3o dispostos a investigar toda a artimanha existente por tr\u00e1s de tudo isso.<\/p>\n<p>Um relat\u00f3rio de posse do MP e da PF indica que o Parque Tecnol\u00f3gico Cidade Digital n\u00e3o prosperou em raz\u00e3o da mistura de incompet\u00eancia e interesses de uma esp\u00e9cie de <em>famiglia<\/em> que tem ra\u00edzes no Pal\u00e1cio do Buriti. As ramifica\u00e7\u00f5es passam pelo Tribunal de Contas do Distrito Federal e Setor Comercial Norte, onde escrit\u00f3rios de advogados se arvoram em fazer brotar dinheiro da terra seca do cerrado.<\/p>\n<p>O projeto original do Parque Tecnol\u00f3gico, esbo\u00e7ado por profissionais s\u00e9rios e assim visto por investidores nacionais e internacionais, atraiu o interesse de diferentes grupos empresariais. Aos poucos, por\u00e9m, quem estava disposto a aplicar na iniciativa, respeitadas as pr\u00e1ticas s\u00e9rias do modelo capitalista, come\u00e7ou a ser dissuadido a desistir. E milh\u00f5es de d\u00f3lares limpos deram as costas a Bras\u00edlia.<\/p>\n<blockquote><p>Dois personagens que mais tiveram influ\u00eancia no processo de esvaziamento da Cidade Digital s\u00e3o pessoas pr\u00f3ximas a Agnelo Queiroz. De um lado, Luiz Carlos Alcoforado, advogado do governador. De outro, Paulo Tadeu, o \u2018Menino de Ouro\u2019 de Sobradinho, ex-deputado federal, ex-secret\u00e1rio de Governo e hoje conselheiro do Tribunal de Contas.<\/p><\/blockquote>\n<p>Enquanto Alcoforado promovia em conversas informais o fracasso do projeto, Paulo Tadeu agia nos bastidores, articulando a\u00e7\u00f5es para beneficiar empresas associadas a seus prepostos. E a Cidade Digital, que geraria empregos e impostos, se transformou em um grande laranjal para beneficiar um grupo seleto de amigos de Agnelo Queiroz.<\/p>\n<p>Alcoforado tentou amarrar tudo com um investidor espanhol. Chegou mesmo a assinar um contrato de consultoria com Javier Mateo, presidente da Gaia New Technologies. Pelo trabalho oferecido, sa\u00edram cerca de 40 mil euros da Espanha, o equivalente a 120 mil reais, a t\u00edtulo de pagamento dos servi\u00e7os ofertados pelo advogado.<\/p>\n<blockquote><p>Enquanto isso, os tent\u00e1culos do conselheiro Paulo Tadeu se movimentavam em todas as dire\u00e7\u00f5es. Puxou gente do Paran\u00e1. E a Construtora Cathedral se associou \u00e0 Gaia. A parte do \u2018Menino de Ouro\u2019 estava assegurada numa suposta divis\u00e3o do bolo. E para que Alcoforado e Agnelo n\u00e3o ficassem para tr\u00e1s, buscou-se em An\u00e1polis, Goi\u00e1s, a ANCC Comunica\u00e7\u00f5es para representar os interesses do advogado e do governador.<\/p><\/blockquote>\n<p>A rela\u00e7\u00e3o umbilical de Paulo Tadeu com Agnelo Queiroz, Luiz Carlos Alcoforado e o segmento das ind\u00fastrias da constru\u00e7\u00e3o civil e de software foi confiada a L\u00facio Fl\u00e1vio, irm\u00e3o do conselheiro e s\u00f3cio informal de Jo\u00e3o Teodoro, presidente do Conselho Federal dos Corretores de Im\u00f3veis.Teodoro representa os interesses de Mateo no Brasil.<\/p>\n<p><a href=\"http:\/\/www.notibras.com\/site\/wp-content\/uploads\/2014\/07\/Sem-t\u00edtulo-1.jpg\"><img loading=\"lazy\" decoding=\"async\" class=\"alignnone size-full wp-image-16378\" src=\"http:\/\/www.notibras.com\/site\/wp-content\/uploads\/2014\/07\/Sem-t\u00edtulo-1.jpg\" alt=\"Sem t\u00edtulo-1\" width=\"660\" height=\"226\" srcset=\"https:\/\/www.notibras.com\/site\/wp-content\/uploads\/2014\/07\/Sem-t\u00edtulo-1.jpg 660w, https:\/\/www.notibras.com\/site\/wp-content\/uploads\/2014\/07\/Sem-t\u00edtulo-1-300x103.jpg 300w\" sizes=\"auto, (max-width: 660px) 100vw, 660px\" \/><\/a><\/p>\n<p>Para atuar com desenvoltura, L\u00facio Fl\u00e1vio ganhou uma sala na sede do Cofeci, no Conic , ponto de converg\u00eancia de muita coisa ruim no Setor de Divers\u00f5es Sul de Bras\u00edlia. Quando o movimento come\u00e7ava a levantar suspeitas, ele descia um andar e se acomodava em uma outra sala. Mas o teto, como as paredes, tem ouvidos. E muito do que se conversava, vazava.<\/p>\n<p>Neg\u00f3cios s\u00f3rdidos fizeram aflorar dinheiro que passou depois por algumas lavanderias. A hist\u00f3ria \u00e9 longa, complexa. Envolve mais gente do Tribunal de Contas do Distrito Federal, do gabinete de Agnelo Queiroz e da antiga dire\u00e7\u00e3o da Terracap.\u00a0 O Banco do Brasil estava prestes a colocar a m\u00e3o na cumbuca, mas recuou. O Banco de Bras\u00edlia, onde o governador manda, ficou a ver navios. E Paulo Tadeu e Luiz Carlos Alcoforado, como o pr\u00f3prio governador, acreditam que sair\u00e3o ilesos de tudo isso.<\/p>\n<p><strong>Jos\u00e9 Seabra<\/strong><\/p>\n","protected":false},"excerpt":{"rendered":"<p>Quem ganhou dinheiro com a Cidade Digital, mais uma ilus\u00e3o que o governador Agnelo Queiroz (PT) ergueu como bandeira eleitoral e vendeu \u00e0 sociedade e a empres\u00e1rios, se deu bem. Quem investiu, pagou consultoria, pode at\u00e9 deixar por isso mesmo. O assunto, por\u00e9m, n\u00e3o morre a\u00ed. \u00c9 que o Minist\u00e9rio P\u00f9blico e a Pol\u00edcia Federal [&hellip;]<\/p>\n","protected":false},"author":2,"featured_media":16372,"comment_status":"open","ping_status":"closed","sticky":false,"template":"","format":"standard","meta":{"_acf_changed":false,"footnotes":""},"categories":[33],"tags":[],"class_list":["post-16371","post","type-post","status-publish","format-standard","has-post-thumbnail","hentry","category-eleicoes-2014"],"acf":[],"yoast_head":"<!-- This site is optimized with the Yoast SEO plugin v27.2 - https:\/\/yoast.com\/product\/yoast-seo-wordpress\/ -->\n<title>Tribunal de Contas vira balc\u00e3o de neg\u00f3cios eleitoreiros de Agnelo - Notibras<\/title>\n<meta name=\"robots\" content=\"index, follow, max-snippet:-1, max-image-preview:large, max-video-preview:-1\" \/>\n<link rel=\"canonical\" href=\"https:\/\/www.notibras.com\/site\/tribunal-de-contas-do-df-vira-balcao-de-negocios-eleitoreiros-de-agnelo\/\" \/>\n<meta property=\"og:locale\" content=\"pt_BR\" \/>\n<meta property=\"og:type\" content=\"article\" \/>\n<meta property=\"og:title\" content=\"Tribunal de Contas vira balc\u00e3o de neg\u00f3cios eleitoreiros de Agnelo - Notibras\" \/>\n<meta property=\"og:description\" content=\"Quem ganhou dinheiro com a Cidade Digital, mais uma ilus\u00e3o que o governador Agnelo Queiroz (PT) ergueu como bandeira eleitoral e vendeu \u00e0 sociedade e a empres\u00e1rios, se deu bem. Quem investiu, pagou consultoria, pode at\u00e9 deixar por isso mesmo. O assunto, por\u00e9m, n\u00e3o morre a\u00ed. \u00c9 que o Minist\u00e9rio P\u00f9blico e a Pol\u00edcia Federal [&hellip;]\" \/>\n<meta property=\"og:url\" content=\"https:\/\/www.notibras.com\/site\/tribunal-de-contas-do-df-vira-balcao-de-negocios-eleitoreiros-de-agnelo\/\" \/>\n<meta property=\"og:site_name\" content=\"Notibras\" \/>\n<meta property=\"article:publisher\" content=\"https:\/\/www.facebook.com\/notibras\/\" \/>\n<meta property=\"article:published_time\" content=\"2014-07-16T01:45:12+00:00\" \/>\n<meta property=\"article:modified_time\" content=\"2014-07-16T01:51:37+00:00\" \/>\n<meta property=\"og:image\" content=\"https:\/\/www.notibras.com\/site\/wp-content\/uploads\/2014\/07\/Paulo-tadeu-e-Agnelo-Queiroz.jpg\" \/>\n\t<meta property=\"og:image:width\" content=\"372\" \/>\n\t<meta property=\"og:image:height\" content=\"286\" \/>\n\t<meta property=\"og:image:type\" content=\"image\/jpeg\" \/>\n<meta name=\"author\" content=\"Reda\u00e7\u00e3o\" \/>\n<meta name=\"twitter:card\" content=\"summary_large_image\" \/>\n<meta name=\"twitter:creator\" content=\"@Notibras\" \/>\n<meta name=\"twitter:site\" content=\"@Notibras\" \/>\n<meta name=\"twitter:label1\" content=\"Escrito por\" \/>\n\t<meta name=\"twitter:data1\" content=\"Reda\u00e7\u00e3o\" \/>\n\t<meta name=\"twitter:label2\" content=\"Est. tempo de leitura\" \/>\n\t<meta name=\"twitter:data2\" content=\"3 minutos\" \/>\n<script type=\"application\/ld+json\" class=\"yoast-schema-graph\">{\"@context\":\"https:\/\/schema.org\",\"@graph\":[{\"@type\":\"Article\",\"@id\":\"https:\/\/www.notibras.com\/site\/tribunal-de-contas-do-df-vira-balcao-de-negocios-eleitoreiros-de-agnelo\/#article\",\"isPartOf\":{\"@id\":\"https:\/\/www.notibras.com\/site\/tribunal-de-contas-do-df-vira-balcao-de-negocios-eleitoreiros-de-agnelo\/\"},\"author\":{\"name\":\"Reda\u00e7\u00e3o\",\"@id\":\"https:\/\/www.notibras.com\/site\/#\/schema\/person\/36ab0979449956132d3e5b517ea76ac8\"},\"headline\":\"Tribunal de Contas vira balc\u00e3o de neg\u00f3cios eleitoreiros de Agnelo\",\"datePublished\":\"2014-07-16T01:45:12+00:00\",\"dateModified\":\"2014-07-16T01:51:37+00:00\",\"mainEntityOfPage\":{\"@id\":\"https:\/\/www.notibras.com\/site\/tribunal-de-contas-do-df-vira-balcao-de-negocios-eleitoreiros-de-agnelo\/\"},\"wordCount\":679,\"commentCount\":0,\"publisher\":{\"@id\":\"https:\/\/www.notibras.com\/site\/#organization\"},\"image\":{\"@id\":\"https:\/\/www.notibras.com\/site\/tribunal-de-contas-do-df-vira-balcao-de-negocios-eleitoreiros-de-agnelo\/#primaryimage\"},\"thumbnailUrl\":\"https:\/\/www.notibras.com\/site\/wp-content\/uploads\/2014\/07\/Paulo-tadeu-e-Agnelo-Queiroz.jpg\",\"articleSection\":[\"Elei\u00e7\u00f5es 2014\"],\"inLanguage\":\"pt-BR\",\"potentialAction\":[{\"@type\":\"CommentAction\",\"name\":\"Comment\",\"target\":[\"https:\/\/www.notibras.com\/site\/tribunal-de-contas-do-df-vira-balcao-de-negocios-eleitoreiros-de-agnelo\/#respond\"]}]},{\"@type\":\"WebPage\",\"@id\":\"https:\/\/www.notibras.com\/site\/tribunal-de-contas-do-df-vira-balcao-de-negocios-eleitoreiros-de-agnelo\/\",\"url\":\"https:\/\/www.notibras.com\/site\/tribunal-de-contas-do-df-vira-balcao-de-negocios-eleitoreiros-de-agnelo\/\",\"name\":\"Tribunal de Contas vira balc\u00e3o de neg\u00f3cios eleitoreiros de Agnelo - Notibras\",\"isPartOf\":{\"@id\":\"https:\/\/www.notibras.com\/site\/#website\"},\"primaryImageOfPage\":{\"@id\":\"https:\/\/www.notibras.com\/site\/tribunal-de-contas-do-df-vira-balcao-de-negocios-eleitoreiros-de-agnelo\/#primaryimage\"},\"image\":{\"@id\":\"https:\/\/www.notibras.com\/site\/tribunal-de-contas-do-df-vira-balcao-de-negocios-eleitoreiros-de-agnelo\/#primaryimage\"},\"thumbnailUrl\":\"https:\/\/www.notibras.com\/site\/wp-content\/uploads\/2014\/07\/Paulo-tadeu-e-Agnelo-Queiroz.jpg\",\"datePublished\":\"2014-07-16T01:45:12+00:00\",\"dateModified\":\"2014-07-16T01:51:37+00:00\",\"breadcrumb\":{\"@id\":\"https:\/\/www.notibras.com\/site\/tribunal-de-contas-do-df-vira-balcao-de-negocios-eleitoreiros-de-agnelo\/#breadcrumb\"},\"inLanguage\":\"pt-BR\",\"potentialAction\":[{\"@type\":\"ReadAction\",\"target\":[\"https:\/\/www.notibras.com\/site\/tribunal-de-contas-do-df-vira-balcao-de-negocios-eleitoreiros-de-agnelo\/\"]}]},{\"@type\":\"ImageObject\",\"inLanguage\":\"pt-BR\",\"@id\":\"https:\/\/www.notibras.com\/site\/tribunal-de-contas-do-df-vira-balcao-de-negocios-eleitoreiros-de-agnelo\/#primaryimage\",\"url\":\"https:\/\/www.notibras.com\/site\/wp-content\/uploads\/2014\/07\/Paulo-tadeu-e-Agnelo-Queiroz.jpg\",\"contentUrl\":\"https:\/\/www.notibras.com\/site\/wp-content\/uploads\/2014\/07\/Paulo-tadeu-e-Agnelo-Queiroz.jpg\",\"width\":372,\"height\":286},{\"@type\":\"BreadcrumbList\",\"@id\":\"https:\/\/www.notibras.com\/site\/tribunal-de-contas-do-df-vira-balcao-de-negocios-eleitoreiros-de-agnelo\/#breadcrumb\",\"itemListElement\":[{\"@type\":\"ListItem\",\"position\":1,\"name\":\"In\u00edcio\",\"item\":\"https:\/\/www.notibras.com\/site\/\"},{\"@type\":\"ListItem\",\"position\":2,\"name\":\"Tribunal de Contas vira balc\u00e3o de neg\u00f3cios eleitoreiros de Agnelo\"}]},{\"@type\":\"WebSite\",\"@id\":\"https:\/\/www.notibras.com\/site\/#website\",\"url\":\"https:\/\/www.notibras.com\/site\/\",\"name\":\"Notibras\",\"description\":\"Not\u00edcias de Bras\u00edlia, do Brasil e do Mundo\",\"publisher\":{\"@id\":\"https:\/\/www.notibras.com\/site\/#organization\"},\"potentialAction\":[{\"@type\":\"SearchAction\",\"target\":{\"@type\":\"EntryPoint\",\"urlTemplate\":\"https:\/\/www.notibras.com\/site\/?s={search_term_string}\"},\"query-input\":{\"@type\":\"PropertyValueSpecification\",\"valueRequired\":true,\"valueName\":\"search_term_string\"}}],\"inLanguage\":\"pt-BR\"},{\"@type\":\"Organization\",\"@id\":\"https:\/\/www.notibras.com\/site\/#organization\",\"name\":\"Grupo Notibras de Comunica\u00e7\u00e3o\",\"url\":\"https:\/\/www.notibras.com\/site\/\",\"logo\":{\"@type\":\"ImageObject\",\"inLanguage\":\"pt-BR\",\"@id\":\"https:\/\/www.notibras.com\/site\/#\/schema\/logo\/image\/\",\"url\":\"https:\/\/www.notibras.com\/site\/wp-content\/uploads\/2023\/01\/notibras23.png\",\"contentUrl\":\"https:\/\/www.notibras.com\/site\/wp-content\/uploads\/2023\/01\/notibras23.png\",\"width\":350,\"height\":87,\"caption\":\"Grupo Notibras de Comunica\u00e7\u00e3o\"},\"image\":{\"@id\":\"https:\/\/www.notibras.com\/site\/#\/schema\/logo\/image\/\"},\"sameAs\":[\"https:\/\/www.facebook.com\/notibras\/\",\"https:\/\/x.com\/Notibras\",\"https:\/\/www.instagram.com\/notibras\/\"]},{\"@type\":\"Person\",\"@id\":\"https:\/\/www.notibras.com\/site\/#\/schema\/person\/36ab0979449956132d3e5b517ea76ac8\",\"name\":\"Reda\u00e7\u00e3o\",\"image\":{\"@type\":\"ImageObject\",\"inLanguage\":\"pt-BR\",\"@id\":\"https:\/\/secure.gravatar.com\/avatar\/e0a867bdedb85fd243eadf09663511f96fc81e0720a4a42581f334ad4303aa6b?s=96&d=mm&r=g\",\"url\":\"https:\/\/secure.gravatar.com\/avatar\/e0a867bdedb85fd243eadf09663511f96fc81e0720a4a42581f334ad4303aa6b?s=96&d=mm&r=g\",\"contentUrl\":\"https:\/\/secure.gravatar.com\/avatar\/e0a867bdedb85fd243eadf09663511f96fc81e0720a4a42581f334ad4303aa6b?s=96&d=mm&r=g\",\"caption\":\"Reda\u00e7\u00e3o\"}}]}<\/script>\n<!-- \/ Yoast SEO plugin. -->","yoast_head_json":{"title":"Tribunal de Contas vira balc\u00e3o de neg\u00f3cios eleitoreiros de Agnelo - Notibras","robots":{"index":"index","follow":"follow","max-snippet":"max-snippet:-1","max-image-preview":"max-image-preview:large","max-video-preview":"max-video-preview:-1"},"canonical":"https:\/\/www.notibras.com\/site\/tribunal-de-contas-do-df-vira-balcao-de-negocios-eleitoreiros-de-agnelo\/","og_locale":"pt_BR","og_type":"article","og_title":"Tribunal de Contas vira balc\u00e3o de neg\u00f3cios eleitoreiros de Agnelo - Notibras","og_description":"Quem ganhou dinheiro com a Cidade Digital, mais uma ilus\u00e3o que o governador Agnelo Queiroz (PT) ergueu como bandeira eleitoral e vendeu \u00e0 sociedade e a empres\u00e1rios, se deu bem. Quem investiu, pagou consultoria, pode at\u00e9 deixar por isso mesmo. O assunto, por\u00e9m, n\u00e3o morre a\u00ed. \u00c9 que o Minist\u00e9rio P\u00f9blico e a Pol\u00edcia Federal [&hellip;]","og_url":"https:\/\/www.notibras.com\/site\/tribunal-de-contas-do-df-vira-balcao-de-negocios-eleitoreiros-de-agnelo\/","og_site_name":"Notibras","article_publisher":"https:\/\/www.facebook.com\/notibras\/","article_published_time":"2014-07-16T01:45:12+00:00","article_modified_time":"2014-07-16T01:51:37+00:00","og_image":[{"width":372,"height":286,"url":"https:\/\/www.notibras.com\/site\/wp-content\/uploads\/2014\/07\/Paulo-tadeu-e-Agnelo-Queiroz.jpg","type":"image\/jpeg"}],"author":"Reda\u00e7\u00e3o","twitter_card":"summary_large_image","twitter_creator":"@Notibras","twitter_site":"@Notibras","twitter_misc":{"Escrito por":"Reda\u00e7\u00e3o","Est. tempo de leitura":"3 minutos"},"schema":{"@context":"https:\/\/schema.org","@graph":[{"@type":"Article","@id":"https:\/\/www.notibras.com\/site\/tribunal-de-contas-do-df-vira-balcao-de-negocios-eleitoreiros-de-agnelo\/#article","isPartOf":{"@id":"https:\/\/www.notibras.com\/site\/tribunal-de-contas-do-df-vira-balcao-de-negocios-eleitoreiros-de-agnelo\/"},"author":{"name":"Reda\u00e7\u00e3o","@id":"https:\/\/www.notibras.com\/site\/#\/schema\/person\/36ab0979449956132d3e5b517ea76ac8"},"headline":"Tribunal de Contas vira balc\u00e3o de neg\u00f3cios eleitoreiros de Agnelo","datePublished":"2014-07-16T01:45:12+00:00","dateModified":"2014-07-16T01:51:37+00:00","mainEntityOfPage":{"@id":"https:\/\/www.notibras.com\/site\/tribunal-de-contas-do-df-vira-balcao-de-negocios-eleitoreiros-de-agnelo\/"},"wordCount":679,"commentCount":0,"publisher":{"@id":"https:\/\/www.notibras.com\/site\/#organization"},"image":{"@id":"https:\/\/www.notibras.com\/site\/tribunal-de-contas-do-df-vira-balcao-de-negocios-eleitoreiros-de-agnelo\/#primaryimage"},"thumbnailUrl":"https:\/\/www.notibras.com\/site\/wp-content\/uploads\/2014\/07\/Paulo-tadeu-e-Agnelo-Queiroz.jpg","articleSection":["Elei\u00e7\u00f5es 2014"],"inLanguage":"pt-BR","potentialAction":[{"@type":"CommentAction","name":"Comment","target":["https:\/\/www.notibras.com\/site\/tribunal-de-contas-do-df-vira-balcao-de-negocios-eleitoreiros-de-agnelo\/#respond"]}]},{"@type":"WebPage","@id":"https:\/\/www.notibras.com\/site\/tribunal-de-contas-do-df-vira-balcao-de-negocios-eleitoreiros-de-agnelo\/","url":"https:\/\/www.notibras.com\/site\/tribunal-de-contas-do-df-vira-balcao-de-negocios-eleitoreiros-de-agnelo\/","name":"Tribunal de Contas vira balc\u00e3o de neg\u00f3cios eleitoreiros de Agnelo - Notibras","isPartOf":{"@id":"https:\/\/www.notibras.com\/site\/#website"},"primaryImageOfPage":{"@id":"https:\/\/www.notibras.com\/site\/tribunal-de-contas-do-df-vira-balcao-de-negocios-eleitoreiros-de-agnelo\/#primaryimage"},"image":{"@id":"https:\/\/www.notibras.com\/site\/tribunal-de-contas-do-df-vira-balcao-de-negocios-eleitoreiros-de-agnelo\/#primaryimage"},"thumbnailUrl":"https:\/\/www.notibras.com\/site\/wp-content\/uploads\/2014\/07\/Paulo-tadeu-e-Agnelo-Queiroz.jpg","datePublished":"2014-07-16T01:45:12+00:00","dateModified":"2014-07-16T01:51:37+00:00","breadcrumb":{"@id":"https:\/\/www.notibras.com\/site\/tribunal-de-contas-do-df-vira-balcao-de-negocios-eleitoreiros-de-agnelo\/#breadcrumb"},"inLanguage":"pt-BR","potentialAction":[{"@type":"ReadAction","target":["https:\/\/www.notibras.com\/site\/tribunal-de-contas-do-df-vira-balcao-de-negocios-eleitoreiros-de-agnelo\/"]}]},{"@type":"ImageObject","inLanguage":"pt-BR","@id":"https:\/\/www.notibras.com\/site\/tribunal-de-contas-do-df-vira-balcao-de-negocios-eleitoreiros-de-agnelo\/#primaryimage","url":"https:\/\/www.notibras.com\/site\/wp-content\/uploads\/2014\/07\/Paulo-tadeu-e-Agnelo-Queiroz.jpg","contentUrl":"https:\/\/www.notibras.com\/site\/wp-content\/uploads\/2014\/07\/Paulo-tadeu-e-Agnelo-Queiroz.jpg","width":372,"height":286},{"@type":"BreadcrumbList","@id":"https:\/\/www.notibras.com\/site\/tribunal-de-contas-do-df-vira-balcao-de-negocios-eleitoreiros-de-agnelo\/#breadcrumb","itemListElement":[{"@type":"ListItem","position":1,"name":"In\u00edcio","item":"https:\/\/www.notibras.com\/site\/"},{"@type":"ListItem","position":2,"name":"Tribunal de Contas vira balc\u00e3o de neg\u00f3cios eleitoreiros de Agnelo"}]},{"@type":"WebSite","@id":"https:\/\/www.notibras.com\/site\/#website","url":"https:\/\/www.notibras.com\/site\/","name":"Notibras","description":"Not\u00edcias de Bras\u00edlia, do Brasil e do Mundo","publisher":{"@id":"https:\/\/www.notibras.com\/site\/#organization"},"potentialAction":[{"@type":"SearchAction","target":{"@type":"EntryPoint","urlTemplate":"https:\/\/www.notibras.com\/site\/?s={search_term_string}"},"query-input":{"@type":"PropertyValueSpecification","valueRequired":true,"valueName":"search_term_string"}}],"inLanguage":"pt-BR"},{"@type":"Organization","@id":"https:\/\/www.notibras.com\/site\/#organization","name":"Grupo Notibras de Comunica\u00e7\u00e3o","url":"https:\/\/www.notibras.com\/site\/","logo":{"@type":"ImageObject","inLanguage":"pt-BR","@id":"https:\/\/www.notibras.com\/site\/#\/schema\/logo\/image\/","url":"https:\/\/www.notibras.com\/site\/wp-content\/uploads\/2023\/01\/notibras23.png","contentUrl":"https:\/\/www.notibras.com\/site\/wp-content\/uploads\/2023\/01\/notibras23.png","width":350,"height":87,"caption":"Grupo Notibras de Comunica\u00e7\u00e3o"},"image":{"@id":"https:\/\/www.notibras.com\/site\/#\/schema\/logo\/image\/"},"sameAs":["https:\/\/www.facebook.com\/notibras\/","https:\/\/x.com\/Notibras","https:\/\/www.instagram.com\/notibras\/"]},{"@type":"Person","@id":"https:\/\/www.notibras.com\/site\/#\/schema\/person\/36ab0979449956132d3e5b517ea76ac8","name":"Reda\u00e7\u00e3o","image":{"@type":"ImageObject","inLanguage":"pt-BR","@id":"https:\/\/secure.gravatar.com\/avatar\/e0a867bdedb85fd243eadf09663511f96fc81e0720a4a42581f334ad4303aa6b?s=96&d=mm&r=g","url":"https:\/\/secure.gravatar.com\/avatar\/e0a867bdedb85fd243eadf09663511f96fc81e0720a4a42581f334ad4303aa6b?s=96&d=mm&r=g","contentUrl":"https:\/\/secure.gravatar.com\/avatar\/e0a867bdedb85fd243eadf09663511f96fc81e0720a4a42581f334ad4303aa6b?s=96&d=mm&r=g","caption":"Reda\u00e7\u00e3o"}}]}},"amp_enabled":true,"_links":{"self":[{"href":"https:\/\/www.notibras.com\/site\/wp-json\/wp\/v2\/posts\/16371","targetHints":{"allow":["GET"]}}],"collection":[{"href":"https:\/\/www.notibras.com\/site\/wp-json\/wp\/v2\/posts"}],"about":[{"href":"https:\/\/www.notibras.com\/site\/wp-json\/wp\/v2\/types\/post"}],"author":[{"embeddable":true,"href":"https:\/\/www.notibras.com\/site\/wp-json\/wp\/v2\/users\/2"}],"replies":[{"embeddable":true,"href":"https:\/\/www.notibras.com\/site\/wp-json\/wp\/v2\/comments?post=16371"}],"version-history":[{"count":0,"href":"https:\/\/www.notibras.com\/site\/wp-json\/wp\/v2\/posts\/16371\/revisions"}],"wp:featuredmedia":[{"embeddable":true,"href":"https:\/\/www.notibras.com\/site\/wp-json\/wp\/v2\/media\/16372"}],"wp:attachment":[{"href":"https:\/\/www.notibras.com\/site\/wp-json\/wp\/v2\/media?parent=16371"}],"wp:term":[{"taxonomy":"category","embeddable":true,"href":"https:\/\/www.notibras.com\/site\/wp-json\/wp\/v2\/categories?post=16371"},{"taxonomy":"post_tag","embeddable":true,"href":"https:\/\/www.notibras.com\/site\/wp-json\/wp\/v2\/tags?post=16371"}],"curies":[{"name":"wp","href":"https:\/\/api.w.org\/{rel}","templated":true}]}}