{"id":16380,"date":"2014-07-15T23:51:01","date_gmt":"2014-07-16T02:51:01","guid":{"rendered":"http:\/\/www.notibras.com\/site\/?p=16380"},"modified":"2014-07-15T23:51:34","modified_gmt":"2014-07-16T02:51:34","slug":"kleber-marca-em-estreia-e-vasco-goleia-santa-cruz-na-volta-da-serie-b","status":"publish","type":"post","link":"https:\/\/www.notibras.com\/site\/kleber-marca-em-estreia-e-vasco-goleia-santa-cruz-na-volta-da-serie-b\/","title":{"rendered":"Kleber marca em estreia e Vasco goleia Santa Cruz na volta da S\u00e9rie B"},"content":{"rendered":"<p>Apesar de n\u00e3o ter a mesma qualidade das sele\u00e7\u00f5es que passaram pela Arena Pantanal durante a Copa do Mundo, Vasco e Santa Cruz fizeram uma partida eletrizante e muito movimentada nesta ter\u00e7a-feira, pela 11\u00aa rodada da S\u00e9rie B, em Cuiab\u00e1. A equipe pernambucana saiu na frente, mas os vasca\u00ednos, ainda no primeiro tempo, viraram o jogo e golearam por 4 a 1 na etapa final. O destaque ficou para a estreia de Kleber, respons\u00e1vel pelo terceiro gol da equipe carioca.<\/p>\n<p>A expectativa antes da bola rolar era para a estreia do atacante com a camisa do Vasco. Mesmo ap\u00f3s ficar um tempo parado por conta de uma les\u00e3o sofrida no joelho esquerdo, o camisa 30 conseguiu atuar por 87 minutos e, apesar da atua\u00e7\u00e3o discreta, ainda deixou sua marca em uma cobran\u00e7a de p\u00eanalti.<\/p>\n<p>A equive vasca\u00edna foi melhor no primeiro tempo, mas sofreu com os espa\u00e7os deixados pelo setor defensivo, pincipalmente pelos lados do campo. Ao 18min, na primeira oportunidade do Santa Cruz, Danilo Pires recebeu pela esquerda, cortou para o meio e bateu cruzado, sem chances para o goleiro Mart\u00edn Silva.<\/p>\n<p>O Vasco ent\u00e3o come\u00e7ou a pressionar e quase empatou aos 30min. Dakson cobrou falta de muito longe e mandou a bola no travess\u00e3o. O gol estava amadurecendo e saiu quatro minutos depois. Fabr\u00edcio pegou rebote e bateu de primeira, da entrada da \u00e1rea, no cantinho de Tiago Cardoso. Com mais volume de jogo, Dakson dessa vez cobrou falta para \u00e1rea e Douglas Silva, livre, completou para o fundo da rede, virando o placar.<\/p>\n<p>A etapa final come\u00e7ou t\u00e3o movimentada quanto o primeiro tempo. J\u00e1 aos 6min, Danilo Pires chutou de fora da \u00e1rea e Mart\u00edn Silva espalmou. Em seguida, a bola tocou no bra\u00e7o de um defensor vasca\u00edno, mas o \u00e1rbitro n\u00e3o marcou nada.<\/p>\n<p>Com o placar favor\u00e1vel, o Vasco come\u00e7ou a controlar o ritmo da partida, trocando passes no meio de campo. Aos 21min, Carlos C\u00e9sar caiu em disputa com Renan Fonseca na grande \u00e1rea e o \u00e1rbitro assinalou p\u00eanalti. Na cobran\u00e7a, o estreante Kleber deslocou o goleiro e anotou o terceiro. No final do jogo, o Vasco apostou nos contra-ataques para matar a partida. Aos 30min, Lucas Crispim cruzou rasteiro pela esquerda e Fabr\u00edcio, livre, pegou de primeira e fez seu segundo gol na noite, dando n\u00fameros finais ao placar.<\/p>\n<blockquote><p>Com a vit\u00f3ria, o Vasco ganha tr\u00eas posi\u00e7\u00f5es e assume o 7\u00ba lugar, com 17 pontos. J\u00e1 o Santa Cruz perde duas e acaba a rodada na 10\u00aa coloca\u00e7\u00e3o, com 16 pontos ganhos. Os cariocas recebem o Am\u00e9rica-RN, no pr\u00f3ximo s\u00e1bado, em S\u00e3o Janu\u00e1rio, enquanto a equipe pernambucana visita o Vila Nova.<\/p><\/blockquote>\n","protected":false},"excerpt":{"rendered":"<p>Apesar de n\u00e3o ter a mesma qualidade das sele\u00e7\u00f5es que passaram pela Arena Pantanal durante a Copa do Mundo, Vasco e Santa Cruz fizeram uma partida eletrizante e muito movimentada nesta ter\u00e7a-feira, pela 11\u00aa rodada da S\u00e9rie B, em Cuiab\u00e1. A equipe pernambucana saiu na frente, mas os vasca\u00ednos, ainda no primeiro tempo, viraram o [&hellip;]<\/p>\n","protected":false},"author":1,"featured_media":16381,"comment_status":"open","ping_status":"closed","sticky":false,"template":"","format":"standard","meta":{"_acf_changed":false,"footnotes":""},"categories":[29],"tags":[],"class_list":["post-16380","post","type-post","status-publish","format-standard","has-post-thumbnail","hentry","category-futebol"],"acf":[],"yoast_head":"<!-- This site is optimized with the Yoast SEO plugin v27.2 - https:\/\/yoast.com\/product\/yoast-seo-wordpress\/ -->\n<title>Kleber marca em estreia e Vasco goleia Santa Cruz na volta da S\u00e9rie B - Notibras<\/title>\n<meta name=\"robots\" content=\"index, follow, max-snippet:-1, max-image-preview:large, max-video-preview:-1\" \/>\n<link rel=\"canonical\" href=\"https:\/\/www.notibras.com\/site\/kleber-marca-em-estreia-e-vasco-goleia-santa-cruz-na-volta-da-serie-b\/\" \/>\n<meta property=\"og:locale\" content=\"pt_BR\" \/>\n<meta property=\"og:type\" content=\"article\" \/>\n<meta property=\"og:title\" content=\"Kleber marca em estreia e Vasco goleia Santa Cruz na volta da S\u00e9rie B - Notibras\" \/>\n<meta property=\"og:description\" content=\"Apesar de n\u00e3o ter a mesma qualidade das sele\u00e7\u00f5es que passaram pela Arena Pantanal durante a Copa do Mundo, Vasco e Santa Cruz fizeram uma partida eletrizante e muito movimentada nesta ter\u00e7a-feira, pela 11\u00aa rodada da S\u00e9rie B, em Cuiab\u00e1. A equipe pernambucana saiu na frente, mas os vasca\u00ednos, ainda no primeiro tempo, viraram o [&hellip;]\" \/>\n<meta property=\"og:url\" content=\"https:\/\/www.notibras.com\/site\/kleber-marca-em-estreia-e-vasco-goleia-santa-cruz-na-volta-da-serie-b\/\" \/>\n<meta property=\"og:site_name\" content=\"Notibras\" \/>\n<meta property=\"article:publisher\" content=\"https:\/\/www.facebook.com\/notibras\/\" \/>\n<meta property=\"article:published_time\" content=\"2014-07-16T02:51:01+00:00\" \/>\n<meta property=\"article:modified_time\" content=\"2014-07-16T02:51:34+00:00\" \/>\n<meta property=\"og:image\" content=\"https:\/\/www.notibras.com\/site\/wp-content\/uploads\/2014\/07\/Sem-t\u00edtulo-11.jpg\" \/>\n\t<meta property=\"og:image:width\" content=\"460\" \/>\n\t<meta property=\"og:image:height\" content=\"340\" \/>\n\t<meta property=\"og:image:type\" content=\"image\/jpeg\" \/>\n<meta name=\"author\" content=\"Reda\u00e7\u00e3o\" \/>\n<meta name=\"twitter:card\" content=\"summary_large_image\" \/>\n<meta name=\"twitter:creator\" content=\"@Notibras\" \/>\n<meta name=\"twitter:site\" content=\"@Notibras\" \/>\n<meta name=\"twitter:label1\" content=\"Escrito por\" \/>\n\t<meta name=\"twitter:data1\" content=\"Reda\u00e7\u00e3o\" \/>\n\t<meta name=\"twitter:label2\" content=\"Est. tempo de leitura\" \/>\n\t<meta name=\"twitter:data2\" content=\"2 minutos\" \/>\n<script type=\"application\/ld+json\" class=\"yoast-schema-graph\">{\"@context\":\"https:\/\/schema.org\",\"@graph\":[{\"@type\":\"Article\",\"@id\":\"https:\/\/www.notibras.com\/site\/kleber-marca-em-estreia-e-vasco-goleia-santa-cruz-na-volta-da-serie-b\/#article\",\"isPartOf\":{\"@id\":\"https:\/\/www.notibras.com\/site\/kleber-marca-em-estreia-e-vasco-goleia-santa-cruz-na-volta-da-serie-b\/\"},\"author\":{\"name\":\"Reda\u00e7\u00e3o\",\"@id\":\"https:\/\/www.notibras.com\/site\/#\/schema\/person\/00b8e1aa08f9ef6563e878c5159d01cf\"},\"headline\":\"Kleber marca em estreia e Vasco goleia Santa Cruz na volta da S\u00e9rie B\",\"datePublished\":\"2014-07-16T02:51:01+00:00\",\"dateModified\":\"2014-07-16T02:51:34+00:00\",\"mainEntityOfPage\":{\"@id\":\"https:\/\/www.notibras.com\/site\/kleber-marca-em-estreia-e-vasco-goleia-santa-cruz-na-volta-da-serie-b\/\"},\"wordCount\":483,\"commentCount\":0,\"publisher\":{\"@id\":\"https:\/\/www.notibras.com\/site\/#organization\"},\"image\":{\"@id\":\"https:\/\/www.notibras.com\/site\/kleber-marca-em-estreia-e-vasco-goleia-santa-cruz-na-volta-da-serie-b\/#primaryimage\"},\"thumbnailUrl\":\"https:\/\/www.notibras.com\/site\/wp-content\/uploads\/2014\/07\/Sem-t\u00edtulo-11.jpg\",\"articleSection\":[\"Futebol\"],\"inLanguage\":\"pt-BR\",\"potentialAction\":[{\"@type\":\"CommentAction\",\"name\":\"Comment\",\"target\":[\"https:\/\/www.notibras.com\/site\/kleber-marca-em-estreia-e-vasco-goleia-santa-cruz-na-volta-da-serie-b\/#respond\"]}]},{\"@type\":\"WebPage\",\"@id\":\"https:\/\/www.notibras.com\/site\/kleber-marca-em-estreia-e-vasco-goleia-santa-cruz-na-volta-da-serie-b\/\",\"url\":\"https:\/\/www.notibras.com\/site\/kleber-marca-em-estreia-e-vasco-goleia-santa-cruz-na-volta-da-serie-b\/\",\"name\":\"Kleber marca em estreia e Vasco goleia Santa Cruz na volta da S\u00e9rie B - Notibras\",\"isPartOf\":{\"@id\":\"https:\/\/www.notibras.com\/site\/#website\"},\"primaryImageOfPage\":{\"@id\":\"https:\/\/www.notibras.com\/site\/kleber-marca-em-estreia-e-vasco-goleia-santa-cruz-na-volta-da-serie-b\/#primaryimage\"},\"image\":{\"@id\":\"https:\/\/www.notibras.com\/site\/kleber-marca-em-estreia-e-vasco-goleia-santa-cruz-na-volta-da-serie-b\/#primaryimage\"},\"thumbnailUrl\":\"https:\/\/www.notibras.com\/site\/wp-content\/uploads\/2014\/07\/Sem-t\u00edtulo-11.jpg\",\"datePublished\":\"2014-07-16T02:51:01+00:00\",\"dateModified\":\"2014-07-16T02:51:34+00:00\",\"breadcrumb\":{\"@id\":\"https:\/\/www.notibras.com\/site\/kleber-marca-em-estreia-e-vasco-goleia-santa-cruz-na-volta-da-serie-b\/#breadcrumb\"},\"inLanguage\":\"pt-BR\",\"potentialAction\":[{\"@type\":\"ReadAction\",\"target\":[\"https:\/\/www.notibras.com\/site\/kleber-marca-em-estreia-e-vasco-goleia-santa-cruz-na-volta-da-serie-b\/\"]}]},{\"@type\":\"ImageObject\",\"inLanguage\":\"pt-BR\",\"@id\":\"https:\/\/www.notibras.com\/site\/kleber-marca-em-estreia-e-vasco-goleia-santa-cruz-na-volta-da-serie-b\/#primaryimage\",\"url\":\"https:\/\/www.notibras.com\/site\/wp-content\/uploads\/2014\/07\/Sem-t\u00edtulo-11.jpg\",\"contentUrl\":\"https:\/\/www.notibras.com\/site\/wp-content\/uploads\/2014\/07\/Sem-t\u00edtulo-11.jpg\",\"width\":460,\"height\":340},{\"@type\":\"BreadcrumbList\",\"@id\":\"https:\/\/www.notibras.com\/site\/kleber-marca-em-estreia-e-vasco-goleia-santa-cruz-na-volta-da-serie-b\/#breadcrumb\",\"itemListElement\":[{\"@type\":\"ListItem\",\"position\":1,\"name\":\"In\u00edcio\",\"item\":\"https:\/\/www.notibras.com\/site\/\"},{\"@type\":\"ListItem\",\"position\":2,\"name\":\"Kleber marca em estreia e Vasco goleia Santa Cruz na volta da S\u00e9rie B\"}]},{\"@type\":\"WebSite\",\"@id\":\"https:\/\/www.notibras.com\/site\/#website\",\"url\":\"https:\/\/www.notibras.com\/site\/\",\"name\":\"Notibras\",\"description\":\"Not\u00edcias de Bras\u00edlia, do Brasil e do Mundo\",\"publisher\":{\"@id\":\"https:\/\/www.notibras.com\/site\/#organization\"},\"potentialAction\":[{\"@type\":\"SearchAction\",\"target\":{\"@type\":\"EntryPoint\",\"urlTemplate\":\"https:\/\/www.notibras.com\/site\/?s={search_term_string}\"},\"query-input\":{\"@type\":\"PropertyValueSpecification\",\"valueRequired\":true,\"valueName\":\"search_term_string\"}}],\"inLanguage\":\"pt-BR\"},{\"@type\":\"Organization\",\"@id\":\"https:\/\/www.notibras.com\/site\/#organization\",\"name\":\"Grupo Notibras de Comunica\u00e7\u00e3o\",\"url\":\"https:\/\/www.notibras.com\/site\/\",\"logo\":{\"@type\":\"ImageObject\",\"inLanguage\":\"pt-BR\",\"@id\":\"https:\/\/www.notibras.com\/site\/#\/schema\/logo\/image\/\",\"url\":\"https:\/\/www.notibras.com\/site\/wp-content\/uploads\/2023\/01\/notibras23.png\",\"contentUrl\":\"https:\/\/www.notibras.com\/site\/wp-content\/uploads\/2023\/01\/notibras23.png\",\"width\":350,\"height\":87,\"caption\":\"Grupo Notibras de Comunica\u00e7\u00e3o\"},\"image\":{\"@id\":\"https:\/\/www.notibras.com\/site\/#\/schema\/logo\/image\/\"},\"sameAs\":[\"https:\/\/www.facebook.com\/notibras\/\",\"https:\/\/x.com\/Notibras\",\"https:\/\/www.instagram.com\/notibras\/\"]},{\"@type\":\"Person\",\"@id\":\"https:\/\/www.notibras.com\/site\/#\/schema\/person\/00b8e1aa08f9ef6563e878c5159d01cf\",\"name\":\"Reda\u00e7\u00e3o\",\"image\":{\"@type\":\"ImageObject\",\"inLanguage\":\"pt-BR\",\"@id\":\"https:\/\/secure.gravatar.com\/avatar\/ac5a707d5b47784a5ed426c6e213e201423c750890f64e4c379114dade67dfb9?s=96&d=mm&r=g\",\"url\":\"https:\/\/secure.gravatar.com\/avatar\/ac5a707d5b47784a5ed426c6e213e201423c750890f64e4c379114dade67dfb9?s=96&d=mm&r=g\",\"contentUrl\":\"https:\/\/secure.gravatar.com\/avatar\/ac5a707d5b47784a5ed426c6e213e201423c750890f64e4c379114dade67dfb9?s=96&d=mm&r=g\",\"caption\":\"Reda\u00e7\u00e3o\"}}]}<\/script>\n<!-- \/ Yoast SEO plugin. -->","yoast_head_json":{"title":"Kleber marca em estreia e Vasco goleia Santa Cruz na volta da S\u00e9rie B - Notibras","robots":{"index":"index","follow":"follow","max-snippet":"max-snippet:-1","max-image-preview":"max-image-preview:large","max-video-preview":"max-video-preview:-1"},"canonical":"https:\/\/www.notibras.com\/site\/kleber-marca-em-estreia-e-vasco-goleia-santa-cruz-na-volta-da-serie-b\/","og_locale":"pt_BR","og_type":"article","og_title":"Kleber marca em estreia e Vasco goleia Santa Cruz na volta da S\u00e9rie B - Notibras","og_description":"Apesar de n\u00e3o ter a mesma qualidade das sele\u00e7\u00f5es que passaram pela Arena Pantanal durante a Copa do Mundo, Vasco e Santa Cruz fizeram uma partida eletrizante e muito movimentada nesta ter\u00e7a-feira, pela 11\u00aa rodada da S\u00e9rie B, em Cuiab\u00e1. A equipe pernambucana saiu na frente, mas os vasca\u00ednos, ainda no primeiro tempo, viraram o [&hellip;]","og_url":"https:\/\/www.notibras.com\/site\/kleber-marca-em-estreia-e-vasco-goleia-santa-cruz-na-volta-da-serie-b\/","og_site_name":"Notibras","article_publisher":"https:\/\/www.facebook.com\/notibras\/","article_published_time":"2014-07-16T02:51:01+00:00","article_modified_time":"2014-07-16T02:51:34+00:00","og_image":[{"width":460,"height":340,"url":"https:\/\/www.notibras.com\/site\/wp-content\/uploads\/2014\/07\/Sem-t\u00edtulo-11.jpg","type":"image\/jpeg"}],"author":"Reda\u00e7\u00e3o","twitter_card":"summary_large_image","twitter_creator":"@Notibras","twitter_site":"@Notibras","twitter_misc":{"Escrito por":"Reda\u00e7\u00e3o","Est. tempo de leitura":"2 minutos"},"schema":{"@context":"https:\/\/schema.org","@graph":[{"@type":"Article","@id":"https:\/\/www.notibras.com\/site\/kleber-marca-em-estreia-e-vasco-goleia-santa-cruz-na-volta-da-serie-b\/#article","isPartOf":{"@id":"https:\/\/www.notibras.com\/site\/kleber-marca-em-estreia-e-vasco-goleia-santa-cruz-na-volta-da-serie-b\/"},"author":{"name":"Reda\u00e7\u00e3o","@id":"https:\/\/www.notibras.com\/site\/#\/schema\/person\/00b8e1aa08f9ef6563e878c5159d01cf"},"headline":"Kleber marca em estreia e Vasco goleia Santa Cruz na volta da S\u00e9rie B","datePublished":"2014-07-16T02:51:01+00:00","dateModified":"2014-07-16T02:51:34+00:00","mainEntityOfPage":{"@id":"https:\/\/www.notibras.com\/site\/kleber-marca-em-estreia-e-vasco-goleia-santa-cruz-na-volta-da-serie-b\/"},"wordCount":483,"commentCount":0,"publisher":{"@id":"https:\/\/www.notibras.com\/site\/#organization"},"image":{"@id":"https:\/\/www.notibras.com\/site\/kleber-marca-em-estreia-e-vasco-goleia-santa-cruz-na-volta-da-serie-b\/#primaryimage"},"thumbnailUrl":"https:\/\/www.notibras.com\/site\/wp-content\/uploads\/2014\/07\/Sem-t\u00edtulo-11.jpg","articleSection":["Futebol"],"inLanguage":"pt-BR","potentialAction":[{"@type":"CommentAction","name":"Comment","target":["https:\/\/www.notibras.com\/site\/kleber-marca-em-estreia-e-vasco-goleia-santa-cruz-na-volta-da-serie-b\/#respond"]}]},{"@type":"WebPage","@id":"https:\/\/www.notibras.com\/site\/kleber-marca-em-estreia-e-vasco-goleia-santa-cruz-na-volta-da-serie-b\/","url":"https:\/\/www.notibras.com\/site\/kleber-marca-em-estreia-e-vasco-goleia-santa-cruz-na-volta-da-serie-b\/","name":"Kleber marca em estreia e Vasco goleia Santa Cruz na volta da S\u00e9rie B - Notibras","isPartOf":{"@id":"https:\/\/www.notibras.com\/site\/#website"},"primaryImageOfPage":{"@id":"https:\/\/www.notibras.com\/site\/kleber-marca-em-estreia-e-vasco-goleia-santa-cruz-na-volta-da-serie-b\/#primaryimage"},"image":{"@id":"https:\/\/www.notibras.com\/site\/kleber-marca-em-estreia-e-vasco-goleia-santa-cruz-na-volta-da-serie-b\/#primaryimage"},"thumbnailUrl":"https:\/\/www.notibras.com\/site\/wp-content\/uploads\/2014\/07\/Sem-t\u00edtulo-11.jpg","datePublished":"2014-07-16T02:51:01+00:00","dateModified":"2014-07-16T02:51:34+00:00","breadcrumb":{"@id":"https:\/\/www.notibras.com\/site\/kleber-marca-em-estreia-e-vasco-goleia-santa-cruz-na-volta-da-serie-b\/#breadcrumb"},"inLanguage":"pt-BR","potentialAction":[{"@type":"ReadAction","target":["https:\/\/www.notibras.com\/site\/kleber-marca-em-estreia-e-vasco-goleia-santa-cruz-na-volta-da-serie-b\/"]}]},{"@type":"ImageObject","inLanguage":"pt-BR","@id":"https:\/\/www.notibras.com\/site\/kleber-marca-em-estreia-e-vasco-goleia-santa-cruz-na-volta-da-serie-b\/#primaryimage","url":"https:\/\/www.notibras.com\/site\/wp-content\/uploads\/2014\/07\/Sem-t\u00edtulo-11.jpg","contentUrl":"https:\/\/www.notibras.com\/site\/wp-content\/uploads\/2014\/07\/Sem-t\u00edtulo-11.jpg","width":460,"height":340},{"@type":"BreadcrumbList","@id":"https:\/\/www.notibras.com\/site\/kleber-marca-em-estreia-e-vasco-goleia-santa-cruz-na-volta-da-serie-b\/#breadcrumb","itemListElement":[{"@type":"ListItem","position":1,"name":"In\u00edcio","item":"https:\/\/www.notibras.com\/site\/"},{"@type":"ListItem","position":2,"name":"Kleber marca em estreia e Vasco goleia Santa Cruz na volta da S\u00e9rie B"}]},{"@type":"WebSite","@id":"https:\/\/www.notibras.com\/site\/#website","url":"https:\/\/www.notibras.com\/site\/","name":"Notibras","description":"Not\u00edcias de Bras\u00edlia, do Brasil e do Mundo","publisher":{"@id":"https:\/\/www.notibras.com\/site\/#organization"},"potentialAction":[{"@type":"SearchAction","target":{"@type":"EntryPoint","urlTemplate":"https:\/\/www.notibras.com\/site\/?s={search_term_string}"},"query-input":{"@type":"PropertyValueSpecification","valueRequired":true,"valueName":"search_term_string"}}],"inLanguage":"pt-BR"},{"@type":"Organization","@id":"https:\/\/www.notibras.com\/site\/#organization","name":"Grupo Notibras de Comunica\u00e7\u00e3o","url":"https:\/\/www.notibras.com\/site\/","logo":{"@type":"ImageObject","inLanguage":"pt-BR","@id":"https:\/\/www.notibras.com\/site\/#\/schema\/logo\/image\/","url":"https:\/\/www.notibras.com\/site\/wp-content\/uploads\/2023\/01\/notibras23.png","contentUrl":"https:\/\/www.notibras.com\/site\/wp-content\/uploads\/2023\/01\/notibras23.png","width":350,"height":87,"caption":"Grupo Notibras de Comunica\u00e7\u00e3o"},"image":{"@id":"https:\/\/www.notibras.com\/site\/#\/schema\/logo\/image\/"},"sameAs":["https:\/\/www.facebook.com\/notibras\/","https:\/\/x.com\/Notibras","https:\/\/www.instagram.com\/notibras\/"]},{"@type":"Person","@id":"https:\/\/www.notibras.com\/site\/#\/schema\/person\/00b8e1aa08f9ef6563e878c5159d01cf","name":"Reda\u00e7\u00e3o","image":{"@type":"ImageObject","inLanguage":"pt-BR","@id":"https:\/\/secure.gravatar.com\/avatar\/ac5a707d5b47784a5ed426c6e213e201423c750890f64e4c379114dade67dfb9?s=96&d=mm&r=g","url":"https:\/\/secure.gravatar.com\/avatar\/ac5a707d5b47784a5ed426c6e213e201423c750890f64e4c379114dade67dfb9?s=96&d=mm&r=g","contentUrl":"https:\/\/secure.gravatar.com\/avatar\/ac5a707d5b47784a5ed426c6e213e201423c750890f64e4c379114dade67dfb9?s=96&d=mm&r=g","caption":"Reda\u00e7\u00e3o"}}]}},"amp_enabled":true,"_links":{"self":[{"href":"https:\/\/www.notibras.com\/site\/wp-json\/wp\/v2\/posts\/16380","targetHints":{"allow":["GET"]}}],"collection":[{"href":"https:\/\/www.notibras.com\/site\/wp-json\/wp\/v2\/posts"}],"about":[{"href":"https:\/\/www.notibras.com\/site\/wp-json\/wp\/v2\/types\/post"}],"author":[{"embeddable":true,"href":"https:\/\/www.notibras.com\/site\/wp-json\/wp\/v2\/users\/1"}],"replies":[{"embeddable":true,"href":"https:\/\/www.notibras.com\/site\/wp-json\/wp\/v2\/comments?post=16380"}],"version-history":[{"count":0,"href":"https:\/\/www.notibras.com\/site\/wp-json\/wp\/v2\/posts\/16380\/revisions"}],"wp:featuredmedia":[{"embeddable":true,"href":"https:\/\/www.notibras.com\/site\/wp-json\/wp\/v2\/media\/16381"}],"wp:attachment":[{"href":"https:\/\/www.notibras.com\/site\/wp-json\/wp\/v2\/media?parent=16380"}],"wp:term":[{"taxonomy":"category","embeddable":true,"href":"https:\/\/www.notibras.com\/site\/wp-json\/wp\/v2\/categories?post=16380"},{"taxonomy":"post_tag","embeddable":true,"href":"https:\/\/www.notibras.com\/site\/wp-json\/wp\/v2\/tags?post=16380"}],"curies":[{"name":"wp","href":"https:\/\/api.w.org\/{rel}","templated":true}]}}