{"id":16409,"date":"2014-07-16T12:56:51","date_gmt":"2014-07-16T15:56:51","guid":{"rendered":"http:\/\/www.notibras.com\/site\/?p=16409"},"modified":"2014-07-16T12:56:51","modified_gmt":"2014-07-16T15:56:51","slug":"onibus-param-de-novo-e-povo-fica-com-agnelo-preso-na-garganta","status":"publish","type":"post","link":"https:\/\/www.notibras.com\/site\/onibus-param-de-novo-e-povo-fica-com-agnelo-preso-na-garganta\/","title":{"rendered":"\u00d4nibus param de novo e povo fica com Agnelo preso na garganta"},"content":{"rendered":"<p>&#8211; Pior do que est\u00e1 n\u00e3o pode ficar.<\/p>\n<p>Foi assim que milhares de brasilienses reagiram nas primeiras horas desta quarta-feira 16, ao enfrentarem mais uma greve de \u00f4nibus. Motoristas e cobradores decidiram cruzar os bra\u00e7os e 1 mil 600 ve\u00edculos n\u00e3o sa\u00edram das garagens.<\/p>\n<p>A categoria sobra o dep\u00f3sito dos 20% de reajuste salarial acertado entre empres\u00e1rios e o governo do antes da Copa do Mundo. Os trabalhadores dizem que o combinado era de que o pagamento fosse feito at\u00e9 esta ter\u00e7a. A greve atinge 20 regi\u00f5es administrativas.<\/p>\n<blockquote><p>O diretor de imprensa do Sindicato dos Rodovi\u00e1rios, Jo\u00e3o Jesus, diz haver mais de 1,6 mil \u00f4nibus parados. As empresas que est\u00e3o sem rodar s\u00e3o Marechal, Pioneira e S\u00e3o Jos\u00e9, al\u00e9m da Cootarde e da Riacho Grande, que enfrentam a greve deste ter\u00e7a. As que rodam nas demais 23 administra\u00e7\u00f5es regionais continuam operando.<\/p><\/blockquote>\n<p>Os rodovi\u00e1rios devem realizar duas assembleias. O reajuste deveria beneficiar cerca de 11 mil rodovi\u00e1rios, que\u00a0 teriam aumento de 20% no sal\u00e1rio, 20% no t\u00edquete-alimenta\u00e7\u00e3o e 40% na cesta b\u00e1sica.<\/p>\n","protected":false},"excerpt":{"rendered":"<p>&#8211; Pior do que est\u00e1 n\u00e3o pode ficar. Foi assim que milhares de brasilienses reagiram nas primeiras horas desta quarta-feira 16, ao enfrentarem mais uma greve de \u00f4nibus. Motoristas e cobradores decidiram cruzar os bra\u00e7os e 1 mil 600 ve\u00edculos n\u00e3o sa\u00edram das garagens. A categoria sobra o dep\u00f3sito dos 20% de reajuste salarial acertado [&hellip;]<\/p>\n","protected":false},"author":2,"featured_media":16410,"comment_status":"open","ping_status":"closed","sticky":false,"template":"","format":"standard","meta":{"_acf_changed":false,"footnotes":""},"categories":[1],"tags":[],"class_list":["post-16409","post","type-post","status-publish","format-standard","has-post-thumbnail","hentry","category-brasilia"],"acf":[],"_links":{"self":[{"href":"https:\/\/www.notibras.com\/site\/wp-json\/wp\/v2\/posts\/16409","targetHints":{"allow":["GET"]}}],"collection":[{"href":"https:\/\/www.notibras.com\/site\/wp-json\/wp\/v2\/posts"}],"about":[{"href":"https:\/\/www.notibras.com\/site\/wp-json\/wp\/v2\/types\/post"}],"author":[{"embeddable":true,"href":"https:\/\/www.notibras.com\/site\/wp-json\/wp\/v2\/users\/2"}],"replies":[{"embeddable":true,"href":"https:\/\/www.notibras.com\/site\/wp-json\/wp\/v2\/comments?post=16409"}],"version-history":[{"count":0,"href":"https:\/\/www.notibras.com\/site\/wp-json\/wp\/v2\/posts\/16409\/revisions"}],"wp:featuredmedia":[{"embeddable":true,"href":"https:\/\/www.notibras.com\/site\/wp-json\/wp\/v2\/media\/16410"}],"wp:attachment":[{"href":"https:\/\/www.notibras.com\/site\/wp-json\/wp\/v2\/media?parent=16409"}],"wp:term":[{"taxonomy":"category","embeddable":true,"href":"https:\/\/www.notibras.com\/site\/wp-json\/wp\/v2\/categories?post=16409"},{"taxonomy":"post_tag","embeddable":true,"href":"https:\/\/www.notibras.com\/site\/wp-json\/wp\/v2\/tags?post=16409"}],"curies":[{"name":"wp","href":"https:\/\/api.w.org\/{rel}","templated":true}]}}