{"id":16430,"date":"2014-07-16T20:56:10","date_gmt":"2014-07-16T23:56:10","guid":{"rendered":"http:\/\/www.notibras.com\/site\/?p=16430"},"modified":"2014-07-16T20:57:08","modified_gmt":"2014-07-16T23:57:08","slug":"brasilia-e-entorno-vivem-dia-de-cao-sem-onibus-e-haja-protesto","status":"publish","type":"post","link":"https:\/\/www.notibras.com\/site\/brasilia-e-entorno-vivem-dia-de-cao-sem-onibus-e-haja-protesto\/","title":{"rendered":"Bras\u00edlia e Entorno vivem dia de c\u00e3o sem \u00f4nibus. E haja protesto na rua"},"content":{"rendered":"<p>Duas manifesta\u00e7\u00f5es no Distrito Federal e Entorno interromperam o tr\u00e2nsito de ve\u00edculos entre Goi\u00e1s e Bras\u00edlia, nesta quarta-feira 16. Entre Valpara\u00edso e Cidade Ocidental, em Goi\u00e1s, manifestantes bloquearam o tr\u00e1fego nos dois sentidos da BR-040 por volta das 7h.<\/p>\n<p>J\u00e1 no Gama (DF), dezenas de usu\u00e1rios de transporte p\u00fablico ocuparam a DF-480. Embora motivados por diferentes raz\u00f5es, os dois protestos t\u00eam origens em problemas do sistema de transporte p\u00fablico da capital federal e do Entorno.<\/p>\n<p>A primeira manifesta\u00e7\u00e3o reuniu cerca de 150 moradores de Valpara\u00edso, pelos c\u00e1lculos da Pol\u00edcia Rodovi\u00e1ria Federal (PRF). O grupo exige a suspens\u00e3o do processo licitat\u00f3rio marcado para o pr\u00f3ximo dia 2, quando ser\u00e1 escolhida a empresa que vai ser contratada para operar o transporte p\u00fablico na regi\u00e3o. Insatisfeito com a qualidade do servi\u00e7o prestado e com as mudan\u00e7as adotadas por causa da instala\u00e7\u00e3o do ve\u00edculo leve sobre pneus (VLP), o grupo cobra maior participa\u00e7\u00e3o popular nos projetos.<\/p>\n<blockquote><p>\u201cFizeram as coisas sem comunicar a popula\u00e7\u00e3o. Tiraram v\u00e1rias linhas e agora estamos \u00e0 merc\u00ea disso a\u00ed [o VLP]. Tem gente que agora precisa pegar quatro \u00f4nibus para chegar ao servi\u00e7o\u201d, declarou Guilherme Josias, um dos manifestantes. \u201cQuem antes gastava uma hora para chegar ao emprego agora est\u00e1 gastando duas horas para fazer o mesmo trajeto\u201d, acrescentou Luciano Soares.<\/p><\/blockquote>\n<p>\u201cJ\u00e1 anunciaram que, na pr\u00f3xima segunda-feira, as linhas mais usadas pelos alunos da Universidade de Bras\u00edlia e por quem trabalha nas avenidas W3 Sul e W3 Norte [que concentram grande parte dos estabelecimentos comerciais de Bras\u00edlia], v\u00e3o ser suspensas. Essas pessoas v\u00e3o ter que passar a pegar dois ou tr\u00eas \u00f4nibus. Isso \u00e9 uma falta de respeito. Esperamos por um transporte p\u00fablico decente e agora est\u00e3o nos obrigando a usar esse sistema do VLP, tirando todas as outras linhas de circula\u00e7\u00e3o\u201d, criticou Andr\u00e9a Gardenes.<\/p>\n<p>Como os manifestantes prometiam permanecer ocupando a BR-040 at\u00e9 que representantes da Ag\u00eancia Nacional de Transportes Terrestres (ANTT) fossem ao local, a PRF pediu o apoio da For\u00e7a Nacional para liberar a pista. Segundo o chefe da Comunica\u00e7\u00e3o da PRF no Distrito Federal, Daniel Bonfim, o protesto causou um congestionamento de 10 quil\u00f4metros e foi encerrado sem que ningu\u00e9m se ferisse. \u201cA PRF est\u00e1 coordenando o trabalho para garantir a seguran\u00e7a e a fluidez da rodovia e para que as pessoas n\u00e3o voltem a bloquear o local.\u201d<\/p>\n<div class=\"node-info\"><strong>Alex Rodrigues, ABr<\/strong><\/div>\n","protected":false},"excerpt":{"rendered":"<p>Duas manifesta\u00e7\u00f5es no Distrito Federal e Entorno interromperam o tr\u00e2nsito de ve\u00edculos entre Goi\u00e1s e Bras\u00edlia, nesta quarta-feira 16. Entre Valpara\u00edso e Cidade Ocidental, em Goi\u00e1s, manifestantes bloquearam o tr\u00e1fego nos dois sentidos da BR-040 por volta das 7h. J\u00e1 no Gama (DF), dezenas de usu\u00e1rios de transporte p\u00fablico ocuparam a DF-480. Embora motivados por [&hellip;]<\/p>\n","protected":false},"author":2,"featured_media":16434,"comment_status":"open","ping_status":"closed","sticky":false,"template":"","format":"standard","meta":{"_acf_changed":false,"footnotes":""},"categories":[1],"tags":[],"class_list":["post-16430","post","type-post","status-publish","format-standard","has-post-thumbnail","hentry","category-brasilia"],"acf":[],"_links":{"self":[{"href":"https:\/\/www.notibras.com\/site\/wp-json\/wp\/v2\/posts\/16430","targetHints":{"allow":["GET"]}}],"collection":[{"href":"https:\/\/www.notibras.com\/site\/wp-json\/wp\/v2\/posts"}],"about":[{"href":"https:\/\/www.notibras.com\/site\/wp-json\/wp\/v2\/types\/post"}],"author":[{"embeddable":true,"href":"https:\/\/www.notibras.com\/site\/wp-json\/wp\/v2\/users\/2"}],"replies":[{"embeddable":true,"href":"https:\/\/www.notibras.com\/site\/wp-json\/wp\/v2\/comments?post=16430"}],"version-history":[{"count":0,"href":"https:\/\/www.notibras.com\/site\/wp-json\/wp\/v2\/posts\/16430\/revisions"}],"wp:featuredmedia":[{"embeddable":true,"href":"https:\/\/www.notibras.com\/site\/wp-json\/wp\/v2\/media\/16434"}],"wp:attachment":[{"href":"https:\/\/www.notibras.com\/site\/wp-json\/wp\/v2\/media?parent=16430"}],"wp:term":[{"taxonomy":"category","embeddable":true,"href":"https:\/\/www.notibras.com\/site\/wp-json\/wp\/v2\/categories?post=16430"},{"taxonomy":"post_tag","embeddable":true,"href":"https:\/\/www.notibras.com\/site\/wp-json\/wp\/v2\/tags?post=16430"}],"curies":[{"name":"wp","href":"https:\/\/api.w.org\/{rel}","templated":true}]}}