{"id":16437,"date":"2014-07-16T21:05:33","date_gmt":"2014-07-17T00:05:33","guid":{"rendered":"http:\/\/www.notibras.com\/site\/?p=16437"},"modified":"2014-07-16T21:06:07","modified_gmt":"2014-07-17T00:06:07","slug":"luciana-genro-do-psol-promete-mais-saude-educacao-transportes","status":"publish","type":"post","link":"https:\/\/www.notibras.com\/site\/luciana-genro-do-psol-promete-mais-saude-educacao-transportes\/","title":{"rendered":"Luciana, do Psol, promete mais sa\u00fade, educa\u00e7\u00e3o, transportes&#8230;"},"content":{"rendered":"<p>Filha do governador do Rio Grande do Sul, Tarso Genro, a candidata do PSOL \u00e0 Presid\u00eancia da Rep\u00fablica, Luciana Genro, \u00e9 ga\u00facha de Santa Maria, tem 43 anos, \u00e9 casada e disputar\u00e1 o cargo pela primeira vez. O professor Jorge Paz completa a chapa, como candidato a vice.<\/p>\n<p>Luciana Genro come\u00e7ou na milit\u00e2ncia estudantil aos 14 anos, quando integrava o PT. Foi eleita deputada estadual em 1994 e reeleita em 1998. Em 2002, conquistou o primeiro mandato de deputada federal e foi reeleita em 2006. Em 2010, tentou um novo mandato, mas n\u00e3o se elegeu.<\/p>\n<p>Em 2003, ao lado de outros deputados petistas, Luciana foi expulsa do partido, por ter votado contra a reforma da Previd\u00eancia. Os parlamentares expulsos formaram, ent\u00e3o, o Partido Socialismo e Liberdade (PSOL).<\/p>\n<blockquote><p>No programa de governo encaminhado ao Tribunal Superior Eleitoral (TSE), o PSOL diz que vai apresentar ao povo um programa de esquerda, que enfrente os problemas hist\u00f3ricos do pa\u00eds, centrado em tr\u00eas eixos: supera\u00e7\u00e3o da atual pol\u00edtica econ\u00f4mica e do modelo de desenvolvimento que depreda o meio ambiente e as riquezas naturais, transforma\u00e7\u00e3o do sistema pol\u00edtico e amplia\u00e7\u00e3o dos direitos e das liberdades dos trabalhadores.<\/p><\/blockquote>\n<p>No documento, o PSOL critica o atual modelo de desenvolvimento e a pol\u00edtica econ\u00f4mica, por entender que \u201cque beneficiam o grande capital\u201d, e prop\u00f5e mudan\u00e7as estruturais na economia, uma auditoria independente, que dever\u00e1 resultar na suspens\u00e3o do pagamento dos juros e da amortiza\u00e7\u00e3o da d\u00edvida p\u00fablica, a desregulamenta\u00e7\u00e3o da economia e a abertura financeira e comercial, al\u00e9m da implanta\u00e7\u00e3o de um sistema r\u00edgido de controle de capitais.<\/p>\n<p>O partido promete combater a concentra\u00e7\u00e3o de renda e as desigualdades sociais, promovendo mudan\u00e7as na estrutura tribut\u00e1ria de regressiva para progressiva, fazendo com que os ricos paguem proporcionalmente mais impostos que a classe m\u00e9dia e os pobres. O PSOL prop\u00f5e que programas sociais, como o Bolsa Fam\u00edlia, sejam tratados como pol\u00edtica de Estado, al\u00e9m de uma de uma profunda revis\u00e3o do sistema agr\u00e1rio brasileiro.<\/p>\n<p>O PSOL promete, ainda, \u201campliar radicalmente\u201d os investimentos em sa\u00fade e educa\u00e7\u00e3o, garantindo atendimento integral pelo Sistema \u00danico de Sa\u00fade (SUS). Na educa\u00e7\u00e3o, a proposta \u00e9 universalizar o acesso a todos os n\u00edveis de ensino, em institui\u00e7\u00f5es p\u00fablicas gratuitas.<\/p>\n<p><strong>Iolando Louren\u00e7o, ABr<\/strong><\/p>\n","protected":false},"excerpt":{"rendered":"<p>Filha do governador do Rio Grande do Sul, Tarso Genro, a candidata do PSOL \u00e0 Presid\u00eancia da Rep\u00fablica, Luciana Genro, \u00e9 ga\u00facha de Santa Maria, tem 43 anos, \u00e9 casada e disputar\u00e1 o cargo pela primeira vez. O professor Jorge Paz completa a chapa, como candidato a vice. Luciana Genro come\u00e7ou na milit\u00e2ncia estudantil aos [&hellip;]<\/p>\n","protected":false},"author":2,"featured_media":16438,"comment_status":"open","ping_status":"closed","sticky":false,"template":"","format":"standard","meta":{"_acf_changed":false,"footnotes":""},"categories":[33],"tags":[],"class_list":["post-16437","post","type-post","status-publish","format-standard","has-post-thumbnail","hentry","category-eleicoes-2014"],"acf":[],"_links":{"self":[{"href":"https:\/\/www.notibras.com\/site\/wp-json\/wp\/v2\/posts\/16437","targetHints":{"allow":["GET"]}}],"collection":[{"href":"https:\/\/www.notibras.com\/site\/wp-json\/wp\/v2\/posts"}],"about":[{"href":"https:\/\/www.notibras.com\/site\/wp-json\/wp\/v2\/types\/post"}],"author":[{"embeddable":true,"href":"https:\/\/www.notibras.com\/site\/wp-json\/wp\/v2\/users\/2"}],"replies":[{"embeddable":true,"href":"https:\/\/www.notibras.com\/site\/wp-json\/wp\/v2\/comments?post=16437"}],"version-history":[{"count":0,"href":"https:\/\/www.notibras.com\/site\/wp-json\/wp\/v2\/posts\/16437\/revisions"}],"wp:featuredmedia":[{"embeddable":true,"href":"https:\/\/www.notibras.com\/site\/wp-json\/wp\/v2\/media\/16438"}],"wp:attachment":[{"href":"https:\/\/www.notibras.com\/site\/wp-json\/wp\/v2\/media?parent=16437"}],"wp:term":[{"taxonomy":"category","embeddable":true,"href":"https:\/\/www.notibras.com\/site\/wp-json\/wp\/v2\/categories?post=16437"},{"taxonomy":"post_tag","embeddable":true,"href":"https:\/\/www.notibras.com\/site\/wp-json\/wp\/v2\/tags?post=16437"}],"curies":[{"name":"wp","href":"https:\/\/api.w.org\/{rel}","templated":true}]}}