{"id":16453,"date":"2014-07-16T22:35:54","date_gmt":"2014-07-17T01:35:54","guid":{"rendered":"http:\/\/www.notibras.com\/site\/?p=16453"},"modified":"2014-07-16T22:35:54","modified_gmt":"2014-07-17T01:35:54","slug":"sport-faz-gol-do-meio-de-campo-apaga-fogao-e-entra-no-g4","status":"publish","type":"post","link":"https:\/\/www.notibras.com\/site\/sport-faz-gol-do-meio-de-campo-apaga-fogao-e-entra-no-g4\/","title":{"rendered":"Sport faz gol do meio de campo, apaga Fog\u00e3o e entra no G4"},"content":{"rendered":"<p>O Sport teve um \u00f3timo retorno ao Campeonato Brasileiro ap\u00f3s a pausa da Copa do Mundo. Jogando na Ilha do Retiro, a equipe pernambucana conseguiu vencer o Botafogo por 1 a 0 e entrar\u00a0no G-4, zona de classifica\u00e7\u00e3o para a Libertadores, nesta quarta-feira.<\/p>\n<p>O gol da vit\u00f3ria saiu de um belo chute do meio de\u00a0campo\u00a0de\u00a0Neto Baiano, que encobriu e surpreendeu\u00a0o goleiro botafoguense.<\/p>\n<p class=\"text\">Com o resultado, o Sport alcan\u00e7a a vice-lideran\u00e7a provis\u00f3ria da S\u00e9rie A, com 17 pontos. O clube pernambucano s\u00f3 pode ser ultrapassado, nesta quarta-feira,\u00a0por S\u00e3o Paulo e Fluminense, o que faz com que\u00a0equipe durma\u00a0no G-4. J\u00e1 o Botafogo se mant\u00e9m na\u00a013\u00ba posi\u00e7\u00e3o, com apenas nove pontos conquistados.<\/p>\n<blockquote>\n<p class=\"text\">Os donos da casa tiveram uma pequena superioridade durante a primeira etapa. O Sport come\u00e7ou melhor, criava mais oportunidades, mas pecava nas finaliza\u00e7\u00f5es. Aos 24min, Patric bateu da intermedi\u00e1ria, mas Andrey fez boa defesa. Um minuto depois, Wendel antecipou a zaga e concluiu para o gol, mas o goleiro fez outra boa interven\u00e7\u00e3o.<\/p>\n<\/blockquote>\n<p class=\"text\">O Botafogo esbo\u00e7ou uma rea\u00e7\u00e3o aos 26min. Zeballos dominou com liberdade dentro da \u00e1rea, mas acabou finalizando para fora, rente \u00e0 trave, desperdi\u00e7ando \u00f3tima oportunidade.<\/p>\n<p class=\"text\">Quando o primeiro tempo j\u00e1 se encaminhava para um empate sem gols, Neto Baiano, em um lance de extrema intelig\u00eancia, desequilibrou aos 43min da etapa final. O atacante viu o goleiro carioca adiantado e, do meio de campo, finalizou para encobrir Andrey e abrir o placar.<\/p>\n<p class=\"text\">Precisando reagir, o t\u00e9cnico Vagner Mancini apostou nas entradas dos experientes Carlos Alberto e\u00a0Jorge Wagner\u00a0no segundo tempo. As substitui\u00e7\u00f5es\u00a0visavam melhorar a criatividade do setor ofensivo do Botafogo, mas pouco surtiram\u00a0efeito.<\/p>\n<p class=\"text\">Com a vantagem no placar, o Sport se fechava e apostava nos contra-ataques. Aos 40min,\u00a0Ananias foi\u00a0lan\u00e7ado em condi\u00e7\u00e3o legal, cruzou\u00a0rasteiro, mas Leonardo n\u00e3o alcan\u00e7ou\u00a0e desperdi\u00e7ou uma \u00f3tima oportunidade de matar a partida.<\/p>\n<p class=\"text\">Na pr\u00f3xima rodada do Campeonato Brasileiro, o Botafogo recebe o Coritiba, no est\u00e1dio Raulino de Oliveira, enquanto o Sport visita o Goi\u00e1s, no Serra Dourada.<\/p>\n<p>&nbsp;<\/p>\n","protected":false},"excerpt":{"rendered":"<p>O Sport teve um \u00f3timo retorno ao Campeonato Brasileiro ap\u00f3s a pausa da Copa do Mundo. Jogando na Ilha do Retiro, a equipe pernambucana conseguiu vencer o Botafogo por 1 a 0 e entrar\u00a0no G-4, zona de classifica\u00e7\u00e3o para a Libertadores, nesta quarta-feira. O gol da vit\u00f3ria saiu de um belo chute do meio de\u00a0campo\u00a0de\u00a0Neto [&hellip;]<\/p>\n","protected":false},"author":2,"featured_media":16454,"comment_status":"open","ping_status":"closed","sticky":false,"template":"","format":"standard","meta":{"_acf_changed":false,"footnotes":""},"categories":[19,29],"tags":[],"class_list":["post-16453","post","type-post","status-publish","format-standard","has-post-thumbnail","hentry","category-esportes","category-futebol"],"acf":[],"yoast_head":"<!-- This site is optimized with the Yoast SEO plugin v27.2 - https:\/\/yoast.com\/product\/yoast-seo-wordpress\/ -->\n<title>Sport faz gol do meio de campo, apaga Fog\u00e3o e entra no G4 - Notibras<\/title>\n<meta name=\"robots\" content=\"index, follow, max-snippet:-1, max-image-preview:large, max-video-preview:-1\" \/>\n<link rel=\"canonical\" href=\"https:\/\/www.notibras.com\/site\/sport-faz-gol-do-meio-de-campo-apaga-fogao-e-entra-no-g4\/\" \/>\n<meta property=\"og:locale\" content=\"pt_BR\" \/>\n<meta property=\"og:type\" content=\"article\" \/>\n<meta property=\"og:title\" content=\"Sport faz gol do meio de campo, apaga Fog\u00e3o e entra no G4 - Notibras\" \/>\n<meta property=\"og:description\" content=\"O Sport teve um \u00f3timo retorno ao Campeonato Brasileiro ap\u00f3s a pausa da Copa do Mundo. Jogando na Ilha do Retiro, a equipe pernambucana conseguiu vencer o Botafogo por 1 a 0 e entrar\u00a0no G-4, zona de classifica\u00e7\u00e3o para a Libertadores, nesta quarta-feira. O gol da vit\u00f3ria saiu de um belo chute do meio de\u00a0campo\u00a0de\u00a0Neto [&hellip;]\" \/>\n<meta property=\"og:url\" content=\"https:\/\/www.notibras.com\/site\/sport-faz-gol-do-meio-de-campo-apaga-fogao-e-entra-no-g4\/\" \/>\n<meta property=\"og:site_name\" content=\"Notibras\" \/>\n<meta property=\"article:publisher\" content=\"https:\/\/www.facebook.com\/notibras\/\" \/>\n<meta property=\"article:published_time\" content=\"2014-07-17T01:35:54+00:00\" \/>\n<meta property=\"og:image\" content=\"https:\/\/www.notibras.com\/site\/wp-content\/uploads\/2014\/07\/netobaianodeitadofestaademarfilhofp.jpg\" \/>\n\t<meta property=\"og:image:width\" content=\"750\" \/>\n\t<meta property=\"og:image:height\" content=\"500\" \/>\n\t<meta property=\"og:image:type\" content=\"image\/jpeg\" \/>\n<meta name=\"author\" content=\"Reda\u00e7\u00e3o\" \/>\n<meta name=\"twitter:card\" content=\"summary_large_image\" \/>\n<meta name=\"twitter:creator\" content=\"@Notibras\" \/>\n<meta name=\"twitter:site\" content=\"@Notibras\" \/>\n<meta name=\"twitter:label1\" content=\"Escrito por\" \/>\n\t<meta name=\"twitter:data1\" content=\"Reda\u00e7\u00e3o\" \/>\n\t<meta name=\"twitter:label2\" content=\"Est. tempo de leitura\" \/>\n\t<meta name=\"twitter:data2\" content=\"2 minutos\" \/>\n<script type=\"application\/ld+json\" class=\"yoast-schema-graph\">{\"@context\":\"https:\/\/schema.org\",\"@graph\":[{\"@type\":\"Article\",\"@id\":\"https:\/\/www.notibras.com\/site\/sport-faz-gol-do-meio-de-campo-apaga-fogao-e-entra-no-g4\/#article\",\"isPartOf\":{\"@id\":\"https:\/\/www.notibras.com\/site\/sport-faz-gol-do-meio-de-campo-apaga-fogao-e-entra-no-g4\/\"},\"author\":{\"name\":\"Reda\u00e7\u00e3o\",\"@id\":\"https:\/\/www.notibras.com\/site\/#\/schema\/person\/36ab0979449956132d3e5b517ea76ac8\"},\"headline\":\"Sport faz gol do meio de campo, apaga Fog\u00e3o e entra no G4\",\"datePublished\":\"2014-07-17T01:35:54+00:00\",\"mainEntityOfPage\":{\"@id\":\"https:\/\/www.notibras.com\/site\/sport-faz-gol-do-meio-de-campo-apaga-fogao-e-entra-no-g4\/\"},\"wordCount\":375,\"commentCount\":0,\"publisher\":{\"@id\":\"https:\/\/www.notibras.com\/site\/#organization\"},\"image\":{\"@id\":\"https:\/\/www.notibras.com\/site\/sport-faz-gol-do-meio-de-campo-apaga-fogao-e-entra-no-g4\/#primaryimage\"},\"thumbnailUrl\":\"https:\/\/www.notibras.com\/site\/wp-content\/uploads\/2014\/07\/netobaianodeitadofestaademarfilhofp.jpg\",\"articleSection\":[\"Esportes\",\"Futebol\"],\"inLanguage\":\"pt-BR\",\"potentialAction\":[{\"@type\":\"CommentAction\",\"name\":\"Comment\",\"target\":[\"https:\/\/www.notibras.com\/site\/sport-faz-gol-do-meio-de-campo-apaga-fogao-e-entra-no-g4\/#respond\"]}]},{\"@type\":\"WebPage\",\"@id\":\"https:\/\/www.notibras.com\/site\/sport-faz-gol-do-meio-de-campo-apaga-fogao-e-entra-no-g4\/\",\"url\":\"https:\/\/www.notibras.com\/site\/sport-faz-gol-do-meio-de-campo-apaga-fogao-e-entra-no-g4\/\",\"name\":\"Sport faz gol do meio de campo, apaga Fog\u00e3o e entra no G4 - Notibras\",\"isPartOf\":{\"@id\":\"https:\/\/www.notibras.com\/site\/#website\"},\"primaryImageOfPage\":{\"@id\":\"https:\/\/www.notibras.com\/site\/sport-faz-gol-do-meio-de-campo-apaga-fogao-e-entra-no-g4\/#primaryimage\"},\"image\":{\"@id\":\"https:\/\/www.notibras.com\/site\/sport-faz-gol-do-meio-de-campo-apaga-fogao-e-entra-no-g4\/#primaryimage\"},\"thumbnailUrl\":\"https:\/\/www.notibras.com\/site\/wp-content\/uploads\/2014\/07\/netobaianodeitadofestaademarfilhofp.jpg\",\"datePublished\":\"2014-07-17T01:35:54+00:00\",\"breadcrumb\":{\"@id\":\"https:\/\/www.notibras.com\/site\/sport-faz-gol-do-meio-de-campo-apaga-fogao-e-entra-no-g4\/#breadcrumb\"},\"inLanguage\":\"pt-BR\",\"potentialAction\":[{\"@type\":\"ReadAction\",\"target\":[\"https:\/\/www.notibras.com\/site\/sport-faz-gol-do-meio-de-campo-apaga-fogao-e-entra-no-g4\/\"]}]},{\"@type\":\"ImageObject\",\"inLanguage\":\"pt-BR\",\"@id\":\"https:\/\/www.notibras.com\/site\/sport-faz-gol-do-meio-de-campo-apaga-fogao-e-entra-no-g4\/#primaryimage\",\"url\":\"https:\/\/www.notibras.com\/site\/wp-content\/uploads\/2014\/07\/netobaianodeitadofestaademarfilhofp.jpg\",\"contentUrl\":\"https:\/\/www.notibras.com\/site\/wp-content\/uploads\/2014\/07\/netobaianodeitadofestaademarfilhofp.jpg\",\"width\":750,\"height\":500},{\"@type\":\"BreadcrumbList\",\"@id\":\"https:\/\/www.notibras.com\/site\/sport-faz-gol-do-meio-de-campo-apaga-fogao-e-entra-no-g4\/#breadcrumb\",\"itemListElement\":[{\"@type\":\"ListItem\",\"position\":1,\"name\":\"In\u00edcio\",\"item\":\"https:\/\/www.notibras.com\/site\/\"},{\"@type\":\"ListItem\",\"position\":2,\"name\":\"Sport faz gol do meio de campo, apaga Fog\u00e3o e entra no G4\"}]},{\"@type\":\"WebSite\",\"@id\":\"https:\/\/www.notibras.com\/site\/#website\",\"url\":\"https:\/\/www.notibras.com\/site\/\",\"name\":\"Notibras\",\"description\":\"Not\u00edcias de Bras\u00edlia, do Brasil e do Mundo\",\"publisher\":{\"@id\":\"https:\/\/www.notibras.com\/site\/#organization\"},\"potentialAction\":[{\"@type\":\"SearchAction\",\"target\":{\"@type\":\"EntryPoint\",\"urlTemplate\":\"https:\/\/www.notibras.com\/site\/?s={search_term_string}\"},\"query-input\":{\"@type\":\"PropertyValueSpecification\",\"valueRequired\":true,\"valueName\":\"search_term_string\"}}],\"inLanguage\":\"pt-BR\"},{\"@type\":\"Organization\",\"@id\":\"https:\/\/www.notibras.com\/site\/#organization\",\"name\":\"Grupo Notibras de Comunica\u00e7\u00e3o\",\"url\":\"https:\/\/www.notibras.com\/site\/\",\"logo\":{\"@type\":\"ImageObject\",\"inLanguage\":\"pt-BR\",\"@id\":\"https:\/\/www.notibras.com\/site\/#\/schema\/logo\/image\/\",\"url\":\"https:\/\/www.notibras.com\/site\/wp-content\/uploads\/2023\/01\/notibras23.png\",\"contentUrl\":\"https:\/\/www.notibras.com\/site\/wp-content\/uploads\/2023\/01\/notibras23.png\",\"width\":350,\"height\":87,\"caption\":\"Grupo Notibras de Comunica\u00e7\u00e3o\"},\"image\":{\"@id\":\"https:\/\/www.notibras.com\/site\/#\/schema\/logo\/image\/\"},\"sameAs\":[\"https:\/\/www.facebook.com\/notibras\/\",\"https:\/\/x.com\/Notibras\",\"https:\/\/www.instagram.com\/notibras\/\"]},{\"@type\":\"Person\",\"@id\":\"https:\/\/www.notibras.com\/site\/#\/schema\/person\/36ab0979449956132d3e5b517ea76ac8\",\"name\":\"Reda\u00e7\u00e3o\",\"image\":{\"@type\":\"ImageObject\",\"inLanguage\":\"pt-BR\",\"@id\":\"https:\/\/secure.gravatar.com\/avatar\/e0a867bdedb85fd243eadf09663511f96fc81e0720a4a42581f334ad4303aa6b?s=96&d=mm&r=g\",\"url\":\"https:\/\/secure.gravatar.com\/avatar\/e0a867bdedb85fd243eadf09663511f96fc81e0720a4a42581f334ad4303aa6b?s=96&d=mm&r=g\",\"contentUrl\":\"https:\/\/secure.gravatar.com\/avatar\/e0a867bdedb85fd243eadf09663511f96fc81e0720a4a42581f334ad4303aa6b?s=96&d=mm&r=g\",\"caption\":\"Reda\u00e7\u00e3o\"}}]}<\/script>\n<!-- \/ Yoast SEO plugin. -->","yoast_head_json":{"title":"Sport faz gol do meio de campo, apaga Fog\u00e3o e entra no G4 - Notibras","robots":{"index":"index","follow":"follow","max-snippet":"max-snippet:-1","max-image-preview":"max-image-preview:large","max-video-preview":"max-video-preview:-1"},"canonical":"https:\/\/www.notibras.com\/site\/sport-faz-gol-do-meio-de-campo-apaga-fogao-e-entra-no-g4\/","og_locale":"pt_BR","og_type":"article","og_title":"Sport faz gol do meio de campo, apaga Fog\u00e3o e entra no G4 - Notibras","og_description":"O Sport teve um \u00f3timo retorno ao Campeonato Brasileiro ap\u00f3s a pausa da Copa do Mundo. Jogando na Ilha do Retiro, a equipe pernambucana conseguiu vencer o Botafogo por 1 a 0 e entrar\u00a0no G-4, zona de classifica\u00e7\u00e3o para a Libertadores, nesta quarta-feira. O gol da vit\u00f3ria saiu de um belo chute do meio de\u00a0campo\u00a0de\u00a0Neto [&hellip;]","og_url":"https:\/\/www.notibras.com\/site\/sport-faz-gol-do-meio-de-campo-apaga-fogao-e-entra-no-g4\/","og_site_name":"Notibras","article_publisher":"https:\/\/www.facebook.com\/notibras\/","article_published_time":"2014-07-17T01:35:54+00:00","og_image":[{"width":750,"height":500,"url":"https:\/\/www.notibras.com\/site\/wp-content\/uploads\/2014\/07\/netobaianodeitadofestaademarfilhofp.jpg","type":"image\/jpeg"}],"author":"Reda\u00e7\u00e3o","twitter_card":"summary_large_image","twitter_creator":"@Notibras","twitter_site":"@Notibras","twitter_misc":{"Escrito por":"Reda\u00e7\u00e3o","Est. tempo de leitura":"2 minutos"},"schema":{"@context":"https:\/\/schema.org","@graph":[{"@type":"Article","@id":"https:\/\/www.notibras.com\/site\/sport-faz-gol-do-meio-de-campo-apaga-fogao-e-entra-no-g4\/#article","isPartOf":{"@id":"https:\/\/www.notibras.com\/site\/sport-faz-gol-do-meio-de-campo-apaga-fogao-e-entra-no-g4\/"},"author":{"name":"Reda\u00e7\u00e3o","@id":"https:\/\/www.notibras.com\/site\/#\/schema\/person\/36ab0979449956132d3e5b517ea76ac8"},"headline":"Sport faz gol do meio de campo, apaga Fog\u00e3o e entra no G4","datePublished":"2014-07-17T01:35:54+00:00","mainEntityOfPage":{"@id":"https:\/\/www.notibras.com\/site\/sport-faz-gol-do-meio-de-campo-apaga-fogao-e-entra-no-g4\/"},"wordCount":375,"commentCount":0,"publisher":{"@id":"https:\/\/www.notibras.com\/site\/#organization"},"image":{"@id":"https:\/\/www.notibras.com\/site\/sport-faz-gol-do-meio-de-campo-apaga-fogao-e-entra-no-g4\/#primaryimage"},"thumbnailUrl":"https:\/\/www.notibras.com\/site\/wp-content\/uploads\/2014\/07\/netobaianodeitadofestaademarfilhofp.jpg","articleSection":["Esportes","Futebol"],"inLanguage":"pt-BR","potentialAction":[{"@type":"CommentAction","name":"Comment","target":["https:\/\/www.notibras.com\/site\/sport-faz-gol-do-meio-de-campo-apaga-fogao-e-entra-no-g4\/#respond"]}]},{"@type":"WebPage","@id":"https:\/\/www.notibras.com\/site\/sport-faz-gol-do-meio-de-campo-apaga-fogao-e-entra-no-g4\/","url":"https:\/\/www.notibras.com\/site\/sport-faz-gol-do-meio-de-campo-apaga-fogao-e-entra-no-g4\/","name":"Sport faz gol do meio de campo, apaga Fog\u00e3o e entra no G4 - Notibras","isPartOf":{"@id":"https:\/\/www.notibras.com\/site\/#website"},"primaryImageOfPage":{"@id":"https:\/\/www.notibras.com\/site\/sport-faz-gol-do-meio-de-campo-apaga-fogao-e-entra-no-g4\/#primaryimage"},"image":{"@id":"https:\/\/www.notibras.com\/site\/sport-faz-gol-do-meio-de-campo-apaga-fogao-e-entra-no-g4\/#primaryimage"},"thumbnailUrl":"https:\/\/www.notibras.com\/site\/wp-content\/uploads\/2014\/07\/netobaianodeitadofestaademarfilhofp.jpg","datePublished":"2014-07-17T01:35:54+00:00","breadcrumb":{"@id":"https:\/\/www.notibras.com\/site\/sport-faz-gol-do-meio-de-campo-apaga-fogao-e-entra-no-g4\/#breadcrumb"},"inLanguage":"pt-BR","potentialAction":[{"@type":"ReadAction","target":["https:\/\/www.notibras.com\/site\/sport-faz-gol-do-meio-de-campo-apaga-fogao-e-entra-no-g4\/"]}]},{"@type":"ImageObject","inLanguage":"pt-BR","@id":"https:\/\/www.notibras.com\/site\/sport-faz-gol-do-meio-de-campo-apaga-fogao-e-entra-no-g4\/#primaryimage","url":"https:\/\/www.notibras.com\/site\/wp-content\/uploads\/2014\/07\/netobaianodeitadofestaademarfilhofp.jpg","contentUrl":"https:\/\/www.notibras.com\/site\/wp-content\/uploads\/2014\/07\/netobaianodeitadofestaademarfilhofp.jpg","width":750,"height":500},{"@type":"BreadcrumbList","@id":"https:\/\/www.notibras.com\/site\/sport-faz-gol-do-meio-de-campo-apaga-fogao-e-entra-no-g4\/#breadcrumb","itemListElement":[{"@type":"ListItem","position":1,"name":"In\u00edcio","item":"https:\/\/www.notibras.com\/site\/"},{"@type":"ListItem","position":2,"name":"Sport faz gol do meio de campo, apaga Fog\u00e3o e entra no G4"}]},{"@type":"WebSite","@id":"https:\/\/www.notibras.com\/site\/#website","url":"https:\/\/www.notibras.com\/site\/","name":"Notibras","description":"Not\u00edcias de Bras\u00edlia, do Brasil e do Mundo","publisher":{"@id":"https:\/\/www.notibras.com\/site\/#organization"},"potentialAction":[{"@type":"SearchAction","target":{"@type":"EntryPoint","urlTemplate":"https:\/\/www.notibras.com\/site\/?s={search_term_string}"},"query-input":{"@type":"PropertyValueSpecification","valueRequired":true,"valueName":"search_term_string"}}],"inLanguage":"pt-BR"},{"@type":"Organization","@id":"https:\/\/www.notibras.com\/site\/#organization","name":"Grupo Notibras de Comunica\u00e7\u00e3o","url":"https:\/\/www.notibras.com\/site\/","logo":{"@type":"ImageObject","inLanguage":"pt-BR","@id":"https:\/\/www.notibras.com\/site\/#\/schema\/logo\/image\/","url":"https:\/\/www.notibras.com\/site\/wp-content\/uploads\/2023\/01\/notibras23.png","contentUrl":"https:\/\/www.notibras.com\/site\/wp-content\/uploads\/2023\/01\/notibras23.png","width":350,"height":87,"caption":"Grupo Notibras de Comunica\u00e7\u00e3o"},"image":{"@id":"https:\/\/www.notibras.com\/site\/#\/schema\/logo\/image\/"},"sameAs":["https:\/\/www.facebook.com\/notibras\/","https:\/\/x.com\/Notibras","https:\/\/www.instagram.com\/notibras\/"]},{"@type":"Person","@id":"https:\/\/www.notibras.com\/site\/#\/schema\/person\/36ab0979449956132d3e5b517ea76ac8","name":"Reda\u00e7\u00e3o","image":{"@type":"ImageObject","inLanguage":"pt-BR","@id":"https:\/\/secure.gravatar.com\/avatar\/e0a867bdedb85fd243eadf09663511f96fc81e0720a4a42581f334ad4303aa6b?s=96&d=mm&r=g","url":"https:\/\/secure.gravatar.com\/avatar\/e0a867bdedb85fd243eadf09663511f96fc81e0720a4a42581f334ad4303aa6b?s=96&d=mm&r=g","contentUrl":"https:\/\/secure.gravatar.com\/avatar\/e0a867bdedb85fd243eadf09663511f96fc81e0720a4a42581f334ad4303aa6b?s=96&d=mm&r=g","caption":"Reda\u00e7\u00e3o"}}]}},"amp_enabled":true,"_links":{"self":[{"href":"https:\/\/www.notibras.com\/site\/wp-json\/wp\/v2\/posts\/16453","targetHints":{"allow":["GET"]}}],"collection":[{"href":"https:\/\/www.notibras.com\/site\/wp-json\/wp\/v2\/posts"}],"about":[{"href":"https:\/\/www.notibras.com\/site\/wp-json\/wp\/v2\/types\/post"}],"author":[{"embeddable":true,"href":"https:\/\/www.notibras.com\/site\/wp-json\/wp\/v2\/users\/2"}],"replies":[{"embeddable":true,"href":"https:\/\/www.notibras.com\/site\/wp-json\/wp\/v2\/comments?post=16453"}],"version-history":[{"count":0,"href":"https:\/\/www.notibras.com\/site\/wp-json\/wp\/v2\/posts\/16453\/revisions"}],"wp:featuredmedia":[{"embeddable":true,"href":"https:\/\/www.notibras.com\/site\/wp-json\/wp\/v2\/media\/16454"}],"wp:attachment":[{"href":"https:\/\/www.notibras.com\/site\/wp-json\/wp\/v2\/media?parent=16453"}],"wp:term":[{"taxonomy":"category","embeddable":true,"href":"https:\/\/www.notibras.com\/site\/wp-json\/wp\/v2\/categories?post=16453"},{"taxonomy":"post_tag","embeddable":true,"href":"https:\/\/www.notibras.com\/site\/wp-json\/wp\/v2\/tags?post=16453"}],"curies":[{"name":"wp","href":"https:\/\/api.w.org\/{rel}","templated":true}]}}