{"id":16463,"date":"2014-07-16T23:15:30","date_gmt":"2014-07-17T02:15:30","guid":{"rendered":"http:\/\/www.notibras.com\/site\/?p=16463"},"modified":"2014-07-17T00:19:54","modified_gmt":"2014-07-17T03:19:54","slug":"paulo-baier-da-show-e-criciuma-desbanca-flu","status":"publish","type":"post","link":"https:\/\/www.notibras.com\/site\/paulo-baier-da-show-e-criciuma-desbanca-flu\/","title":{"rendered":"Paulo Baier d\u00e1 show e Crici\u00fama desbanca Fluminense com 3 a 2"},"content":{"rendered":"<p>Dois gols e uma assist\u00eancia. Essa foi a noite desta quarta-feira de Paulo Baier no Est\u00e1dio Heriberto H\u00fclse, na vit\u00f3ria por 3 a 2 do Crici\u00fama sobre o Fluminense.<\/p>\n<p>Na primeira partida das duas equipes desde a pausa para a Copa do Mundo, v\u00e1lida pela d\u00e9cima rodada do Campeonato Brasileiro, o veterano camisa 10 foi decisivo e at\u00e9 protagonizou um p\u00eanalti incomum, ao trope\u00e7ar em si mesmo e provocar uma infra\u00e7\u00e3o inexistente marcada pela arbitragem.<\/p>\n<p>Serginho fez o outro gol dos catarinenses, enquanto Conca e Matheus Carvalho\u00a0descontaram\u00a0para os cariocas.<\/p>\n<p class=\"text\">Os comandados de Wagner Lopes se recuperaram derrota sofrida na nona rodada para o Santos e foram aos 11 pontos, subindo para a 13\u00aa coloca\u00e7\u00e3o. Com o rev\u00e9s e a combina\u00e7\u00e3o de resultados da rodada, o clube carioca caiu para a quarta posi\u00e7\u00e3o e segue com 16 pontos.<\/p>\n<p class=\"text\">O Crici\u00fama iniciou a partida com mais tempo com a bola nos p\u00e9s, mas quem criou perigo primeiro foi o Fluminense.\u00a0Aos 9min, Rafael Sobis desarmou Cort\u00eas em uma jogada pol\u00eamica pela ponta esquerda. O lateral caiu dentro da \u00e1rea e pediu p\u00eanalti, mas a arbitragem viu o toque preciso do atacante na bola e nada marcou.<\/p>\n<p class=\"text\">Melhor no jogo, o Fluminense chegou perto de marcar o primeiro gol aos 21min. Conca lan\u00e7ou Carlinhos pela esquerda e C\u00edcero apareceu para desviar de cabe\u00e7a na \u00e1rea, no contrap\u00e9 de Luiz, que n\u00e3o foi na bola. Atento ao lance, Escudero desviou sobre o gol e salvou o Crici\u00fama.<\/p>\n<blockquote>\n<p class=\"text\">Apostando nos contra-ataques, o Crici\u00fama conseguiu sair na frente no marcador aos 40min, quando Paulo Baier recebeu dentro da \u00e1rea e tentou se ajeitar para bater, mas acabou trope\u00e7ando no pr\u00f3prio p\u00e9. A arbitragem decidiu assinalar o inexistente p\u00eanalti, apesar do assistente atr\u00e1s do gol ter vis\u00e3o limpa do que aconteceu. Na cobran\u00e7a, o camisa 10 encheu o p\u00e9 no meio do gol e estufou as redes de Diego Cavalieri.<\/p>\n<\/blockquote>\n<p class=\"text\">Depois de ir para o vesti\u00e1rio com a vantagem, os anfitri\u00f5es mantiveram a postura cautelosa da primeira etapa e foram recompensados em um contragolpe aos 13min.\u00a0Partindo\u00a0pela direita, Bruno Lopes tabelou com Paulo Baier, que finalizou para defesa de Diego Cavalieri. O rebote sobrou para o atacante, que parou novamente no goleiro do Fluminense. Oportunista, o camisa 10 ficou com a sobra e s\u00f3 teve o trabalho de empurrar para o gol para ampliar a dist\u00e2ncia no placar.<\/p>\n<p class=\"text\">Oito minutos depois, os catarinenses praticamente selaram a vit\u00f3ria em uma jogada de bola parada. Paulo Baier foi o encarregado pela cobran\u00e7a de falta precisa que saiu do lado direito da \u00e1rea na medida para Serginho cabecear sem chances para Diego Cavalieri.<\/p>\n<p class=\"text\">Conca diminuiu em uma bela jogada individual aos 38min, quando dominou com categoria lan\u00e7amento de Wagner, girou para cima da marca\u00e7\u00e3o na marca do p\u00eanalti e bateu \u00e0 direita de Luiz. Empolgado, o clube carioca fez o segundo no ataque e minuto seguintes, em cabe\u00e7ada precisa de Matheus Carvalho ap\u00f3s dif\u00edcil cruzamento de Bruno.<\/p>\n<p class=\"text\">Na 11\u00aa rodada, o Fluminense recebe o Santos no Est\u00e1dio Raulino de Oliveira, enquanto o Crici\u00fama vai at\u00e9 a Arena da Baixada encarar o Atl\u00e9tico-PR.<\/p>\n","protected":false},"excerpt":{"rendered":"<p>Dois gols e uma assist\u00eancia. Essa foi a noite desta quarta-feira de Paulo Baier no Est\u00e1dio Heriberto H\u00fclse, na vit\u00f3ria por 3 a 2 do Crici\u00fama sobre o Fluminense. Na primeira partida das duas equipes desde a pausa para a Copa do Mundo, v\u00e1lida pela d\u00e9cima rodada do Campeonato Brasileiro, o veterano camisa 10 foi [&hellip;]<\/p>\n","protected":false},"author":2,"featured_media":16464,"comment_status":"open","ping_status":"closed","sticky":false,"template":"","format":"standard","meta":{"_acf_changed":false,"footnotes":""},"categories":[19,29],"tags":[],"class_list":["post-16463","post","type-post","status-publish","format-standard","has-post-thumbnail","hentry","category-esportes","category-futebol"],"acf":[],"yoast_head":"<!-- This site is optimized with the Yoast SEO plugin v27.2 - https:\/\/yoast.com\/product\/yoast-seo-wordpress\/ -->\n<title>Paulo Baier d\u00e1 show e Crici\u00fama desbanca Fluminense com 3 a 2 - Notibras<\/title>\n<meta name=\"robots\" content=\"index, follow, max-snippet:-1, max-image-preview:large, max-video-preview:-1\" \/>\n<link rel=\"canonical\" href=\"https:\/\/www.notibras.com\/site\/paulo-baier-da-show-e-criciuma-desbanca-flu\/\" \/>\n<meta property=\"og:locale\" content=\"pt_BR\" \/>\n<meta property=\"og:type\" content=\"article\" \/>\n<meta property=\"og:title\" content=\"Paulo Baier d\u00e1 show e Crici\u00fama desbanca Fluminense com 3 a 2 - Notibras\" \/>\n<meta property=\"og:description\" content=\"Dois gols e uma assist\u00eancia. Essa foi a noite desta quarta-feira de Paulo Baier no Est\u00e1dio Heriberto H\u00fclse, na vit\u00f3ria por 3 a 2 do Crici\u00fama sobre o Fluminense. Na primeira partida das duas equipes desde a pausa para a Copa do Mundo, v\u00e1lida pela d\u00e9cima rodada do Campeonato Brasileiro, o veterano camisa 10 foi [&hellip;]\" \/>\n<meta property=\"og:url\" content=\"https:\/\/www.notibras.com\/site\/paulo-baier-da-show-e-criciuma-desbanca-flu\/\" \/>\n<meta property=\"og:site_name\" content=\"Notibras\" \/>\n<meta property=\"article:publisher\" content=\"https:\/\/www.facebook.com\/notibras\/\" \/>\n<meta property=\"article:published_time\" content=\"2014-07-17T02:15:30+00:00\" \/>\n<meta property=\"article:modified_time\" content=\"2014-07-17T03:19:54+00:00\" \/>\n<meta property=\"og:image\" content=\"https:\/\/www.notibras.com\/site\/wp-content\/uploads\/2014\/07\/flu.jpg\" \/>\n\t<meta property=\"og:image:width\" content=\"750\" \/>\n\t<meta property=\"og:image:height\" content=\"500\" \/>\n\t<meta property=\"og:image:type\" content=\"image\/jpeg\" \/>\n<meta name=\"author\" content=\"Reda\u00e7\u00e3o\" \/>\n<meta name=\"twitter:card\" content=\"summary_large_image\" \/>\n<meta name=\"twitter:creator\" content=\"@Notibras\" \/>\n<meta name=\"twitter:site\" content=\"@Notibras\" \/>\n<meta name=\"twitter:label1\" content=\"Escrito por\" \/>\n\t<meta name=\"twitter:data1\" content=\"Reda\u00e7\u00e3o\" \/>\n\t<meta name=\"twitter:label2\" content=\"Est. tempo de leitura\" \/>\n\t<meta name=\"twitter:data2\" content=\"3 minutos\" \/>\n<script type=\"application\/ld+json\" class=\"yoast-schema-graph\">{\"@context\":\"https:\/\/schema.org\",\"@graph\":[{\"@type\":\"Article\",\"@id\":\"https:\/\/www.notibras.com\/site\/paulo-baier-da-show-e-criciuma-desbanca-flu\/#article\",\"isPartOf\":{\"@id\":\"https:\/\/www.notibras.com\/site\/paulo-baier-da-show-e-criciuma-desbanca-flu\/\"},\"author\":{\"name\":\"Reda\u00e7\u00e3o\",\"@id\":\"https:\/\/www.notibras.com\/site\/#\/schema\/person\/36ab0979449956132d3e5b517ea76ac8\"},\"headline\":\"Paulo Baier d\u00e1 show e Crici\u00fama desbanca Fluminense com 3 a 2\",\"datePublished\":\"2014-07-17T02:15:30+00:00\",\"dateModified\":\"2014-07-17T03:19:54+00:00\",\"mainEntityOfPage\":{\"@id\":\"https:\/\/www.notibras.com\/site\/paulo-baier-da-show-e-criciuma-desbanca-flu\/\"},\"wordCount\":561,\"commentCount\":0,\"publisher\":{\"@id\":\"https:\/\/www.notibras.com\/site\/#organization\"},\"image\":{\"@id\":\"https:\/\/www.notibras.com\/site\/paulo-baier-da-show-e-criciuma-desbanca-flu\/#primaryimage\"},\"thumbnailUrl\":\"https:\/\/www.notibras.com\/site\/wp-content\/uploads\/2014\/07\/flu.jpg\",\"articleSection\":[\"Esportes\",\"Futebol\"],\"inLanguage\":\"pt-BR\",\"potentialAction\":[{\"@type\":\"CommentAction\",\"name\":\"Comment\",\"target\":[\"https:\/\/www.notibras.com\/site\/paulo-baier-da-show-e-criciuma-desbanca-flu\/#respond\"]}]},{\"@type\":\"WebPage\",\"@id\":\"https:\/\/www.notibras.com\/site\/paulo-baier-da-show-e-criciuma-desbanca-flu\/\",\"url\":\"https:\/\/www.notibras.com\/site\/paulo-baier-da-show-e-criciuma-desbanca-flu\/\",\"name\":\"Paulo Baier d\u00e1 show e Crici\u00fama desbanca Fluminense com 3 a 2 - Notibras\",\"isPartOf\":{\"@id\":\"https:\/\/www.notibras.com\/site\/#website\"},\"primaryImageOfPage\":{\"@id\":\"https:\/\/www.notibras.com\/site\/paulo-baier-da-show-e-criciuma-desbanca-flu\/#primaryimage\"},\"image\":{\"@id\":\"https:\/\/www.notibras.com\/site\/paulo-baier-da-show-e-criciuma-desbanca-flu\/#primaryimage\"},\"thumbnailUrl\":\"https:\/\/www.notibras.com\/site\/wp-content\/uploads\/2014\/07\/flu.jpg\",\"datePublished\":\"2014-07-17T02:15:30+00:00\",\"dateModified\":\"2014-07-17T03:19:54+00:00\",\"breadcrumb\":{\"@id\":\"https:\/\/www.notibras.com\/site\/paulo-baier-da-show-e-criciuma-desbanca-flu\/#breadcrumb\"},\"inLanguage\":\"pt-BR\",\"potentialAction\":[{\"@type\":\"ReadAction\",\"target\":[\"https:\/\/www.notibras.com\/site\/paulo-baier-da-show-e-criciuma-desbanca-flu\/\"]}]},{\"@type\":\"ImageObject\",\"inLanguage\":\"pt-BR\",\"@id\":\"https:\/\/www.notibras.com\/site\/paulo-baier-da-show-e-criciuma-desbanca-flu\/#primaryimage\",\"url\":\"https:\/\/www.notibras.com\/site\/wp-content\/uploads\/2014\/07\/flu.jpg\",\"contentUrl\":\"https:\/\/www.notibras.com\/site\/wp-content\/uploads\/2014\/07\/flu.jpg\",\"width\":750,\"height\":500},{\"@type\":\"BreadcrumbList\",\"@id\":\"https:\/\/www.notibras.com\/site\/paulo-baier-da-show-e-criciuma-desbanca-flu\/#breadcrumb\",\"itemListElement\":[{\"@type\":\"ListItem\",\"position\":1,\"name\":\"In\u00edcio\",\"item\":\"https:\/\/www.notibras.com\/site\/\"},{\"@type\":\"ListItem\",\"position\":2,\"name\":\"Paulo Baier d\u00e1 show e Crici\u00fama desbanca Fluminense com 3 a 2\"}]},{\"@type\":\"WebSite\",\"@id\":\"https:\/\/www.notibras.com\/site\/#website\",\"url\":\"https:\/\/www.notibras.com\/site\/\",\"name\":\"Notibras\",\"description\":\"Not\u00edcias de Bras\u00edlia, do Brasil e do Mundo\",\"publisher\":{\"@id\":\"https:\/\/www.notibras.com\/site\/#organization\"},\"potentialAction\":[{\"@type\":\"SearchAction\",\"target\":{\"@type\":\"EntryPoint\",\"urlTemplate\":\"https:\/\/www.notibras.com\/site\/?s={search_term_string}\"},\"query-input\":{\"@type\":\"PropertyValueSpecification\",\"valueRequired\":true,\"valueName\":\"search_term_string\"}}],\"inLanguage\":\"pt-BR\"},{\"@type\":\"Organization\",\"@id\":\"https:\/\/www.notibras.com\/site\/#organization\",\"name\":\"Grupo Notibras de Comunica\u00e7\u00e3o\",\"url\":\"https:\/\/www.notibras.com\/site\/\",\"logo\":{\"@type\":\"ImageObject\",\"inLanguage\":\"pt-BR\",\"@id\":\"https:\/\/www.notibras.com\/site\/#\/schema\/logo\/image\/\",\"url\":\"https:\/\/www.notibras.com\/site\/wp-content\/uploads\/2023\/01\/notibras23.png\",\"contentUrl\":\"https:\/\/www.notibras.com\/site\/wp-content\/uploads\/2023\/01\/notibras23.png\",\"width\":350,\"height\":87,\"caption\":\"Grupo Notibras de Comunica\u00e7\u00e3o\"},\"image\":{\"@id\":\"https:\/\/www.notibras.com\/site\/#\/schema\/logo\/image\/\"},\"sameAs\":[\"https:\/\/www.facebook.com\/notibras\/\",\"https:\/\/x.com\/Notibras\",\"https:\/\/www.instagram.com\/notibras\/\"]},{\"@type\":\"Person\",\"@id\":\"https:\/\/www.notibras.com\/site\/#\/schema\/person\/36ab0979449956132d3e5b517ea76ac8\",\"name\":\"Reda\u00e7\u00e3o\",\"image\":{\"@type\":\"ImageObject\",\"inLanguage\":\"pt-BR\",\"@id\":\"https:\/\/secure.gravatar.com\/avatar\/e0a867bdedb85fd243eadf09663511f96fc81e0720a4a42581f334ad4303aa6b?s=96&d=mm&r=g\",\"url\":\"https:\/\/secure.gravatar.com\/avatar\/e0a867bdedb85fd243eadf09663511f96fc81e0720a4a42581f334ad4303aa6b?s=96&d=mm&r=g\",\"contentUrl\":\"https:\/\/secure.gravatar.com\/avatar\/e0a867bdedb85fd243eadf09663511f96fc81e0720a4a42581f334ad4303aa6b?s=96&d=mm&r=g\",\"caption\":\"Reda\u00e7\u00e3o\"}}]}<\/script>\n<!-- \/ Yoast SEO plugin. -->","yoast_head_json":{"title":"Paulo Baier d\u00e1 show e Crici\u00fama desbanca Fluminense com 3 a 2 - Notibras","robots":{"index":"index","follow":"follow","max-snippet":"max-snippet:-1","max-image-preview":"max-image-preview:large","max-video-preview":"max-video-preview:-1"},"canonical":"https:\/\/www.notibras.com\/site\/paulo-baier-da-show-e-criciuma-desbanca-flu\/","og_locale":"pt_BR","og_type":"article","og_title":"Paulo Baier d\u00e1 show e Crici\u00fama desbanca Fluminense com 3 a 2 - Notibras","og_description":"Dois gols e uma assist\u00eancia. Essa foi a noite desta quarta-feira de Paulo Baier no Est\u00e1dio Heriberto H\u00fclse, na vit\u00f3ria por 3 a 2 do Crici\u00fama sobre o Fluminense. Na primeira partida das duas equipes desde a pausa para a Copa do Mundo, v\u00e1lida pela d\u00e9cima rodada do Campeonato Brasileiro, o veterano camisa 10 foi [&hellip;]","og_url":"https:\/\/www.notibras.com\/site\/paulo-baier-da-show-e-criciuma-desbanca-flu\/","og_site_name":"Notibras","article_publisher":"https:\/\/www.facebook.com\/notibras\/","article_published_time":"2014-07-17T02:15:30+00:00","article_modified_time":"2014-07-17T03:19:54+00:00","og_image":[{"width":750,"height":500,"url":"https:\/\/www.notibras.com\/site\/wp-content\/uploads\/2014\/07\/flu.jpg","type":"image\/jpeg"}],"author":"Reda\u00e7\u00e3o","twitter_card":"summary_large_image","twitter_creator":"@Notibras","twitter_site":"@Notibras","twitter_misc":{"Escrito por":"Reda\u00e7\u00e3o","Est. tempo de leitura":"3 minutos"},"schema":{"@context":"https:\/\/schema.org","@graph":[{"@type":"Article","@id":"https:\/\/www.notibras.com\/site\/paulo-baier-da-show-e-criciuma-desbanca-flu\/#article","isPartOf":{"@id":"https:\/\/www.notibras.com\/site\/paulo-baier-da-show-e-criciuma-desbanca-flu\/"},"author":{"name":"Reda\u00e7\u00e3o","@id":"https:\/\/www.notibras.com\/site\/#\/schema\/person\/36ab0979449956132d3e5b517ea76ac8"},"headline":"Paulo Baier d\u00e1 show e Crici\u00fama desbanca Fluminense com 3 a 2","datePublished":"2014-07-17T02:15:30+00:00","dateModified":"2014-07-17T03:19:54+00:00","mainEntityOfPage":{"@id":"https:\/\/www.notibras.com\/site\/paulo-baier-da-show-e-criciuma-desbanca-flu\/"},"wordCount":561,"commentCount":0,"publisher":{"@id":"https:\/\/www.notibras.com\/site\/#organization"},"image":{"@id":"https:\/\/www.notibras.com\/site\/paulo-baier-da-show-e-criciuma-desbanca-flu\/#primaryimage"},"thumbnailUrl":"https:\/\/www.notibras.com\/site\/wp-content\/uploads\/2014\/07\/flu.jpg","articleSection":["Esportes","Futebol"],"inLanguage":"pt-BR","potentialAction":[{"@type":"CommentAction","name":"Comment","target":["https:\/\/www.notibras.com\/site\/paulo-baier-da-show-e-criciuma-desbanca-flu\/#respond"]}]},{"@type":"WebPage","@id":"https:\/\/www.notibras.com\/site\/paulo-baier-da-show-e-criciuma-desbanca-flu\/","url":"https:\/\/www.notibras.com\/site\/paulo-baier-da-show-e-criciuma-desbanca-flu\/","name":"Paulo Baier d\u00e1 show e Crici\u00fama desbanca Fluminense com 3 a 2 - Notibras","isPartOf":{"@id":"https:\/\/www.notibras.com\/site\/#website"},"primaryImageOfPage":{"@id":"https:\/\/www.notibras.com\/site\/paulo-baier-da-show-e-criciuma-desbanca-flu\/#primaryimage"},"image":{"@id":"https:\/\/www.notibras.com\/site\/paulo-baier-da-show-e-criciuma-desbanca-flu\/#primaryimage"},"thumbnailUrl":"https:\/\/www.notibras.com\/site\/wp-content\/uploads\/2014\/07\/flu.jpg","datePublished":"2014-07-17T02:15:30+00:00","dateModified":"2014-07-17T03:19:54+00:00","breadcrumb":{"@id":"https:\/\/www.notibras.com\/site\/paulo-baier-da-show-e-criciuma-desbanca-flu\/#breadcrumb"},"inLanguage":"pt-BR","potentialAction":[{"@type":"ReadAction","target":["https:\/\/www.notibras.com\/site\/paulo-baier-da-show-e-criciuma-desbanca-flu\/"]}]},{"@type":"ImageObject","inLanguage":"pt-BR","@id":"https:\/\/www.notibras.com\/site\/paulo-baier-da-show-e-criciuma-desbanca-flu\/#primaryimage","url":"https:\/\/www.notibras.com\/site\/wp-content\/uploads\/2014\/07\/flu.jpg","contentUrl":"https:\/\/www.notibras.com\/site\/wp-content\/uploads\/2014\/07\/flu.jpg","width":750,"height":500},{"@type":"BreadcrumbList","@id":"https:\/\/www.notibras.com\/site\/paulo-baier-da-show-e-criciuma-desbanca-flu\/#breadcrumb","itemListElement":[{"@type":"ListItem","position":1,"name":"In\u00edcio","item":"https:\/\/www.notibras.com\/site\/"},{"@type":"ListItem","position":2,"name":"Paulo Baier d\u00e1 show e Crici\u00fama desbanca Fluminense com 3 a 2"}]},{"@type":"WebSite","@id":"https:\/\/www.notibras.com\/site\/#website","url":"https:\/\/www.notibras.com\/site\/","name":"Notibras","description":"Not\u00edcias de Bras\u00edlia, do Brasil e do Mundo","publisher":{"@id":"https:\/\/www.notibras.com\/site\/#organization"},"potentialAction":[{"@type":"SearchAction","target":{"@type":"EntryPoint","urlTemplate":"https:\/\/www.notibras.com\/site\/?s={search_term_string}"},"query-input":{"@type":"PropertyValueSpecification","valueRequired":true,"valueName":"search_term_string"}}],"inLanguage":"pt-BR"},{"@type":"Organization","@id":"https:\/\/www.notibras.com\/site\/#organization","name":"Grupo Notibras de Comunica\u00e7\u00e3o","url":"https:\/\/www.notibras.com\/site\/","logo":{"@type":"ImageObject","inLanguage":"pt-BR","@id":"https:\/\/www.notibras.com\/site\/#\/schema\/logo\/image\/","url":"https:\/\/www.notibras.com\/site\/wp-content\/uploads\/2023\/01\/notibras23.png","contentUrl":"https:\/\/www.notibras.com\/site\/wp-content\/uploads\/2023\/01\/notibras23.png","width":350,"height":87,"caption":"Grupo Notibras de Comunica\u00e7\u00e3o"},"image":{"@id":"https:\/\/www.notibras.com\/site\/#\/schema\/logo\/image\/"},"sameAs":["https:\/\/www.facebook.com\/notibras\/","https:\/\/x.com\/Notibras","https:\/\/www.instagram.com\/notibras\/"]},{"@type":"Person","@id":"https:\/\/www.notibras.com\/site\/#\/schema\/person\/36ab0979449956132d3e5b517ea76ac8","name":"Reda\u00e7\u00e3o","image":{"@type":"ImageObject","inLanguage":"pt-BR","@id":"https:\/\/secure.gravatar.com\/avatar\/e0a867bdedb85fd243eadf09663511f96fc81e0720a4a42581f334ad4303aa6b?s=96&d=mm&r=g","url":"https:\/\/secure.gravatar.com\/avatar\/e0a867bdedb85fd243eadf09663511f96fc81e0720a4a42581f334ad4303aa6b?s=96&d=mm&r=g","contentUrl":"https:\/\/secure.gravatar.com\/avatar\/e0a867bdedb85fd243eadf09663511f96fc81e0720a4a42581f334ad4303aa6b?s=96&d=mm&r=g","caption":"Reda\u00e7\u00e3o"}}]}},"amp_enabled":true,"_links":{"self":[{"href":"https:\/\/www.notibras.com\/site\/wp-json\/wp\/v2\/posts\/16463","targetHints":{"allow":["GET"]}}],"collection":[{"href":"https:\/\/www.notibras.com\/site\/wp-json\/wp\/v2\/posts"}],"about":[{"href":"https:\/\/www.notibras.com\/site\/wp-json\/wp\/v2\/types\/post"}],"author":[{"embeddable":true,"href":"https:\/\/www.notibras.com\/site\/wp-json\/wp\/v2\/users\/2"}],"replies":[{"embeddable":true,"href":"https:\/\/www.notibras.com\/site\/wp-json\/wp\/v2\/comments?post=16463"}],"version-history":[{"count":0,"href":"https:\/\/www.notibras.com\/site\/wp-json\/wp\/v2\/posts\/16463\/revisions"}],"wp:featuredmedia":[{"embeddable":true,"href":"https:\/\/www.notibras.com\/site\/wp-json\/wp\/v2\/media\/16464"}],"wp:attachment":[{"href":"https:\/\/www.notibras.com\/site\/wp-json\/wp\/v2\/media?parent=16463"}],"wp:term":[{"taxonomy":"category","embeddable":true,"href":"https:\/\/www.notibras.com\/site\/wp-json\/wp\/v2\/categories?post=16463"},{"taxonomy":"post_tag","embeddable":true,"href":"https:\/\/www.notibras.com\/site\/wp-json\/wp\/v2\/tags?post=16463"}],"curies":[{"name":"wp","href":"https:\/\/api.w.org\/{rel}","templated":true}]}}