{"id":16481,"date":"2014-07-17T00:44:22","date_gmt":"2014-07-17T03:44:22","guid":{"rendered":"http:\/\/www.notibras.com\/site\/?p=16481"},"modified":"2014-07-17T00:45:21","modified_gmt":"2014-07-17T03:45:21","slug":"chrystian-e-ralf-fazem-principal-show-sabado-no-villa-mix","status":"publish","type":"post","link":"https:\/\/www.notibras.com\/site\/chrystian-e-ralf-fazem-principal-show-sabado-no-villa-mix\/","title":{"rendered":"Chrystian e Ralf fazem principal show, s\u00e1bado, na festa do Villa Mix"},"content":{"rendered":"<p>A dupla Chrystian e Ralf \u00e9 a principal atra\u00e7\u00e3o deste s\u00e1bado (19) no Villa Mix, em Bras\u00edlia. A festa come\u00e7a \u00e0s 22h e tem abertura de Heverton e Heverson. Os ingressos custam a partir de R$ 40 (feminino) e R$ 60 (masculino).<\/p>\n<p>Com mais de 30 anos de carreira e 17 \u00e1lbuns lan\u00e7ados, Chrystian e Ralf j\u00e1 ganharam 15 discos de ouro, 9 de platina e 3 de diamante por mais de 6 milh\u00f5es de c\u00f3pias de discos vendidas.<\/p>\n<blockquote><p>O repert\u00f3rio para o show deste s\u00e1bado prev\u00ea can\u00e7\u00f5es entre os maiores sucesso da dupla, como \u201cNova York\u201d, \u201cAus\u00eancia\u201d, \u201cPrazer por prazer\u201d, \u201cEsperando chegar\u201d, \u201c\u00c9 desse jeito que a gente se ama\u201d, \u201cMinha Gioconda\u201d e \u201cCheiro de shampoo\u201d.<\/p><\/blockquote>\n<p>No show de abertura, Heverton e Heverson interpretam m\u00fasica sertaneja para todos os gostos, com composi\u00e7\u00f5es pr\u00f3prias e sucessos como \u201cPense em mim\u201d, \u201cMedo de amar\u201d e \u201cMe faz feliz\u201d.<\/p>\n","protected":false},"excerpt":{"rendered":"<p>A dupla Chrystian e Ralf \u00e9 a principal atra\u00e7\u00e3o deste s\u00e1bado (19) no Villa Mix, em Bras\u00edlia. A festa come\u00e7a \u00e0s 22h e tem abertura de Heverton e Heverson. Os ingressos custam a partir de R$ 40 (feminino) e R$ 60 (masculino). Com mais de 30 anos de carreira e 17 \u00e1lbuns lan\u00e7ados, Chrystian e [&hellip;]<\/p>\n","protected":false},"author":2,"featured_media":16482,"comment_status":"open","ping_status":"closed","sticky":false,"template":"","format":"standard","meta":{"_acf_changed":false,"footnotes":""},"categories":[1],"tags":[],"class_list":["post-16481","post","type-post","status-publish","format-standard","has-post-thumbnail","hentry","category-brasilia"],"acf":[],"_links":{"self":[{"href":"https:\/\/www.notibras.com\/site\/wp-json\/wp\/v2\/posts\/16481","targetHints":{"allow":["GET"]}}],"collection":[{"href":"https:\/\/www.notibras.com\/site\/wp-json\/wp\/v2\/posts"}],"about":[{"href":"https:\/\/www.notibras.com\/site\/wp-json\/wp\/v2\/types\/post"}],"author":[{"embeddable":true,"href":"https:\/\/www.notibras.com\/site\/wp-json\/wp\/v2\/users\/2"}],"replies":[{"embeddable":true,"href":"https:\/\/www.notibras.com\/site\/wp-json\/wp\/v2\/comments?post=16481"}],"version-history":[{"count":0,"href":"https:\/\/www.notibras.com\/site\/wp-json\/wp\/v2\/posts\/16481\/revisions"}],"wp:featuredmedia":[{"embeddable":true,"href":"https:\/\/www.notibras.com\/site\/wp-json\/wp\/v2\/media\/16482"}],"wp:attachment":[{"href":"https:\/\/www.notibras.com\/site\/wp-json\/wp\/v2\/media?parent=16481"}],"wp:term":[{"taxonomy":"category","embeddable":true,"href":"https:\/\/www.notibras.com\/site\/wp-json\/wp\/v2\/categories?post=16481"},{"taxonomy":"post_tag","embeddable":true,"href":"https:\/\/www.notibras.com\/site\/wp-json\/wp\/v2\/tags?post=16481"}],"curies":[{"name":"wp","href":"https:\/\/api.w.org\/{rel}","templated":true}]}}