{"id":16485,"date":"2014-07-16T16:46:52","date_gmt":"2014-07-16T19:46:52","guid":{"rendered":"http:\/\/www.notibras.com\/site\/?p=16485"},"modified":"2014-07-17T00:49:08","modified_gmt":"2014-07-17T03:49:08","slug":"trator-atropela-catador-na-area-de-organicos-do-lixao-da-estrutural","status":"publish","type":"post","link":"https:\/\/www.notibras.com\/site\/trator-atropela-catador-na-area-de-organicos-do-lixao-da-estrutural\/","title":{"rendered":"Trator atropela catador na \u00e1rea de org\u00e2nicos do Lix\u00e3o da Estrutural"},"content":{"rendered":"<p>Um catador de 22 anos foi atropelado nesta ter\u00e7a-feira (15) pelo operador de uma m\u00e1quina de esteira do lix\u00e3o da Estrutural, no Distrito Federal.<\/p>\n<p>De acordo com a Secretaria de Sa\u00fade, o paciente est\u00e1 internado em estado est\u00e1vel no Hospital de Base e passa por avalia\u00e7\u00e3o do setor de ortopedia.<\/p>\n<blockquote><p>O acidente aconteceu por volta das 14h30. Um fiscal registrou a ocorr\u00eancia no posto policial da Estrutural. Segundo o homem, o atropelamento ocorreu na \u00e1rea de lixo org\u00e2nico.<\/p><\/blockquote>\n<p>A v\u00edtima foi socorrida por colegas e levada ao postal de sa\u00fade da regi\u00e3o. De l\u00e1, foi encaminhada ao Base.<\/p>\n","protected":false},"excerpt":{"rendered":"<p>Um catador de 22 anos foi atropelado nesta ter\u00e7a-feira (15) pelo operador de uma m\u00e1quina de esteira do lix\u00e3o da Estrutural, no Distrito Federal. De acordo com a Secretaria de Sa\u00fade, o paciente est\u00e1 internado em estado est\u00e1vel no Hospital de Base e passa por avalia\u00e7\u00e3o do setor de ortopedia. O acidente aconteceu por volta [&hellip;]<\/p>\n","protected":false},"author":2,"featured_media":16486,"comment_status":"open","ping_status":"closed","sticky":false,"template":"","format":"standard","meta":{"_acf_changed":false,"footnotes":""},"categories":[1],"tags":[],"class_list":["post-16485","post","type-post","status-publish","format-standard","has-post-thumbnail","hentry","category-brasilia"],"acf":[],"_links":{"self":[{"href":"https:\/\/www.notibras.com\/site\/wp-json\/wp\/v2\/posts\/16485","targetHints":{"allow":["GET"]}}],"collection":[{"href":"https:\/\/www.notibras.com\/site\/wp-json\/wp\/v2\/posts"}],"about":[{"href":"https:\/\/www.notibras.com\/site\/wp-json\/wp\/v2\/types\/post"}],"author":[{"embeddable":true,"href":"https:\/\/www.notibras.com\/site\/wp-json\/wp\/v2\/users\/2"}],"replies":[{"embeddable":true,"href":"https:\/\/www.notibras.com\/site\/wp-json\/wp\/v2\/comments?post=16485"}],"version-history":[{"count":0,"href":"https:\/\/www.notibras.com\/site\/wp-json\/wp\/v2\/posts\/16485\/revisions"}],"wp:featuredmedia":[{"embeddable":true,"href":"https:\/\/www.notibras.com\/site\/wp-json\/wp\/v2\/media\/16486"}],"wp:attachment":[{"href":"https:\/\/www.notibras.com\/site\/wp-json\/wp\/v2\/media?parent=16485"}],"wp:term":[{"taxonomy":"category","embeddable":true,"href":"https:\/\/www.notibras.com\/site\/wp-json\/wp\/v2\/categories?post=16485"},{"taxonomy":"post_tag","embeddable":true,"href":"https:\/\/www.notibras.com\/site\/wp-json\/wp\/v2\/tags?post=16485"}],"curies":[{"name":"wp","href":"https:\/\/api.w.org\/{rel}","templated":true}]}}