{"id":16491,"date":"2014-07-17T10:40:45","date_gmt":"2014-07-17T13:40:45","guid":{"rendered":"http:\/\/www.notibras.com\/site\/?p=16491"},"modified":"2014-07-17T10:40:45","modified_gmt":"2014-07-17T13:40:45","slug":"romario-esconde-lindberg-farias-e-eduardo-campos-nos-panfletos","status":"publish","type":"post","link":"https:\/\/www.notibras.com\/site\/romario-esconde-lindberg-farias-e-eduardo-campos-nos-panfletos\/","title":{"rendered":"Rom\u00e1rio esconde Lindberg Farias e Eduardo Campos nos panfletos"},"content":{"rendered":"<p>O clima de trai\u00e7\u00e3o continua correndo solto na pol\u00edtica do Rio de Janeiro. Os folhetos distribu\u00eddos nesta semana com a imagem de Rom\u00e1rio n\u00e3o tem qualquer imagem de Lindbergh Farias.<\/p>\n<p>Acostumado a gerar pol\u00eamicas, Rom\u00e1rio tem constragido Lindberg Farias (PT), candidato ao governo do estado, e Eduardo Campos, presidenci\u00e1vel do PSB, seu partido \u2014 ambos deixados de fora do material de campanha do ex-jogador. Para o deputado federal, candidato ao Senado, ele se basta.<\/p>\n<p>Na \u00fanica agenda comum \u2014 uma caminhada no in\u00edcio da campanha, em 6 de julho, na Feira de S\u00e3o Crist\u00f3v\u00e3o \u2014 sua equipe deu um jeito de limar Lindberg das fotos postadas no perfil nas redes sociais. Cortaram-lhe a cabe\u00e7a. J\u00e1 no corpo a corpo solo, Rom\u00e1rio distribui panfleto em que, n\u00e3o s\u00f3 aparece sozinho, como reorganiza a ordem dos partidos da coliga\u00e7\u00e3o Frente Popular, da qual pertence. Em vez de PT, PV, PSB e PCdoB, como registrado no Tribunal Regional Eleitoral (TRE), aparecem PSB, PV, PT e PCdoB. Os dois \u00faltimos, alvos frequentes de cr\u00edticas de Rom\u00e1rio.<\/p>\n","protected":false},"excerpt":{"rendered":"<p>O clima de trai\u00e7\u00e3o continua correndo solto na pol\u00edtica do Rio de Janeiro. Os folhetos distribu\u00eddos nesta semana com a imagem de Rom\u00e1rio n\u00e3o tem qualquer imagem de Lindbergh Farias. Acostumado a gerar pol\u00eamicas, Rom\u00e1rio tem constragido Lindberg Farias (PT), candidato ao governo do estado, e Eduardo Campos, presidenci\u00e1vel do PSB, seu partido \u2014 ambos [&hellip;]<\/p>\n","protected":false},"author":1,"featured_media":16492,"comment_status":"open","ping_status":"closed","sticky":false,"template":"","format":"standard","meta":{"_acf_changed":false,"footnotes":""},"categories":[33],"tags":[],"class_list":["post-16491","post","type-post","status-publish","format-standard","has-post-thumbnail","hentry","category-eleicoes-2014"],"acf":[],"yoast_head":"<!-- This site is optimized with the Yoast SEO plugin v27.2 - https:\/\/yoast.com\/product\/yoast-seo-wordpress\/ -->\n<title>Rom\u00e1rio esconde Lindberg Farias e Eduardo Campos nos panfletos  - Notibras<\/title>\n<meta name=\"robots\" content=\"index, follow, max-snippet:-1, max-image-preview:large, max-video-preview:-1\" \/>\n<link rel=\"canonical\" href=\"https:\/\/www.notibras.com\/site\/romario-esconde-lindberg-farias-e-eduardo-campos-nos-panfletos\/\" \/>\n<meta property=\"og:locale\" content=\"pt_BR\" \/>\n<meta property=\"og:type\" content=\"article\" \/>\n<meta property=\"og:title\" content=\"Rom\u00e1rio esconde Lindberg Farias e Eduardo Campos nos panfletos  - Notibras\" \/>\n<meta property=\"og:description\" content=\"O clima de trai\u00e7\u00e3o continua correndo solto na pol\u00edtica do Rio de Janeiro. Os folhetos distribu\u00eddos nesta semana com a imagem de Rom\u00e1rio n\u00e3o tem qualquer imagem de Lindbergh Farias. Acostumado a gerar pol\u00eamicas, Rom\u00e1rio tem constragido Lindberg Farias (PT), candidato ao governo do estado, e Eduardo Campos, presidenci\u00e1vel do PSB, seu partido \u2014 ambos [&hellip;]\" \/>\n<meta property=\"og:url\" content=\"https:\/\/www.notibras.com\/site\/romario-esconde-lindberg-farias-e-eduardo-campos-nos-panfletos\/\" \/>\n<meta property=\"og:site_name\" content=\"Notibras\" \/>\n<meta property=\"article:publisher\" content=\"https:\/\/www.facebook.com\/notibras\/\" \/>\n<meta property=\"article:published_time\" content=\"2014-07-17T13:40:45+00:00\" \/>\n<meta property=\"og:image\" content=\"https:\/\/www.notibras.com\/site\/wp-content\/uploads\/2014\/07\/romario-e-lind.jpg\" \/>\n\t<meta property=\"og:image:width\" content=\"620\" \/>\n\t<meta property=\"og:image:height\" content=\"415\" \/>\n\t<meta property=\"og:image:type\" content=\"image\/jpeg\" \/>\n<meta name=\"author\" content=\"Reda\u00e7\u00e3o\" \/>\n<meta name=\"twitter:card\" content=\"summary_large_image\" \/>\n<meta name=\"twitter:creator\" content=\"@Notibras\" \/>\n<meta name=\"twitter:site\" content=\"@Notibras\" \/>\n<meta name=\"twitter:label1\" content=\"Escrito por\" \/>\n\t<meta name=\"twitter:data1\" content=\"Reda\u00e7\u00e3o\" \/>\n\t<meta name=\"twitter:label2\" content=\"Est. tempo de leitura\" \/>\n\t<meta name=\"twitter:data2\" content=\"1 minuto\" \/>\n<script type=\"application\/ld+json\" class=\"yoast-schema-graph\">{\"@context\":\"https:\/\/schema.org\",\"@graph\":[{\"@type\":\"Article\",\"@id\":\"https:\/\/www.notibras.com\/site\/romario-esconde-lindberg-farias-e-eduardo-campos-nos-panfletos\/#article\",\"isPartOf\":{\"@id\":\"https:\/\/www.notibras.com\/site\/romario-esconde-lindberg-farias-e-eduardo-campos-nos-panfletos\/\"},\"author\":{\"name\":\"Reda\u00e7\u00e3o\",\"@id\":\"https:\/\/www.notibras.com\/site\/#\/schema\/person\/00b8e1aa08f9ef6563e878c5159d01cf\"},\"headline\":\"Rom\u00e1rio esconde Lindberg Farias e Eduardo Campos nos panfletos\",\"datePublished\":\"2014-07-17T13:40:45+00:00\",\"mainEntityOfPage\":{\"@id\":\"https:\/\/www.notibras.com\/site\/romario-esconde-lindberg-farias-e-eduardo-campos-nos-panfletos\/\"},\"wordCount\":196,\"commentCount\":0,\"publisher\":{\"@id\":\"https:\/\/www.notibras.com\/site\/#organization\"},\"image\":{\"@id\":\"https:\/\/www.notibras.com\/site\/romario-esconde-lindberg-farias-e-eduardo-campos-nos-panfletos\/#primaryimage\"},\"thumbnailUrl\":\"https:\/\/www.notibras.com\/site\/wp-content\/uploads\/2014\/07\/romario-e-lind.jpg\",\"articleSection\":[\"Elei\u00e7\u00f5es 2014\"],\"inLanguage\":\"pt-BR\",\"potentialAction\":[{\"@type\":\"CommentAction\",\"name\":\"Comment\",\"target\":[\"https:\/\/www.notibras.com\/site\/romario-esconde-lindberg-farias-e-eduardo-campos-nos-panfletos\/#respond\"]}]},{\"@type\":\"WebPage\",\"@id\":\"https:\/\/www.notibras.com\/site\/romario-esconde-lindberg-farias-e-eduardo-campos-nos-panfletos\/\",\"url\":\"https:\/\/www.notibras.com\/site\/romario-esconde-lindberg-farias-e-eduardo-campos-nos-panfletos\/\",\"name\":\"Rom\u00e1rio esconde Lindberg Farias e Eduardo Campos nos panfletos - Notibras\",\"isPartOf\":{\"@id\":\"https:\/\/www.notibras.com\/site\/#website\"},\"primaryImageOfPage\":{\"@id\":\"https:\/\/www.notibras.com\/site\/romario-esconde-lindberg-farias-e-eduardo-campos-nos-panfletos\/#primaryimage\"},\"image\":{\"@id\":\"https:\/\/www.notibras.com\/site\/romario-esconde-lindberg-farias-e-eduardo-campos-nos-panfletos\/#primaryimage\"},\"thumbnailUrl\":\"https:\/\/www.notibras.com\/site\/wp-content\/uploads\/2014\/07\/romario-e-lind.jpg\",\"datePublished\":\"2014-07-17T13:40:45+00:00\",\"breadcrumb\":{\"@id\":\"https:\/\/www.notibras.com\/site\/romario-esconde-lindberg-farias-e-eduardo-campos-nos-panfletos\/#breadcrumb\"},\"inLanguage\":\"pt-BR\",\"potentialAction\":[{\"@type\":\"ReadAction\",\"target\":[\"https:\/\/www.notibras.com\/site\/romario-esconde-lindberg-farias-e-eduardo-campos-nos-panfletos\/\"]}]},{\"@type\":\"ImageObject\",\"inLanguage\":\"pt-BR\",\"@id\":\"https:\/\/www.notibras.com\/site\/romario-esconde-lindberg-farias-e-eduardo-campos-nos-panfletos\/#primaryimage\",\"url\":\"https:\/\/www.notibras.com\/site\/wp-content\/uploads\/2014\/07\/romario-e-lind.jpg\",\"contentUrl\":\"https:\/\/www.notibras.com\/site\/wp-content\/uploads\/2014\/07\/romario-e-lind.jpg\",\"width\":620,\"height\":415},{\"@type\":\"BreadcrumbList\",\"@id\":\"https:\/\/www.notibras.com\/site\/romario-esconde-lindberg-farias-e-eduardo-campos-nos-panfletos\/#breadcrumb\",\"itemListElement\":[{\"@type\":\"ListItem\",\"position\":1,\"name\":\"In\u00edcio\",\"item\":\"https:\/\/www.notibras.com\/site\/\"},{\"@type\":\"ListItem\",\"position\":2,\"name\":\"Rom\u00e1rio esconde Lindberg Farias e Eduardo Campos nos panfletos\"}]},{\"@type\":\"WebSite\",\"@id\":\"https:\/\/www.notibras.com\/site\/#website\",\"url\":\"https:\/\/www.notibras.com\/site\/\",\"name\":\"Notibras\",\"description\":\"Not\u00edcias de Bras\u00edlia, do Brasil e do Mundo\",\"publisher\":{\"@id\":\"https:\/\/www.notibras.com\/site\/#organization\"},\"potentialAction\":[{\"@type\":\"SearchAction\",\"target\":{\"@type\":\"EntryPoint\",\"urlTemplate\":\"https:\/\/www.notibras.com\/site\/?s={search_term_string}\"},\"query-input\":{\"@type\":\"PropertyValueSpecification\",\"valueRequired\":true,\"valueName\":\"search_term_string\"}}],\"inLanguage\":\"pt-BR\"},{\"@type\":\"Organization\",\"@id\":\"https:\/\/www.notibras.com\/site\/#organization\",\"name\":\"Grupo Notibras de Comunica\u00e7\u00e3o\",\"url\":\"https:\/\/www.notibras.com\/site\/\",\"logo\":{\"@type\":\"ImageObject\",\"inLanguage\":\"pt-BR\",\"@id\":\"https:\/\/www.notibras.com\/site\/#\/schema\/logo\/image\/\",\"url\":\"https:\/\/www.notibras.com\/site\/wp-content\/uploads\/2023\/01\/notibras23.png\",\"contentUrl\":\"https:\/\/www.notibras.com\/site\/wp-content\/uploads\/2023\/01\/notibras23.png\",\"width\":350,\"height\":87,\"caption\":\"Grupo Notibras de Comunica\u00e7\u00e3o\"},\"image\":{\"@id\":\"https:\/\/www.notibras.com\/site\/#\/schema\/logo\/image\/\"},\"sameAs\":[\"https:\/\/www.facebook.com\/notibras\/\",\"https:\/\/x.com\/Notibras\",\"https:\/\/www.instagram.com\/notibras\/\"]},{\"@type\":\"Person\",\"@id\":\"https:\/\/www.notibras.com\/site\/#\/schema\/person\/00b8e1aa08f9ef6563e878c5159d01cf\",\"name\":\"Reda\u00e7\u00e3o\",\"image\":{\"@type\":\"ImageObject\",\"inLanguage\":\"pt-BR\",\"@id\":\"https:\/\/secure.gravatar.com\/avatar\/ac5a707d5b47784a5ed426c6e213e201423c750890f64e4c379114dade67dfb9?s=96&d=mm&r=g\",\"url\":\"https:\/\/secure.gravatar.com\/avatar\/ac5a707d5b47784a5ed426c6e213e201423c750890f64e4c379114dade67dfb9?s=96&d=mm&r=g\",\"contentUrl\":\"https:\/\/secure.gravatar.com\/avatar\/ac5a707d5b47784a5ed426c6e213e201423c750890f64e4c379114dade67dfb9?s=96&d=mm&r=g\",\"caption\":\"Reda\u00e7\u00e3o\"}}]}<\/script>\n<!-- \/ Yoast SEO plugin. -->","yoast_head_json":{"title":"Rom\u00e1rio esconde Lindberg Farias e Eduardo Campos nos panfletos  - Notibras","robots":{"index":"index","follow":"follow","max-snippet":"max-snippet:-1","max-image-preview":"max-image-preview:large","max-video-preview":"max-video-preview:-1"},"canonical":"https:\/\/www.notibras.com\/site\/romario-esconde-lindberg-farias-e-eduardo-campos-nos-panfletos\/","og_locale":"pt_BR","og_type":"article","og_title":"Rom\u00e1rio esconde Lindberg Farias e Eduardo Campos nos panfletos  - Notibras","og_description":"O clima de trai\u00e7\u00e3o continua correndo solto na pol\u00edtica do Rio de Janeiro. Os folhetos distribu\u00eddos nesta semana com a imagem de Rom\u00e1rio n\u00e3o tem qualquer imagem de Lindbergh Farias. Acostumado a gerar pol\u00eamicas, Rom\u00e1rio tem constragido Lindberg Farias (PT), candidato ao governo do estado, e Eduardo Campos, presidenci\u00e1vel do PSB, seu partido \u2014 ambos [&hellip;]","og_url":"https:\/\/www.notibras.com\/site\/romario-esconde-lindberg-farias-e-eduardo-campos-nos-panfletos\/","og_site_name":"Notibras","article_publisher":"https:\/\/www.facebook.com\/notibras\/","article_published_time":"2014-07-17T13:40:45+00:00","og_image":[{"width":620,"height":415,"url":"https:\/\/www.notibras.com\/site\/wp-content\/uploads\/2014\/07\/romario-e-lind.jpg","type":"image\/jpeg"}],"author":"Reda\u00e7\u00e3o","twitter_card":"summary_large_image","twitter_creator":"@Notibras","twitter_site":"@Notibras","twitter_misc":{"Escrito por":"Reda\u00e7\u00e3o","Est. tempo de leitura":"1 minuto"},"schema":{"@context":"https:\/\/schema.org","@graph":[{"@type":"Article","@id":"https:\/\/www.notibras.com\/site\/romario-esconde-lindberg-farias-e-eduardo-campos-nos-panfletos\/#article","isPartOf":{"@id":"https:\/\/www.notibras.com\/site\/romario-esconde-lindberg-farias-e-eduardo-campos-nos-panfletos\/"},"author":{"name":"Reda\u00e7\u00e3o","@id":"https:\/\/www.notibras.com\/site\/#\/schema\/person\/00b8e1aa08f9ef6563e878c5159d01cf"},"headline":"Rom\u00e1rio esconde Lindberg Farias e Eduardo Campos nos panfletos","datePublished":"2014-07-17T13:40:45+00:00","mainEntityOfPage":{"@id":"https:\/\/www.notibras.com\/site\/romario-esconde-lindberg-farias-e-eduardo-campos-nos-panfletos\/"},"wordCount":196,"commentCount":0,"publisher":{"@id":"https:\/\/www.notibras.com\/site\/#organization"},"image":{"@id":"https:\/\/www.notibras.com\/site\/romario-esconde-lindberg-farias-e-eduardo-campos-nos-panfletos\/#primaryimage"},"thumbnailUrl":"https:\/\/www.notibras.com\/site\/wp-content\/uploads\/2014\/07\/romario-e-lind.jpg","articleSection":["Elei\u00e7\u00f5es 2014"],"inLanguage":"pt-BR","potentialAction":[{"@type":"CommentAction","name":"Comment","target":["https:\/\/www.notibras.com\/site\/romario-esconde-lindberg-farias-e-eduardo-campos-nos-panfletos\/#respond"]}]},{"@type":"WebPage","@id":"https:\/\/www.notibras.com\/site\/romario-esconde-lindberg-farias-e-eduardo-campos-nos-panfletos\/","url":"https:\/\/www.notibras.com\/site\/romario-esconde-lindberg-farias-e-eduardo-campos-nos-panfletos\/","name":"Rom\u00e1rio esconde Lindberg Farias e Eduardo Campos nos panfletos - Notibras","isPartOf":{"@id":"https:\/\/www.notibras.com\/site\/#website"},"primaryImageOfPage":{"@id":"https:\/\/www.notibras.com\/site\/romario-esconde-lindberg-farias-e-eduardo-campos-nos-panfletos\/#primaryimage"},"image":{"@id":"https:\/\/www.notibras.com\/site\/romario-esconde-lindberg-farias-e-eduardo-campos-nos-panfletos\/#primaryimage"},"thumbnailUrl":"https:\/\/www.notibras.com\/site\/wp-content\/uploads\/2014\/07\/romario-e-lind.jpg","datePublished":"2014-07-17T13:40:45+00:00","breadcrumb":{"@id":"https:\/\/www.notibras.com\/site\/romario-esconde-lindberg-farias-e-eduardo-campos-nos-panfletos\/#breadcrumb"},"inLanguage":"pt-BR","potentialAction":[{"@type":"ReadAction","target":["https:\/\/www.notibras.com\/site\/romario-esconde-lindberg-farias-e-eduardo-campos-nos-panfletos\/"]}]},{"@type":"ImageObject","inLanguage":"pt-BR","@id":"https:\/\/www.notibras.com\/site\/romario-esconde-lindberg-farias-e-eduardo-campos-nos-panfletos\/#primaryimage","url":"https:\/\/www.notibras.com\/site\/wp-content\/uploads\/2014\/07\/romario-e-lind.jpg","contentUrl":"https:\/\/www.notibras.com\/site\/wp-content\/uploads\/2014\/07\/romario-e-lind.jpg","width":620,"height":415},{"@type":"BreadcrumbList","@id":"https:\/\/www.notibras.com\/site\/romario-esconde-lindberg-farias-e-eduardo-campos-nos-panfletos\/#breadcrumb","itemListElement":[{"@type":"ListItem","position":1,"name":"In\u00edcio","item":"https:\/\/www.notibras.com\/site\/"},{"@type":"ListItem","position":2,"name":"Rom\u00e1rio esconde Lindberg Farias e Eduardo Campos nos panfletos"}]},{"@type":"WebSite","@id":"https:\/\/www.notibras.com\/site\/#website","url":"https:\/\/www.notibras.com\/site\/","name":"Notibras","description":"Not\u00edcias de Bras\u00edlia, do Brasil e do Mundo","publisher":{"@id":"https:\/\/www.notibras.com\/site\/#organization"},"potentialAction":[{"@type":"SearchAction","target":{"@type":"EntryPoint","urlTemplate":"https:\/\/www.notibras.com\/site\/?s={search_term_string}"},"query-input":{"@type":"PropertyValueSpecification","valueRequired":true,"valueName":"search_term_string"}}],"inLanguage":"pt-BR"},{"@type":"Organization","@id":"https:\/\/www.notibras.com\/site\/#organization","name":"Grupo Notibras de Comunica\u00e7\u00e3o","url":"https:\/\/www.notibras.com\/site\/","logo":{"@type":"ImageObject","inLanguage":"pt-BR","@id":"https:\/\/www.notibras.com\/site\/#\/schema\/logo\/image\/","url":"https:\/\/www.notibras.com\/site\/wp-content\/uploads\/2023\/01\/notibras23.png","contentUrl":"https:\/\/www.notibras.com\/site\/wp-content\/uploads\/2023\/01\/notibras23.png","width":350,"height":87,"caption":"Grupo Notibras de Comunica\u00e7\u00e3o"},"image":{"@id":"https:\/\/www.notibras.com\/site\/#\/schema\/logo\/image\/"},"sameAs":["https:\/\/www.facebook.com\/notibras\/","https:\/\/x.com\/Notibras","https:\/\/www.instagram.com\/notibras\/"]},{"@type":"Person","@id":"https:\/\/www.notibras.com\/site\/#\/schema\/person\/00b8e1aa08f9ef6563e878c5159d01cf","name":"Reda\u00e7\u00e3o","image":{"@type":"ImageObject","inLanguage":"pt-BR","@id":"https:\/\/secure.gravatar.com\/avatar\/ac5a707d5b47784a5ed426c6e213e201423c750890f64e4c379114dade67dfb9?s=96&d=mm&r=g","url":"https:\/\/secure.gravatar.com\/avatar\/ac5a707d5b47784a5ed426c6e213e201423c750890f64e4c379114dade67dfb9?s=96&d=mm&r=g","contentUrl":"https:\/\/secure.gravatar.com\/avatar\/ac5a707d5b47784a5ed426c6e213e201423c750890f64e4c379114dade67dfb9?s=96&d=mm&r=g","caption":"Reda\u00e7\u00e3o"}}]}},"amp_enabled":true,"_links":{"self":[{"href":"https:\/\/www.notibras.com\/site\/wp-json\/wp\/v2\/posts\/16491","targetHints":{"allow":["GET"]}}],"collection":[{"href":"https:\/\/www.notibras.com\/site\/wp-json\/wp\/v2\/posts"}],"about":[{"href":"https:\/\/www.notibras.com\/site\/wp-json\/wp\/v2\/types\/post"}],"author":[{"embeddable":true,"href":"https:\/\/www.notibras.com\/site\/wp-json\/wp\/v2\/users\/1"}],"replies":[{"embeddable":true,"href":"https:\/\/www.notibras.com\/site\/wp-json\/wp\/v2\/comments?post=16491"}],"version-history":[{"count":0,"href":"https:\/\/www.notibras.com\/site\/wp-json\/wp\/v2\/posts\/16491\/revisions"}],"wp:featuredmedia":[{"embeddable":true,"href":"https:\/\/www.notibras.com\/site\/wp-json\/wp\/v2\/media\/16492"}],"wp:attachment":[{"href":"https:\/\/www.notibras.com\/site\/wp-json\/wp\/v2\/media?parent=16491"}],"wp:term":[{"taxonomy":"category","embeddable":true,"href":"https:\/\/www.notibras.com\/site\/wp-json\/wp\/v2\/categories?post=16491"},{"taxonomy":"post_tag","embeddable":true,"href":"https:\/\/www.notibras.com\/site\/wp-json\/wp\/v2\/tags?post=16491"}],"curies":[{"name":"wp","href":"https:\/\/api.w.org\/{rel}","templated":true}]}}