{"id":16583,"date":"2014-07-18T00:01:22","date_gmt":"2014-07-18T03:01:22","guid":{"rendered":"http:\/\/www.notibras.com\/site\/?p=16583"},"modified":"2014-07-18T00:01:22","modified_gmt":"2014-07-18T03:01:22","slug":"cruzeiro-abre-a-porteira-faz-3-a-1-e-aumenta-drama-do-vitoria","status":"publish","type":"post","link":"https:\/\/www.notibras.com\/site\/cruzeiro-abre-a-porteira-faz-3-a-1-e-aumenta-drama-do-vitoria\/","title":{"rendered":"Cruzeiro abre a porteira, faz 3 a 1 e aumenta drama do Vit\u00f3ria"},"content":{"rendered":"<p>Cruzeiro demorou para marcar o primeiro gol no Vit\u00f3ria no Mineir\u00e3o, mas quando fez, conseguiu emendar rapidamente outros dois para garantir o triunfo tranquilo por 3 a 1 na noite desta quinta-feira, no retorno das duas equipes ao Campeonato Brasileiro ap\u00f3s a pausa para a Copa do Mundo. Alem\u00e3o (contra), Ricardo Goulart e \u00c9verton Ribeiro marcaram os gols do atual campe\u00e3o e l\u00edder da competi\u00e7\u00e3o no confronto v\u00e1lido pela d\u00e9cima rodada. Ayrton descontou para os visitantes nos acr\u00e9scimos.<\/p>\n<p class=\"text\">O resultado manteve a vantagem cruzeirense na ponta da tabela, j\u00e1 que os comandados de Marcelo Oliveira chegaram aos 22 pontos, mantendo a dist\u00e2ncia de tr\u00eas para Corinthians e S\u00e3o Paulo. O Vit\u00f3ria segue com sete pontos, mas caiu para a vice-lanterna porque o Figueirense tem mais vit\u00f3rias e o Coritiba tem um saldo de gols superior ao da equipe baiana.<\/p>\n<p class=\"text\">Amplamente superior na etapa inicial, o Cruzeiro n\u00e3o conseguiu abrir o placar nos primeiros 45 minutos. A equipe comandada por Marcelo Oliveira mostrou boa organiza\u00e7\u00e3o no ataque, trocando bem passes e chegando com perigo at\u00e9 a meta do goleiro Wilson.<\/p>\n<p class=\"text\">O arqueiro do Vit\u00f3ria teve que trabalhar logo aos 5min para evitar que o Cruzeiro sa\u00edsse na frente. O camisa 1 defendeu uma cabe\u00e7ada de Marcelo Moreno ap\u00f3s um escanteio. Nas demais oportunidades criadas pelo clube mineiro, Wilson n\u00e3o precisou trabalhar, j\u00e1 que a pontaria dos atletas da equipe anfitri\u00e3 n\u00e3o estava afinada.<\/p>\n<p class=\"text\">O Cruzeiro continuou com a postura ofensiva na etapa complementar, mas s\u00f3 conseguiu abrir o placar por causa de uma falha coletiva da zaga do Vit\u00f3ria. Aos 17min, Everton Ribeiro fez um cruzamento despretensioso da intermedi\u00e1ria para a \u00e1rea do clube baiano, mandando longe dos atacantes do time mineiro. Sozinhos, os zagueiros Kadu e Alem\u00e3o se confundiram, e o segundo subiu de cabe\u00e7a e desviou fora do alcance de Wilson, marcando contra.<\/p>\n<p class=\"text\">Dois minutos depois, os anfitri\u00f5es chegaram perto do segundo em um lance parecido, quando Cear\u00e1 cobrou lateral direto para a \u00e1rea e Kadu tentou cortar de cabe\u00e7a, mas acabou mandando no travess\u00e3o do seu pr\u00f3prio time.<\/p>\n<blockquote>\n<p class=\"text\">A defesa do clube baiano continuou a noite desastrosa aos 25min, quando Eg\u00eddio for\u00e7ou um cruzamento no limite da lateral esquerda, contou com escorreg\u00e3o de Kadu e viu Ricardo Goulart aparecer para concluir de cabe\u00e7a, ganhando de Tarracha pelo alto e estufando as redes de Wilson. O meia-atacante cruzeirense marcou seu sexto gol no Brasileiro, se isolando na artilharia da competi\u00e7\u00e3o.<\/p>\n<\/blockquote>\n<p class=\"text\">Os mineiros precisaram de mais cinco minutos para ampliar a vantagem. Ricardo Goulart viu a infiltra\u00e7\u00e3o de \u00c9verton Ribeiro e lan\u00e7ou o meia na meia lua. De primeira, o camisa 17 emendou o chute \u00e0 esquerda de Wilson, garantindo a vit\u00f3ria dos anfitri\u00f5es.<\/p>\n<p class=\"text\">J\u00e1 nos acr\u00e9scimos, Ayrton descontou em uma bela cobran\u00e7a de falta, no \u00e2ngulo direito de F\u00e1bio.<\/p>\n<p class=\"text\">Na 11\u00aa rodada, o Cruzeiro viaja a S\u00e3o Paulo para encarar o Palmeiras no Est\u00e1dio Pacaembu, em partida marcada \u00e0s 16h (de Bras\u00edlia) do pr\u00f3ximo domingo. O Vit\u00f3ria retorna a Salvador para receber o Corinthians no mesmo dia e hor\u00e1rio.<\/p>\n","protected":false},"excerpt":{"rendered":"<p>Cruzeiro demorou para marcar o primeiro gol no Vit\u00f3ria no Mineir\u00e3o, mas quando fez, conseguiu emendar rapidamente outros dois para garantir o triunfo tranquilo por 3 a 1 na noite desta quinta-feira, no retorno das duas equipes ao Campeonato Brasileiro ap\u00f3s a pausa para a Copa do Mundo. Alem\u00e3o (contra), Ricardo Goulart e \u00c9verton Ribeiro [&hellip;]<\/p>\n","protected":false},"author":2,"featured_media":16584,"comment_status":"open","ping_status":"closed","sticky":false,"template":"","format":"standard","meta":{"_acf_changed":false,"footnotes":""},"categories":[19,29],"tags":[],"class_list":["post-16583","post","type-post","status-publish","format-standard","has-post-thumbnail","hentry","category-esportes","category-futebol"],"acf":[],"yoast_head":"<!-- This site is optimized with the Yoast SEO plugin v27.2 - https:\/\/yoast.com\/product\/yoast-seo-wordpress\/ -->\n<title>Cruzeiro abre a porteira, faz 3 a 1 e aumenta drama do Vit\u00f3ria - Notibras<\/title>\n<meta name=\"robots\" content=\"index, follow, max-snippet:-1, max-image-preview:large, max-video-preview:-1\" \/>\n<link rel=\"canonical\" href=\"https:\/\/www.notibras.com\/site\/cruzeiro-abre-a-porteira-faz-3-a-1-e-aumenta-drama-do-vitoria\/\" \/>\n<meta property=\"og:locale\" content=\"pt_BR\" \/>\n<meta property=\"og:type\" content=\"article\" \/>\n<meta property=\"og:title\" content=\"Cruzeiro abre a porteira, faz 3 a 1 e aumenta drama do Vit\u00f3ria - Notibras\" \/>\n<meta property=\"og:description\" content=\"Cruzeiro demorou para marcar o primeiro gol no Vit\u00f3ria no Mineir\u00e3o, mas quando fez, conseguiu emendar rapidamente outros dois para garantir o triunfo tranquilo por 3 a 1 na noite desta quinta-feira, no retorno das duas equipes ao Campeonato Brasileiro ap\u00f3s a pausa para a Copa do Mundo. Alem\u00e3o (contra), Ricardo Goulart e \u00c9verton Ribeiro [&hellip;]\" \/>\n<meta property=\"og:url\" content=\"https:\/\/www.notibras.com\/site\/cruzeiro-abre-a-porteira-faz-3-a-1-e-aumenta-drama-do-vitoria\/\" \/>\n<meta property=\"og:site_name\" content=\"Notibras\" \/>\n<meta property=\"article:publisher\" content=\"https:\/\/www.facebook.com\/notibras\/\" \/>\n<meta property=\"article:published_time\" content=\"2014-07-18T03:01:22+00:00\" \/>\n<meta property=\"og:image\" content=\"https:\/\/www.notibras.com\/site\/wp-content\/uploads\/2014\/07\/es1.jpg\" \/>\n\t<meta property=\"og:image:width\" content=\"460\" \/>\n\t<meta property=\"og:image:height\" content=\"340\" \/>\n\t<meta property=\"og:image:type\" content=\"image\/jpeg\" \/>\n<meta name=\"author\" content=\"Reda\u00e7\u00e3o\" \/>\n<meta name=\"twitter:card\" content=\"summary_large_image\" \/>\n<meta name=\"twitter:creator\" content=\"@Notibras\" \/>\n<meta name=\"twitter:site\" content=\"@Notibras\" \/>\n<meta name=\"twitter:label1\" content=\"Escrito por\" \/>\n\t<meta name=\"twitter:data1\" content=\"Reda\u00e7\u00e3o\" \/>\n\t<meta name=\"twitter:label2\" content=\"Est. tempo de leitura\" \/>\n\t<meta name=\"twitter:data2\" content=\"3 minutos\" \/>\n<script type=\"application\/ld+json\" class=\"yoast-schema-graph\">{\"@context\":\"https:\/\/schema.org\",\"@graph\":[{\"@type\":\"Article\",\"@id\":\"https:\/\/www.notibras.com\/site\/cruzeiro-abre-a-porteira-faz-3-a-1-e-aumenta-drama-do-vitoria\/#article\",\"isPartOf\":{\"@id\":\"https:\/\/www.notibras.com\/site\/cruzeiro-abre-a-porteira-faz-3-a-1-e-aumenta-drama-do-vitoria\/\"},\"author\":{\"name\":\"Reda\u00e7\u00e3o\",\"@id\":\"https:\/\/www.notibras.com\/site\/#\/schema\/person\/36ab0979449956132d3e5b517ea76ac8\"},\"headline\":\"Cruzeiro abre a porteira, faz 3 a 1 e aumenta drama do Vit\u00f3ria\",\"datePublished\":\"2014-07-18T03:01:22+00:00\",\"mainEntityOfPage\":{\"@id\":\"https:\/\/www.notibras.com\/site\/cruzeiro-abre-a-porteira-faz-3-a-1-e-aumenta-drama-do-vitoria\/\"},\"wordCount\":553,\"commentCount\":0,\"publisher\":{\"@id\":\"https:\/\/www.notibras.com\/site\/#organization\"},\"image\":{\"@id\":\"https:\/\/www.notibras.com\/site\/cruzeiro-abre-a-porteira-faz-3-a-1-e-aumenta-drama-do-vitoria\/#primaryimage\"},\"thumbnailUrl\":\"https:\/\/www.notibras.com\/site\/wp-content\/uploads\/2014\/07\/es1.jpg\",\"articleSection\":[\"Esportes\",\"Futebol\"],\"inLanguage\":\"pt-BR\",\"potentialAction\":[{\"@type\":\"CommentAction\",\"name\":\"Comment\",\"target\":[\"https:\/\/www.notibras.com\/site\/cruzeiro-abre-a-porteira-faz-3-a-1-e-aumenta-drama-do-vitoria\/#respond\"]}]},{\"@type\":\"WebPage\",\"@id\":\"https:\/\/www.notibras.com\/site\/cruzeiro-abre-a-porteira-faz-3-a-1-e-aumenta-drama-do-vitoria\/\",\"url\":\"https:\/\/www.notibras.com\/site\/cruzeiro-abre-a-porteira-faz-3-a-1-e-aumenta-drama-do-vitoria\/\",\"name\":\"Cruzeiro abre a porteira, faz 3 a 1 e aumenta drama do Vit\u00f3ria - Notibras\",\"isPartOf\":{\"@id\":\"https:\/\/www.notibras.com\/site\/#website\"},\"primaryImageOfPage\":{\"@id\":\"https:\/\/www.notibras.com\/site\/cruzeiro-abre-a-porteira-faz-3-a-1-e-aumenta-drama-do-vitoria\/#primaryimage\"},\"image\":{\"@id\":\"https:\/\/www.notibras.com\/site\/cruzeiro-abre-a-porteira-faz-3-a-1-e-aumenta-drama-do-vitoria\/#primaryimage\"},\"thumbnailUrl\":\"https:\/\/www.notibras.com\/site\/wp-content\/uploads\/2014\/07\/es1.jpg\",\"datePublished\":\"2014-07-18T03:01:22+00:00\",\"breadcrumb\":{\"@id\":\"https:\/\/www.notibras.com\/site\/cruzeiro-abre-a-porteira-faz-3-a-1-e-aumenta-drama-do-vitoria\/#breadcrumb\"},\"inLanguage\":\"pt-BR\",\"potentialAction\":[{\"@type\":\"ReadAction\",\"target\":[\"https:\/\/www.notibras.com\/site\/cruzeiro-abre-a-porteira-faz-3-a-1-e-aumenta-drama-do-vitoria\/\"]}]},{\"@type\":\"ImageObject\",\"inLanguage\":\"pt-BR\",\"@id\":\"https:\/\/www.notibras.com\/site\/cruzeiro-abre-a-porteira-faz-3-a-1-e-aumenta-drama-do-vitoria\/#primaryimage\",\"url\":\"https:\/\/www.notibras.com\/site\/wp-content\/uploads\/2014\/07\/es1.jpg\",\"contentUrl\":\"https:\/\/www.notibras.com\/site\/wp-content\/uploads\/2014\/07\/es1.jpg\",\"width\":460,\"height\":340},{\"@type\":\"BreadcrumbList\",\"@id\":\"https:\/\/www.notibras.com\/site\/cruzeiro-abre-a-porteira-faz-3-a-1-e-aumenta-drama-do-vitoria\/#breadcrumb\",\"itemListElement\":[{\"@type\":\"ListItem\",\"position\":1,\"name\":\"In\u00edcio\",\"item\":\"https:\/\/www.notibras.com\/site\/\"},{\"@type\":\"ListItem\",\"position\":2,\"name\":\"Cruzeiro abre a porteira, faz 3 a 1 e aumenta drama do Vit\u00f3ria\"}]},{\"@type\":\"WebSite\",\"@id\":\"https:\/\/www.notibras.com\/site\/#website\",\"url\":\"https:\/\/www.notibras.com\/site\/\",\"name\":\"Notibras\",\"description\":\"Not\u00edcias de Bras\u00edlia, do Brasil e do Mundo\",\"publisher\":{\"@id\":\"https:\/\/www.notibras.com\/site\/#organization\"},\"potentialAction\":[{\"@type\":\"SearchAction\",\"target\":{\"@type\":\"EntryPoint\",\"urlTemplate\":\"https:\/\/www.notibras.com\/site\/?s={search_term_string}\"},\"query-input\":{\"@type\":\"PropertyValueSpecification\",\"valueRequired\":true,\"valueName\":\"search_term_string\"}}],\"inLanguage\":\"pt-BR\"},{\"@type\":\"Organization\",\"@id\":\"https:\/\/www.notibras.com\/site\/#organization\",\"name\":\"Grupo Notibras de Comunica\u00e7\u00e3o\",\"url\":\"https:\/\/www.notibras.com\/site\/\",\"logo\":{\"@type\":\"ImageObject\",\"inLanguage\":\"pt-BR\",\"@id\":\"https:\/\/www.notibras.com\/site\/#\/schema\/logo\/image\/\",\"url\":\"https:\/\/www.notibras.com\/site\/wp-content\/uploads\/2023\/01\/notibras23.png\",\"contentUrl\":\"https:\/\/www.notibras.com\/site\/wp-content\/uploads\/2023\/01\/notibras23.png\",\"width\":350,\"height\":87,\"caption\":\"Grupo Notibras de Comunica\u00e7\u00e3o\"},\"image\":{\"@id\":\"https:\/\/www.notibras.com\/site\/#\/schema\/logo\/image\/\"},\"sameAs\":[\"https:\/\/www.facebook.com\/notibras\/\",\"https:\/\/x.com\/Notibras\",\"https:\/\/www.instagram.com\/notibras\/\"]},{\"@type\":\"Person\",\"@id\":\"https:\/\/www.notibras.com\/site\/#\/schema\/person\/36ab0979449956132d3e5b517ea76ac8\",\"name\":\"Reda\u00e7\u00e3o\",\"image\":{\"@type\":\"ImageObject\",\"inLanguage\":\"pt-BR\",\"@id\":\"https:\/\/secure.gravatar.com\/avatar\/e0a867bdedb85fd243eadf09663511f96fc81e0720a4a42581f334ad4303aa6b?s=96&d=mm&r=g\",\"url\":\"https:\/\/secure.gravatar.com\/avatar\/e0a867bdedb85fd243eadf09663511f96fc81e0720a4a42581f334ad4303aa6b?s=96&d=mm&r=g\",\"contentUrl\":\"https:\/\/secure.gravatar.com\/avatar\/e0a867bdedb85fd243eadf09663511f96fc81e0720a4a42581f334ad4303aa6b?s=96&d=mm&r=g\",\"caption\":\"Reda\u00e7\u00e3o\"}}]}<\/script>\n<!-- \/ Yoast SEO plugin. -->","yoast_head_json":{"title":"Cruzeiro abre a porteira, faz 3 a 1 e aumenta drama do Vit\u00f3ria - Notibras","robots":{"index":"index","follow":"follow","max-snippet":"max-snippet:-1","max-image-preview":"max-image-preview:large","max-video-preview":"max-video-preview:-1"},"canonical":"https:\/\/www.notibras.com\/site\/cruzeiro-abre-a-porteira-faz-3-a-1-e-aumenta-drama-do-vitoria\/","og_locale":"pt_BR","og_type":"article","og_title":"Cruzeiro abre a porteira, faz 3 a 1 e aumenta drama do Vit\u00f3ria - Notibras","og_description":"Cruzeiro demorou para marcar o primeiro gol no Vit\u00f3ria no Mineir\u00e3o, mas quando fez, conseguiu emendar rapidamente outros dois para garantir o triunfo tranquilo por 3 a 1 na noite desta quinta-feira, no retorno das duas equipes ao Campeonato Brasileiro ap\u00f3s a pausa para a Copa do Mundo. Alem\u00e3o (contra), Ricardo Goulart e \u00c9verton Ribeiro [&hellip;]","og_url":"https:\/\/www.notibras.com\/site\/cruzeiro-abre-a-porteira-faz-3-a-1-e-aumenta-drama-do-vitoria\/","og_site_name":"Notibras","article_publisher":"https:\/\/www.facebook.com\/notibras\/","article_published_time":"2014-07-18T03:01:22+00:00","og_image":[{"width":460,"height":340,"url":"https:\/\/www.notibras.com\/site\/wp-content\/uploads\/2014\/07\/es1.jpg","type":"image\/jpeg"}],"author":"Reda\u00e7\u00e3o","twitter_card":"summary_large_image","twitter_creator":"@Notibras","twitter_site":"@Notibras","twitter_misc":{"Escrito por":"Reda\u00e7\u00e3o","Est. tempo de leitura":"3 minutos"},"schema":{"@context":"https:\/\/schema.org","@graph":[{"@type":"Article","@id":"https:\/\/www.notibras.com\/site\/cruzeiro-abre-a-porteira-faz-3-a-1-e-aumenta-drama-do-vitoria\/#article","isPartOf":{"@id":"https:\/\/www.notibras.com\/site\/cruzeiro-abre-a-porteira-faz-3-a-1-e-aumenta-drama-do-vitoria\/"},"author":{"name":"Reda\u00e7\u00e3o","@id":"https:\/\/www.notibras.com\/site\/#\/schema\/person\/36ab0979449956132d3e5b517ea76ac8"},"headline":"Cruzeiro abre a porteira, faz 3 a 1 e aumenta drama do Vit\u00f3ria","datePublished":"2014-07-18T03:01:22+00:00","mainEntityOfPage":{"@id":"https:\/\/www.notibras.com\/site\/cruzeiro-abre-a-porteira-faz-3-a-1-e-aumenta-drama-do-vitoria\/"},"wordCount":553,"commentCount":0,"publisher":{"@id":"https:\/\/www.notibras.com\/site\/#organization"},"image":{"@id":"https:\/\/www.notibras.com\/site\/cruzeiro-abre-a-porteira-faz-3-a-1-e-aumenta-drama-do-vitoria\/#primaryimage"},"thumbnailUrl":"https:\/\/www.notibras.com\/site\/wp-content\/uploads\/2014\/07\/es1.jpg","articleSection":["Esportes","Futebol"],"inLanguage":"pt-BR","potentialAction":[{"@type":"CommentAction","name":"Comment","target":["https:\/\/www.notibras.com\/site\/cruzeiro-abre-a-porteira-faz-3-a-1-e-aumenta-drama-do-vitoria\/#respond"]}]},{"@type":"WebPage","@id":"https:\/\/www.notibras.com\/site\/cruzeiro-abre-a-porteira-faz-3-a-1-e-aumenta-drama-do-vitoria\/","url":"https:\/\/www.notibras.com\/site\/cruzeiro-abre-a-porteira-faz-3-a-1-e-aumenta-drama-do-vitoria\/","name":"Cruzeiro abre a porteira, faz 3 a 1 e aumenta drama do Vit\u00f3ria - Notibras","isPartOf":{"@id":"https:\/\/www.notibras.com\/site\/#website"},"primaryImageOfPage":{"@id":"https:\/\/www.notibras.com\/site\/cruzeiro-abre-a-porteira-faz-3-a-1-e-aumenta-drama-do-vitoria\/#primaryimage"},"image":{"@id":"https:\/\/www.notibras.com\/site\/cruzeiro-abre-a-porteira-faz-3-a-1-e-aumenta-drama-do-vitoria\/#primaryimage"},"thumbnailUrl":"https:\/\/www.notibras.com\/site\/wp-content\/uploads\/2014\/07\/es1.jpg","datePublished":"2014-07-18T03:01:22+00:00","breadcrumb":{"@id":"https:\/\/www.notibras.com\/site\/cruzeiro-abre-a-porteira-faz-3-a-1-e-aumenta-drama-do-vitoria\/#breadcrumb"},"inLanguage":"pt-BR","potentialAction":[{"@type":"ReadAction","target":["https:\/\/www.notibras.com\/site\/cruzeiro-abre-a-porteira-faz-3-a-1-e-aumenta-drama-do-vitoria\/"]}]},{"@type":"ImageObject","inLanguage":"pt-BR","@id":"https:\/\/www.notibras.com\/site\/cruzeiro-abre-a-porteira-faz-3-a-1-e-aumenta-drama-do-vitoria\/#primaryimage","url":"https:\/\/www.notibras.com\/site\/wp-content\/uploads\/2014\/07\/es1.jpg","contentUrl":"https:\/\/www.notibras.com\/site\/wp-content\/uploads\/2014\/07\/es1.jpg","width":460,"height":340},{"@type":"BreadcrumbList","@id":"https:\/\/www.notibras.com\/site\/cruzeiro-abre-a-porteira-faz-3-a-1-e-aumenta-drama-do-vitoria\/#breadcrumb","itemListElement":[{"@type":"ListItem","position":1,"name":"In\u00edcio","item":"https:\/\/www.notibras.com\/site\/"},{"@type":"ListItem","position":2,"name":"Cruzeiro abre a porteira, faz 3 a 1 e aumenta drama do Vit\u00f3ria"}]},{"@type":"WebSite","@id":"https:\/\/www.notibras.com\/site\/#website","url":"https:\/\/www.notibras.com\/site\/","name":"Notibras","description":"Not\u00edcias de Bras\u00edlia, do Brasil e do Mundo","publisher":{"@id":"https:\/\/www.notibras.com\/site\/#organization"},"potentialAction":[{"@type":"SearchAction","target":{"@type":"EntryPoint","urlTemplate":"https:\/\/www.notibras.com\/site\/?s={search_term_string}"},"query-input":{"@type":"PropertyValueSpecification","valueRequired":true,"valueName":"search_term_string"}}],"inLanguage":"pt-BR"},{"@type":"Organization","@id":"https:\/\/www.notibras.com\/site\/#organization","name":"Grupo Notibras de Comunica\u00e7\u00e3o","url":"https:\/\/www.notibras.com\/site\/","logo":{"@type":"ImageObject","inLanguage":"pt-BR","@id":"https:\/\/www.notibras.com\/site\/#\/schema\/logo\/image\/","url":"https:\/\/www.notibras.com\/site\/wp-content\/uploads\/2023\/01\/notibras23.png","contentUrl":"https:\/\/www.notibras.com\/site\/wp-content\/uploads\/2023\/01\/notibras23.png","width":350,"height":87,"caption":"Grupo Notibras de Comunica\u00e7\u00e3o"},"image":{"@id":"https:\/\/www.notibras.com\/site\/#\/schema\/logo\/image\/"},"sameAs":["https:\/\/www.facebook.com\/notibras\/","https:\/\/x.com\/Notibras","https:\/\/www.instagram.com\/notibras\/"]},{"@type":"Person","@id":"https:\/\/www.notibras.com\/site\/#\/schema\/person\/36ab0979449956132d3e5b517ea76ac8","name":"Reda\u00e7\u00e3o","image":{"@type":"ImageObject","inLanguage":"pt-BR","@id":"https:\/\/secure.gravatar.com\/avatar\/e0a867bdedb85fd243eadf09663511f96fc81e0720a4a42581f334ad4303aa6b?s=96&d=mm&r=g","url":"https:\/\/secure.gravatar.com\/avatar\/e0a867bdedb85fd243eadf09663511f96fc81e0720a4a42581f334ad4303aa6b?s=96&d=mm&r=g","contentUrl":"https:\/\/secure.gravatar.com\/avatar\/e0a867bdedb85fd243eadf09663511f96fc81e0720a4a42581f334ad4303aa6b?s=96&d=mm&r=g","caption":"Reda\u00e7\u00e3o"}}]}},"amp_enabled":true,"_links":{"self":[{"href":"https:\/\/www.notibras.com\/site\/wp-json\/wp\/v2\/posts\/16583","targetHints":{"allow":["GET"]}}],"collection":[{"href":"https:\/\/www.notibras.com\/site\/wp-json\/wp\/v2\/posts"}],"about":[{"href":"https:\/\/www.notibras.com\/site\/wp-json\/wp\/v2\/types\/post"}],"author":[{"embeddable":true,"href":"https:\/\/www.notibras.com\/site\/wp-json\/wp\/v2\/users\/2"}],"replies":[{"embeddable":true,"href":"https:\/\/www.notibras.com\/site\/wp-json\/wp\/v2\/comments?post=16583"}],"version-history":[{"count":0,"href":"https:\/\/www.notibras.com\/site\/wp-json\/wp\/v2\/posts\/16583\/revisions"}],"wp:featuredmedia":[{"embeddable":true,"href":"https:\/\/www.notibras.com\/site\/wp-json\/wp\/v2\/media\/16584"}],"wp:attachment":[{"href":"https:\/\/www.notibras.com\/site\/wp-json\/wp\/v2\/media?parent=16583"}],"wp:term":[{"taxonomy":"category","embeddable":true,"href":"https:\/\/www.notibras.com\/site\/wp-json\/wp\/v2\/categories?post=16583"},{"taxonomy":"post_tag","embeddable":true,"href":"https:\/\/www.notibras.com\/site\/wp-json\/wp\/v2\/tags?post=16583"}],"curies":[{"name":"wp","href":"https:\/\/api.w.org\/{rel}","templated":true}]}}