{"id":1659,"date":"2014-02-14T15:07:38","date_gmt":"2014-02-14T18:07:38","guid":{"rendered":"http:\/\/www.notibras.com\/site\/?p=1659"},"modified":"2014-02-14T18:48:13","modified_gmt":"2014-02-14T21:48:13","slug":"eduardo-ve-marasmo-de-dilma-e-perda-de-conquistas-do-povo","status":"publish","type":"post","link":"https:\/\/www.notibras.com\/site\/eduardo-ve-marasmo-de-dilma-e-perda-de-conquistas-do-povo\/","title":{"rendered":"Eduardo v\u00ea marasmo de Dilma Rousseff e perda de conquistas do povo"},"content":{"rendered":"<p>O pr\u00e9-candidato \u00e0 Presid\u00eancia e governador de Pernambuco, Eduardo Campos (PSB), voltou a criticar a condu\u00e7\u00e3o da economia do pa\u00eds, durante reuni\u00e3o nesta sexta-feira do diret\u00f3rio nacional do PPS, e disse que os brasileiros est\u00e3o correndo risco de perder as conquistas que obtiveram.<\/p>\n<p>Campos, que tamb\u00e9m preside o PSB, e a ex-senadora Marina Silva, que deve ser vice na sua chapa, t\u00eam sido repetitivos nos \u00faltimos meses ao dizer que a gest\u00e3o Dilma Rousseff far\u00e1 o pa\u00eds perder conquistas hist\u00f3ricas como o controle da infla\u00e7\u00e3o e o crescimento econ\u00f4mico mais vigoroso.<\/p>\n<p>&#8220;O Brasil interrompeu o ciclo que as pessoas percebiam que com acertos e com erros est\u00e1vamos acumulando conquistas em setores importantes da nossa sociedade&#8221;, disse Campos.<\/p>\n<p>Segundo ele, o debate a ser feito nesse momento n\u00e3o \u00e9 o eleitoral e nem o da constru\u00e7\u00e3o de palanques estaduais, apesar dele mesmo estar empenhado no fechamento das alian\u00e7as nos Estados.<\/p>\n<p>Nesta semana, Campos e Marina fecharam acordo para lan\u00e7ar uma candidatura pr\u00f3pria ao governo de S\u00e3o Paulo, contrariando setores do PSB que preferiam apoiar o projeto de reelei\u00e7\u00e3o do governador tucano, Geraldo Alckmin.<\/p>\n<p>&#8220;O que est\u00e1 na cabe\u00e7a do povo brasileiro nesse instante \u00e9 como vamos colocar esse pa\u00eds para voltar a crescer, conter a infla\u00e7\u00e3o, resolver o problema da balan\u00e7a comercial&#8221;, disse.<\/p>\n<p>&#8220;H\u00e1 um processo de esvaziamento da ind\u00fastria brasileira que prossegue e p\u00f5e em risco um setor estrat\u00e9gico para constru\u00e7\u00e3o de uma sociedade mais justa&#8221;, acrescentou.<\/p>\n<p>As cr\u00edticas repetidas de Campos t\u00eam como objetivo enfraquecer o governo e o discurso da presidente de que as dificuldades econ\u00f4micas s\u00e3o moment\u00e2neas, decorrentes da crise internacional, e que n\u00e3o afetam a gera\u00e7\u00e3o de empregos e os programas sociais.<\/p>\n<p>Campos n\u00e3o respondeu aos ataques indiretos que Dilma fez aos pr\u00e9-candidatos de oposi\u00e7\u00e3o na segunda-feira, durante a comemora\u00e7\u00e3o de 34 anos de funda\u00e7\u00e3o do PT. A presidente afirmou que seus opositores agem como &#8220;caras de pau&#8221; e &#8220;mentem&#8221; ao dizer que o ciclo do PT no governo federal terminou.<\/p>\n<p>O governador disse que n\u00e3o quer entrar no debate que parece &#8220;briga de rua&#8221; e que o Brasil precisa de uni\u00e3o para avan\u00e7ar.<\/p>\n<p>&#8220;A gente n\u00e3o precisa dividir o Brasil mais, a gente precisa pelo contr\u00e1rio unir os brasileiros&#8221;, argumentou.<\/p>\n","protected":false},"excerpt":{"rendered":"<p>O pr\u00e9-candidato \u00e0 Presid\u00eancia e governador de Pernambuco, Eduardo Campos (PSB), voltou a criticar a condu\u00e7\u00e3o da economia do pa\u00eds, durante reuni\u00e3o nesta sexta-feira do diret\u00f3rio nacional do PPS, e disse que os brasileiros est\u00e3o correndo risco de perder as conquistas que obtiveram. Campos, que tamb\u00e9m preside o PSB, e a ex-senadora Marina Silva, que [&hellip;]<\/p>\n","protected":false},"author":2,"featured_media":1660,"comment_status":"open","ping_status":"closed","sticky":false,"template":"","format":"standard","meta":{"_acf_changed":false,"footnotes":""},"categories":[16],"tags":[],"class_list":["post-1659","post","type-post","status-publish","format-standard","has-post-thumbnail","hentry","category-brasil"],"acf":[],"yoast_head":"<!-- This site is optimized with the Yoast SEO plugin v27.2 - https:\/\/yoast.com\/product\/yoast-seo-wordpress\/ -->\n<title>Eduardo v\u00ea marasmo de Dilma Rousseff e perda de conquistas do povo - Notibras<\/title>\n<meta name=\"robots\" content=\"index, follow, max-snippet:-1, max-image-preview:large, max-video-preview:-1\" \/>\n<link rel=\"canonical\" href=\"https:\/\/www.notibras.com\/site\/eduardo-ve-marasmo-de-dilma-e-perda-de-conquistas-do-povo\/\" \/>\n<meta property=\"og:locale\" content=\"pt_BR\" \/>\n<meta property=\"og:type\" content=\"article\" \/>\n<meta property=\"og:title\" content=\"Eduardo v\u00ea marasmo de Dilma Rousseff e perda de conquistas do povo - Notibras\" \/>\n<meta property=\"og:description\" content=\"O pr\u00e9-candidato \u00e0 Presid\u00eancia e governador de Pernambuco, Eduardo Campos (PSB), voltou a criticar a condu\u00e7\u00e3o da economia do pa\u00eds, durante reuni\u00e3o nesta sexta-feira do diret\u00f3rio nacional do PPS, e disse que os brasileiros est\u00e3o correndo risco de perder as conquistas que obtiveram. Campos, que tamb\u00e9m preside o PSB, e a ex-senadora Marina Silva, que [&hellip;]\" \/>\n<meta property=\"og:url\" content=\"https:\/\/www.notibras.com\/site\/eduardo-ve-marasmo-de-dilma-e-perda-de-conquistas-do-povo\/\" \/>\n<meta property=\"og:site_name\" content=\"Notibras\" \/>\n<meta property=\"article:publisher\" content=\"https:\/\/www.facebook.com\/notibras\/\" \/>\n<meta property=\"article:published_time\" content=\"2014-02-14T18:07:38+00:00\" \/>\n<meta property=\"article:modified_time\" content=\"2014-02-14T21:48:13+00:00\" \/>\n<meta property=\"og:image\" content=\"https:\/\/www.notibras.com\/site\/wp-content\/uploads\/2014\/02\/manchetes-politica-campos-pps.jpg\" \/>\n\t<meta property=\"og:image:width\" content=\"407\" \/>\n\t<meta property=\"og:image:height\" content=\"305\" \/>\n\t<meta property=\"og:image:type\" content=\"image\/jpeg\" \/>\n<meta name=\"author\" content=\"Reda\u00e7\u00e3o\" \/>\n<meta name=\"twitter:card\" content=\"summary_large_image\" \/>\n<meta name=\"twitter:creator\" content=\"@Notibras\" \/>\n<meta name=\"twitter:site\" content=\"@Notibras\" \/>\n<meta name=\"twitter:label1\" content=\"Escrito por\" \/>\n\t<meta name=\"twitter:data1\" content=\"Reda\u00e7\u00e3o\" \/>\n\t<meta name=\"twitter:label2\" content=\"Est. tempo de leitura\" \/>\n\t<meta name=\"twitter:data2\" content=\"2 minutos\" \/>\n<script type=\"application\/ld+json\" class=\"yoast-schema-graph\">{\"@context\":\"https:\/\/schema.org\",\"@graph\":[{\"@type\":\"Article\",\"@id\":\"https:\/\/www.notibras.com\/site\/eduardo-ve-marasmo-de-dilma-e-perda-de-conquistas-do-povo\/#article\",\"isPartOf\":{\"@id\":\"https:\/\/www.notibras.com\/site\/eduardo-ve-marasmo-de-dilma-e-perda-de-conquistas-do-povo\/\"},\"author\":{\"name\":\"Reda\u00e7\u00e3o\",\"@id\":\"https:\/\/www.notibras.com\/site\/#\/schema\/person\/36ab0979449956132d3e5b517ea76ac8\"},\"headline\":\"Eduardo v\u00ea marasmo de Dilma Rousseff e perda de conquistas do povo\",\"datePublished\":\"2014-02-14T18:07:38+00:00\",\"dateModified\":\"2014-02-14T21:48:13+00:00\",\"mainEntityOfPage\":{\"@id\":\"https:\/\/www.notibras.com\/site\/eduardo-ve-marasmo-de-dilma-e-perda-de-conquistas-do-povo\/\"},\"wordCount\":420,\"commentCount\":0,\"publisher\":{\"@id\":\"https:\/\/www.notibras.com\/site\/#organization\"},\"image\":{\"@id\":\"https:\/\/www.notibras.com\/site\/eduardo-ve-marasmo-de-dilma-e-perda-de-conquistas-do-povo\/#primaryimage\"},\"thumbnailUrl\":\"https:\/\/www.notibras.com\/site\/wp-content\/uploads\/2014\/02\/manchetes-politica-campos-pps.jpg\",\"articleSection\":[\"Brasil\"],\"inLanguage\":\"pt-BR\",\"potentialAction\":[{\"@type\":\"CommentAction\",\"name\":\"Comment\",\"target\":[\"https:\/\/www.notibras.com\/site\/eduardo-ve-marasmo-de-dilma-e-perda-de-conquistas-do-povo\/#respond\"]}]},{\"@type\":\"WebPage\",\"@id\":\"https:\/\/www.notibras.com\/site\/eduardo-ve-marasmo-de-dilma-e-perda-de-conquistas-do-povo\/\",\"url\":\"https:\/\/www.notibras.com\/site\/eduardo-ve-marasmo-de-dilma-e-perda-de-conquistas-do-povo\/\",\"name\":\"Eduardo v\u00ea marasmo de Dilma Rousseff e perda de conquistas do povo - Notibras\",\"isPartOf\":{\"@id\":\"https:\/\/www.notibras.com\/site\/#website\"},\"primaryImageOfPage\":{\"@id\":\"https:\/\/www.notibras.com\/site\/eduardo-ve-marasmo-de-dilma-e-perda-de-conquistas-do-povo\/#primaryimage\"},\"image\":{\"@id\":\"https:\/\/www.notibras.com\/site\/eduardo-ve-marasmo-de-dilma-e-perda-de-conquistas-do-povo\/#primaryimage\"},\"thumbnailUrl\":\"https:\/\/www.notibras.com\/site\/wp-content\/uploads\/2014\/02\/manchetes-politica-campos-pps.jpg\",\"datePublished\":\"2014-02-14T18:07:38+00:00\",\"dateModified\":\"2014-02-14T21:48:13+00:00\",\"breadcrumb\":{\"@id\":\"https:\/\/www.notibras.com\/site\/eduardo-ve-marasmo-de-dilma-e-perda-de-conquistas-do-povo\/#breadcrumb\"},\"inLanguage\":\"pt-BR\",\"potentialAction\":[{\"@type\":\"ReadAction\",\"target\":[\"https:\/\/www.notibras.com\/site\/eduardo-ve-marasmo-de-dilma-e-perda-de-conquistas-do-povo\/\"]}]},{\"@type\":\"ImageObject\",\"inLanguage\":\"pt-BR\",\"@id\":\"https:\/\/www.notibras.com\/site\/eduardo-ve-marasmo-de-dilma-e-perda-de-conquistas-do-povo\/#primaryimage\",\"url\":\"https:\/\/www.notibras.com\/site\/wp-content\/uploads\/2014\/02\/manchetes-politica-campos-pps.jpg\",\"contentUrl\":\"https:\/\/www.notibras.com\/site\/wp-content\/uploads\/2014\/02\/manchetes-politica-campos-pps.jpg\",\"width\":407,\"height\":305},{\"@type\":\"BreadcrumbList\",\"@id\":\"https:\/\/www.notibras.com\/site\/eduardo-ve-marasmo-de-dilma-e-perda-de-conquistas-do-povo\/#breadcrumb\",\"itemListElement\":[{\"@type\":\"ListItem\",\"position\":1,\"name\":\"In\u00edcio\",\"item\":\"https:\/\/www.notibras.com\/site\/\"},{\"@type\":\"ListItem\",\"position\":2,\"name\":\"Eduardo v\u00ea marasmo de Dilma Rousseff e perda de conquistas do povo\"}]},{\"@type\":\"WebSite\",\"@id\":\"https:\/\/www.notibras.com\/site\/#website\",\"url\":\"https:\/\/www.notibras.com\/site\/\",\"name\":\"Notibras\",\"description\":\"Not\u00edcias de Bras\u00edlia, do Brasil e do Mundo\",\"publisher\":{\"@id\":\"https:\/\/www.notibras.com\/site\/#organization\"},\"potentialAction\":[{\"@type\":\"SearchAction\",\"target\":{\"@type\":\"EntryPoint\",\"urlTemplate\":\"https:\/\/www.notibras.com\/site\/?s={search_term_string}\"},\"query-input\":{\"@type\":\"PropertyValueSpecification\",\"valueRequired\":true,\"valueName\":\"search_term_string\"}}],\"inLanguage\":\"pt-BR\"},{\"@type\":\"Organization\",\"@id\":\"https:\/\/www.notibras.com\/site\/#organization\",\"name\":\"Grupo Notibras de Comunica\u00e7\u00e3o\",\"url\":\"https:\/\/www.notibras.com\/site\/\",\"logo\":{\"@type\":\"ImageObject\",\"inLanguage\":\"pt-BR\",\"@id\":\"https:\/\/www.notibras.com\/site\/#\/schema\/logo\/image\/\",\"url\":\"https:\/\/www.notibras.com\/site\/wp-content\/uploads\/2023\/01\/notibras23.png\",\"contentUrl\":\"https:\/\/www.notibras.com\/site\/wp-content\/uploads\/2023\/01\/notibras23.png\",\"width\":350,\"height\":87,\"caption\":\"Grupo Notibras de Comunica\u00e7\u00e3o\"},\"image\":{\"@id\":\"https:\/\/www.notibras.com\/site\/#\/schema\/logo\/image\/\"},\"sameAs\":[\"https:\/\/www.facebook.com\/notibras\/\",\"https:\/\/x.com\/Notibras\",\"https:\/\/www.instagram.com\/notibras\/\"]},{\"@type\":\"Person\",\"@id\":\"https:\/\/www.notibras.com\/site\/#\/schema\/person\/36ab0979449956132d3e5b517ea76ac8\",\"name\":\"Reda\u00e7\u00e3o\",\"image\":{\"@type\":\"ImageObject\",\"inLanguage\":\"pt-BR\",\"@id\":\"https:\/\/secure.gravatar.com\/avatar\/e0a867bdedb85fd243eadf09663511f96fc81e0720a4a42581f334ad4303aa6b?s=96&d=mm&r=g\",\"url\":\"https:\/\/secure.gravatar.com\/avatar\/e0a867bdedb85fd243eadf09663511f96fc81e0720a4a42581f334ad4303aa6b?s=96&d=mm&r=g\",\"contentUrl\":\"https:\/\/secure.gravatar.com\/avatar\/e0a867bdedb85fd243eadf09663511f96fc81e0720a4a42581f334ad4303aa6b?s=96&d=mm&r=g\",\"caption\":\"Reda\u00e7\u00e3o\"}}]}<\/script>\n<!-- \/ Yoast SEO plugin. -->","yoast_head_json":{"title":"Eduardo v\u00ea marasmo de Dilma Rousseff e perda de conquistas do povo - Notibras","robots":{"index":"index","follow":"follow","max-snippet":"max-snippet:-1","max-image-preview":"max-image-preview:large","max-video-preview":"max-video-preview:-1"},"canonical":"https:\/\/www.notibras.com\/site\/eduardo-ve-marasmo-de-dilma-e-perda-de-conquistas-do-povo\/","og_locale":"pt_BR","og_type":"article","og_title":"Eduardo v\u00ea marasmo de Dilma Rousseff e perda de conquistas do povo - Notibras","og_description":"O pr\u00e9-candidato \u00e0 Presid\u00eancia e governador de Pernambuco, Eduardo Campos (PSB), voltou a criticar a condu\u00e7\u00e3o da economia do pa\u00eds, durante reuni\u00e3o nesta sexta-feira do diret\u00f3rio nacional do PPS, e disse que os brasileiros est\u00e3o correndo risco de perder as conquistas que obtiveram. Campos, que tamb\u00e9m preside o PSB, e a ex-senadora Marina Silva, que [&hellip;]","og_url":"https:\/\/www.notibras.com\/site\/eduardo-ve-marasmo-de-dilma-e-perda-de-conquistas-do-povo\/","og_site_name":"Notibras","article_publisher":"https:\/\/www.facebook.com\/notibras\/","article_published_time":"2014-02-14T18:07:38+00:00","article_modified_time":"2014-02-14T21:48:13+00:00","og_image":[{"width":407,"height":305,"url":"https:\/\/www.notibras.com\/site\/wp-content\/uploads\/2014\/02\/manchetes-politica-campos-pps.jpg","type":"image\/jpeg"}],"author":"Reda\u00e7\u00e3o","twitter_card":"summary_large_image","twitter_creator":"@Notibras","twitter_site":"@Notibras","twitter_misc":{"Escrito por":"Reda\u00e7\u00e3o","Est. tempo de leitura":"2 minutos"},"schema":{"@context":"https:\/\/schema.org","@graph":[{"@type":"Article","@id":"https:\/\/www.notibras.com\/site\/eduardo-ve-marasmo-de-dilma-e-perda-de-conquistas-do-povo\/#article","isPartOf":{"@id":"https:\/\/www.notibras.com\/site\/eduardo-ve-marasmo-de-dilma-e-perda-de-conquistas-do-povo\/"},"author":{"name":"Reda\u00e7\u00e3o","@id":"https:\/\/www.notibras.com\/site\/#\/schema\/person\/36ab0979449956132d3e5b517ea76ac8"},"headline":"Eduardo v\u00ea marasmo de Dilma Rousseff e perda de conquistas do povo","datePublished":"2014-02-14T18:07:38+00:00","dateModified":"2014-02-14T21:48:13+00:00","mainEntityOfPage":{"@id":"https:\/\/www.notibras.com\/site\/eduardo-ve-marasmo-de-dilma-e-perda-de-conquistas-do-povo\/"},"wordCount":420,"commentCount":0,"publisher":{"@id":"https:\/\/www.notibras.com\/site\/#organization"},"image":{"@id":"https:\/\/www.notibras.com\/site\/eduardo-ve-marasmo-de-dilma-e-perda-de-conquistas-do-povo\/#primaryimage"},"thumbnailUrl":"https:\/\/www.notibras.com\/site\/wp-content\/uploads\/2014\/02\/manchetes-politica-campos-pps.jpg","articleSection":["Brasil"],"inLanguage":"pt-BR","potentialAction":[{"@type":"CommentAction","name":"Comment","target":["https:\/\/www.notibras.com\/site\/eduardo-ve-marasmo-de-dilma-e-perda-de-conquistas-do-povo\/#respond"]}]},{"@type":"WebPage","@id":"https:\/\/www.notibras.com\/site\/eduardo-ve-marasmo-de-dilma-e-perda-de-conquistas-do-povo\/","url":"https:\/\/www.notibras.com\/site\/eduardo-ve-marasmo-de-dilma-e-perda-de-conquistas-do-povo\/","name":"Eduardo v\u00ea marasmo de Dilma Rousseff e perda de conquistas do povo - Notibras","isPartOf":{"@id":"https:\/\/www.notibras.com\/site\/#website"},"primaryImageOfPage":{"@id":"https:\/\/www.notibras.com\/site\/eduardo-ve-marasmo-de-dilma-e-perda-de-conquistas-do-povo\/#primaryimage"},"image":{"@id":"https:\/\/www.notibras.com\/site\/eduardo-ve-marasmo-de-dilma-e-perda-de-conquistas-do-povo\/#primaryimage"},"thumbnailUrl":"https:\/\/www.notibras.com\/site\/wp-content\/uploads\/2014\/02\/manchetes-politica-campos-pps.jpg","datePublished":"2014-02-14T18:07:38+00:00","dateModified":"2014-02-14T21:48:13+00:00","breadcrumb":{"@id":"https:\/\/www.notibras.com\/site\/eduardo-ve-marasmo-de-dilma-e-perda-de-conquistas-do-povo\/#breadcrumb"},"inLanguage":"pt-BR","potentialAction":[{"@type":"ReadAction","target":["https:\/\/www.notibras.com\/site\/eduardo-ve-marasmo-de-dilma-e-perda-de-conquistas-do-povo\/"]}]},{"@type":"ImageObject","inLanguage":"pt-BR","@id":"https:\/\/www.notibras.com\/site\/eduardo-ve-marasmo-de-dilma-e-perda-de-conquistas-do-povo\/#primaryimage","url":"https:\/\/www.notibras.com\/site\/wp-content\/uploads\/2014\/02\/manchetes-politica-campos-pps.jpg","contentUrl":"https:\/\/www.notibras.com\/site\/wp-content\/uploads\/2014\/02\/manchetes-politica-campos-pps.jpg","width":407,"height":305},{"@type":"BreadcrumbList","@id":"https:\/\/www.notibras.com\/site\/eduardo-ve-marasmo-de-dilma-e-perda-de-conquistas-do-povo\/#breadcrumb","itemListElement":[{"@type":"ListItem","position":1,"name":"In\u00edcio","item":"https:\/\/www.notibras.com\/site\/"},{"@type":"ListItem","position":2,"name":"Eduardo v\u00ea marasmo de Dilma Rousseff e perda de conquistas do povo"}]},{"@type":"WebSite","@id":"https:\/\/www.notibras.com\/site\/#website","url":"https:\/\/www.notibras.com\/site\/","name":"Notibras","description":"Not\u00edcias de Bras\u00edlia, do Brasil e do Mundo","publisher":{"@id":"https:\/\/www.notibras.com\/site\/#organization"},"potentialAction":[{"@type":"SearchAction","target":{"@type":"EntryPoint","urlTemplate":"https:\/\/www.notibras.com\/site\/?s={search_term_string}"},"query-input":{"@type":"PropertyValueSpecification","valueRequired":true,"valueName":"search_term_string"}}],"inLanguage":"pt-BR"},{"@type":"Organization","@id":"https:\/\/www.notibras.com\/site\/#organization","name":"Grupo Notibras de Comunica\u00e7\u00e3o","url":"https:\/\/www.notibras.com\/site\/","logo":{"@type":"ImageObject","inLanguage":"pt-BR","@id":"https:\/\/www.notibras.com\/site\/#\/schema\/logo\/image\/","url":"https:\/\/www.notibras.com\/site\/wp-content\/uploads\/2023\/01\/notibras23.png","contentUrl":"https:\/\/www.notibras.com\/site\/wp-content\/uploads\/2023\/01\/notibras23.png","width":350,"height":87,"caption":"Grupo Notibras de Comunica\u00e7\u00e3o"},"image":{"@id":"https:\/\/www.notibras.com\/site\/#\/schema\/logo\/image\/"},"sameAs":["https:\/\/www.facebook.com\/notibras\/","https:\/\/x.com\/Notibras","https:\/\/www.instagram.com\/notibras\/"]},{"@type":"Person","@id":"https:\/\/www.notibras.com\/site\/#\/schema\/person\/36ab0979449956132d3e5b517ea76ac8","name":"Reda\u00e7\u00e3o","image":{"@type":"ImageObject","inLanguage":"pt-BR","@id":"https:\/\/secure.gravatar.com\/avatar\/e0a867bdedb85fd243eadf09663511f96fc81e0720a4a42581f334ad4303aa6b?s=96&d=mm&r=g","url":"https:\/\/secure.gravatar.com\/avatar\/e0a867bdedb85fd243eadf09663511f96fc81e0720a4a42581f334ad4303aa6b?s=96&d=mm&r=g","contentUrl":"https:\/\/secure.gravatar.com\/avatar\/e0a867bdedb85fd243eadf09663511f96fc81e0720a4a42581f334ad4303aa6b?s=96&d=mm&r=g","caption":"Reda\u00e7\u00e3o"}}]}},"amp_enabled":true,"_links":{"self":[{"href":"https:\/\/www.notibras.com\/site\/wp-json\/wp\/v2\/posts\/1659","targetHints":{"allow":["GET"]}}],"collection":[{"href":"https:\/\/www.notibras.com\/site\/wp-json\/wp\/v2\/posts"}],"about":[{"href":"https:\/\/www.notibras.com\/site\/wp-json\/wp\/v2\/types\/post"}],"author":[{"embeddable":true,"href":"https:\/\/www.notibras.com\/site\/wp-json\/wp\/v2\/users\/2"}],"replies":[{"embeddable":true,"href":"https:\/\/www.notibras.com\/site\/wp-json\/wp\/v2\/comments?post=1659"}],"version-history":[{"count":0,"href":"https:\/\/www.notibras.com\/site\/wp-json\/wp\/v2\/posts\/1659\/revisions"}],"wp:featuredmedia":[{"embeddable":true,"href":"https:\/\/www.notibras.com\/site\/wp-json\/wp\/v2\/media\/1660"}],"wp:attachment":[{"href":"https:\/\/www.notibras.com\/site\/wp-json\/wp\/v2\/media?parent=1659"}],"wp:term":[{"taxonomy":"category","embeddable":true,"href":"https:\/\/www.notibras.com\/site\/wp-json\/wp\/v2\/categories?post=1659"},{"taxonomy":"post_tag","embeddable":true,"href":"https:\/\/www.notibras.com\/site\/wp-json\/wp\/v2\/tags?post=1659"}],"curies":[{"name":"wp","href":"https:\/\/api.w.org\/{rel}","templated":true}]}}