{"id":16591,"date":"2014-07-17T23:07:05","date_gmt":"2014-07-18T02:07:05","guid":{"rendered":"http:\/\/www.notibras.com\/site\/?p=16591"},"modified":"2014-07-18T00:11:08","modified_gmt":"2014-07-18T03:11:08","slug":"reservas-do-santos-recepcionam-gareca-batendo-o-palmeiras","status":"publish","type":"post","link":"https:\/\/www.notibras.com\/site\/reservas-do-santos-recepcionam-gareca-batendo-o-palmeiras\/","title":{"rendered":"Reservas do Santos recepcionam Gareca batendo o Palmeiras"},"content":{"rendered":"<p>Repleto de desfalques, o Santos frustrou a estreia do t\u00e9cnico argentino Ricardo Gareca em sua primeira partida oficial no comando do clube alviverde e venceu por 2 a 0 o cl\u00e1ssico desta quinta-feira, realizado na Vila Belmiro e v\u00e1lido pela d\u00e9cima rodada do Campeonato Brasileiro. Bruno Uvini e Alison fizeram os gols santistas.<\/p>\n<p class=\"text\">A vit\u00f3ria no primeiro jogo depois da pausa para a Copa do Mundo levou o Santos para a quinta posi\u00e7\u00e3o da competi\u00e7\u00e3o nacional, com 17 pontos, mesmo n\u00famero do Sport &#8211; quarto colocado por ter uma vit\u00f3ria a mais. O Palmeiras caiu para o 12\u00ba lugar da tabela, com 13 pontos.<\/p>\n<p class=\"text\">O time alvinegro come\u00e7ou o duelo com tudo. Logo aos 5min, Gabriel se aproveitou de um trope\u00e7o de Marcelo Oliveira para infiltrar na \u00e1rea pela ponta direita, tentou fintar Wellington na sequ\u00eancia e se jogou no ch\u00e3o, simula\u00e7\u00e3o que n\u00e3o passou impune do \u00e1rbitro Raphael Klaus, que puniu o jogador com o cart\u00e3o amarelo.<\/p>\n<p class=\"text\">O Palmeiras, que homenageou o ex-goleiro Oberdan Catani nas camisas de todos os jogadores,\u00a0optou por iniciar a partida fechado na retaguarda, ocupando bem os espa\u00e7os da sua defesa e dificultando infiltra\u00e7\u00f5es do rival, que chegou a colocar 9 jogadores no campo de ataque, sem sucesso, na tentativa de abrir o placar.<\/p>\n<blockquote>\n<p class=\"text\">Se com a bola rolando o Santos n\u00e3o conseguiu levar perigo \u00e0 meta defendida por F\u00e1bio, a equipe treinada por Oswaldo de Oliveira recorreu \u00e0s cobran\u00e7as de falta para tentar balan\u00e7ar as redes. Aos 23min\u00a0Lucas Lima levantou bola da intermedi\u00e1ria na medida para Bruno Uvini mergulhar de cabe\u00e7a\u00a0e mandar \u00e0 esquerda do goleiro F\u00e1bio, que n\u00e3o conseguiu tirar a bola do caminho do gol.<\/p>\n<\/blockquote>\n<p class=\"text\">Atr\u00e1s no marcador, o Palmeiras se soltou um pouco em busca do empate, mas encontrou problemas para criar jogadas. Mesmo tendo mais espa\u00e7os pela postura mais ofensiva dos advers\u00e1rios, o Santos tamb\u00e9m mostrou pobreza no setor de cria\u00e7\u00e3o e protagonizou um mon\u00f3tono fim de primeiro tempo na Vila Belmiro.<\/p>\n<p class=\"text\">A etapa complementar deu sequ\u00eancia ao panorama da anterior, com ambas as equipes errando muito quando chegavam ao ataque. O Palmeiras at\u00e9 mandou a bola para as redes aos 13min, em uma jogada de escanteio, mas a arbitragem anulou o lance pelo posicionamento irregular de Tobio, que desviou antes de Marcelo Oliveira colocar para dentro.<\/p>\n<p class=\"text\">Dez minutos depois, o Santos finalmente aproveitou uma jogada criada ap\u00f3s uma troca de passes. Arouca dominou na intermedi\u00e1ria e enfiou para Gabriel, que cruzou no contrap\u00e9 da marca\u00e7\u00e3o palmeirense na medida para Alison chegar batendo e fechar a vantagem\u00a0no placar.<\/p>\n<p class=\"text\">Na 11\u00aa rodada, o Santos viaja ao Rio de Janeiro para enfrentar o Fluminense no Est\u00e1dio Raulino de Oliveira, \u00e0s 18h30 (de Bras\u00edlia) do pr\u00f3ximo domingo. J\u00e1 o Palmeiras recebe no mesmo dia, mas \u00e0s 16h, o Cruzeiro no Pacaembu.<\/p>\n","protected":false},"excerpt":{"rendered":"<p>Repleto de desfalques, o Santos frustrou a estreia do t\u00e9cnico argentino Ricardo Gareca em sua primeira partida oficial no comando do clube alviverde e venceu por 2 a 0 o cl\u00e1ssico desta quinta-feira, realizado na Vila Belmiro e v\u00e1lido pela d\u00e9cima rodada do Campeonato Brasileiro. Bruno Uvini e Alison fizeram os gols santistas. A vit\u00f3ria [&hellip;]<\/p>\n","protected":false},"author":2,"featured_media":16592,"comment_status":"open","ping_status":"closed","sticky":false,"template":"","format":"standard","meta":{"_acf_changed":false,"footnotes":""},"categories":[19,29],"tags":[],"class_list":["post-16591","post","type-post","status-publish","format-standard","has-post-thumbnail","hentry","category-esportes","category-futebol"],"acf":[],"yoast_head":"<!-- This site is optimized with the Yoast SEO plugin v27.2 - https:\/\/yoast.com\/product\/yoast-seo-wordpress\/ -->\n<title>Reservas do Santos recepcionam Gareca batendo o Palmeiras - Notibras<\/title>\n<meta name=\"robots\" content=\"index, follow, max-snippet:-1, max-image-preview:large, max-video-preview:-1\" \/>\n<link rel=\"canonical\" href=\"https:\/\/www.notibras.com\/site\/reservas-do-santos-recepcionam-gareca-batendo-o-palmeiras\/\" \/>\n<meta property=\"og:locale\" content=\"pt_BR\" \/>\n<meta property=\"og:type\" content=\"article\" \/>\n<meta property=\"og:title\" content=\"Reservas do Santos recepcionam Gareca batendo o Palmeiras - Notibras\" \/>\n<meta property=\"og:description\" content=\"Repleto de desfalques, o Santos frustrou a estreia do t\u00e9cnico argentino Ricardo Gareca em sua primeira partida oficial no comando do clube alviverde e venceu por 2 a 0 o cl\u00e1ssico desta quinta-feira, realizado na Vila Belmiro e v\u00e1lido pela d\u00e9cima rodada do Campeonato Brasileiro. Bruno Uvini e Alison fizeram os gols santistas. A vit\u00f3ria [&hellip;]\" \/>\n<meta property=\"og:url\" content=\"https:\/\/www.notibras.com\/site\/reservas-do-santos-recepcionam-gareca-batendo-o-palmeiras\/\" \/>\n<meta property=\"og:site_name\" content=\"Notibras\" \/>\n<meta property=\"article:publisher\" content=\"https:\/\/www.facebook.com\/notibras\/\" \/>\n<meta property=\"article:published_time\" content=\"2014-07-18T02:07:05+00:00\" \/>\n<meta property=\"article:modified_time\" content=\"2014-07-18T03:11:08+00:00\" \/>\n<meta property=\"og:image\" content=\"https:\/\/www.notibras.com\/site\/wp-content\/uploads\/2014\/07\/esp21.jpg\" \/>\n\t<meta property=\"og:image:width\" content=\"460\" \/>\n\t<meta property=\"og:image:height\" content=\"340\" \/>\n\t<meta property=\"og:image:type\" content=\"image\/jpeg\" \/>\n<meta name=\"author\" content=\"Reda\u00e7\u00e3o\" \/>\n<meta name=\"twitter:card\" content=\"summary_large_image\" \/>\n<meta name=\"twitter:creator\" content=\"@Notibras\" \/>\n<meta name=\"twitter:site\" content=\"@Notibras\" \/>\n<meta name=\"twitter:label1\" content=\"Escrito por\" \/>\n\t<meta name=\"twitter:data1\" content=\"Reda\u00e7\u00e3o\" \/>\n\t<meta name=\"twitter:label2\" content=\"Est. tempo de leitura\" \/>\n\t<meta name=\"twitter:data2\" content=\"2 minutos\" \/>\n<script type=\"application\/ld+json\" class=\"yoast-schema-graph\">{\"@context\":\"https:\/\/schema.org\",\"@graph\":[{\"@type\":\"Article\",\"@id\":\"https:\/\/www.notibras.com\/site\/reservas-do-santos-recepcionam-gareca-batendo-o-palmeiras\/#article\",\"isPartOf\":{\"@id\":\"https:\/\/www.notibras.com\/site\/reservas-do-santos-recepcionam-gareca-batendo-o-palmeiras\/\"},\"author\":{\"name\":\"Reda\u00e7\u00e3o\",\"@id\":\"https:\/\/www.notibras.com\/site\/#\/schema\/person\/36ab0979449956132d3e5b517ea76ac8\"},\"headline\":\"Reservas do Santos recepcionam Gareca batendo o Palmeiras\",\"datePublished\":\"2014-07-18T02:07:05+00:00\",\"dateModified\":\"2014-07-18T03:11:08+00:00\",\"mainEntityOfPage\":{\"@id\":\"https:\/\/www.notibras.com\/site\/reservas-do-santos-recepcionam-gareca-batendo-o-palmeiras\/\"},\"wordCount\":500,\"commentCount\":0,\"publisher\":{\"@id\":\"https:\/\/www.notibras.com\/site\/#organization\"},\"image\":{\"@id\":\"https:\/\/www.notibras.com\/site\/reservas-do-santos-recepcionam-gareca-batendo-o-palmeiras\/#primaryimage\"},\"thumbnailUrl\":\"https:\/\/www.notibras.com\/site\/wp-content\/uploads\/2014\/07\/esp21.jpg\",\"articleSection\":[\"Esportes\",\"Futebol\"],\"inLanguage\":\"pt-BR\",\"potentialAction\":[{\"@type\":\"CommentAction\",\"name\":\"Comment\",\"target\":[\"https:\/\/www.notibras.com\/site\/reservas-do-santos-recepcionam-gareca-batendo-o-palmeiras\/#respond\"]}]},{\"@type\":\"WebPage\",\"@id\":\"https:\/\/www.notibras.com\/site\/reservas-do-santos-recepcionam-gareca-batendo-o-palmeiras\/\",\"url\":\"https:\/\/www.notibras.com\/site\/reservas-do-santos-recepcionam-gareca-batendo-o-palmeiras\/\",\"name\":\"Reservas do Santos recepcionam Gareca batendo o Palmeiras - Notibras\",\"isPartOf\":{\"@id\":\"https:\/\/www.notibras.com\/site\/#website\"},\"primaryImageOfPage\":{\"@id\":\"https:\/\/www.notibras.com\/site\/reservas-do-santos-recepcionam-gareca-batendo-o-palmeiras\/#primaryimage\"},\"image\":{\"@id\":\"https:\/\/www.notibras.com\/site\/reservas-do-santos-recepcionam-gareca-batendo-o-palmeiras\/#primaryimage\"},\"thumbnailUrl\":\"https:\/\/www.notibras.com\/site\/wp-content\/uploads\/2014\/07\/esp21.jpg\",\"datePublished\":\"2014-07-18T02:07:05+00:00\",\"dateModified\":\"2014-07-18T03:11:08+00:00\",\"breadcrumb\":{\"@id\":\"https:\/\/www.notibras.com\/site\/reservas-do-santos-recepcionam-gareca-batendo-o-palmeiras\/#breadcrumb\"},\"inLanguage\":\"pt-BR\",\"potentialAction\":[{\"@type\":\"ReadAction\",\"target\":[\"https:\/\/www.notibras.com\/site\/reservas-do-santos-recepcionam-gareca-batendo-o-palmeiras\/\"]}]},{\"@type\":\"ImageObject\",\"inLanguage\":\"pt-BR\",\"@id\":\"https:\/\/www.notibras.com\/site\/reservas-do-santos-recepcionam-gareca-batendo-o-palmeiras\/#primaryimage\",\"url\":\"https:\/\/www.notibras.com\/site\/wp-content\/uploads\/2014\/07\/esp21.jpg\",\"contentUrl\":\"https:\/\/www.notibras.com\/site\/wp-content\/uploads\/2014\/07\/esp21.jpg\",\"width\":460,\"height\":340},{\"@type\":\"BreadcrumbList\",\"@id\":\"https:\/\/www.notibras.com\/site\/reservas-do-santos-recepcionam-gareca-batendo-o-palmeiras\/#breadcrumb\",\"itemListElement\":[{\"@type\":\"ListItem\",\"position\":1,\"name\":\"In\u00edcio\",\"item\":\"https:\/\/www.notibras.com\/site\/\"},{\"@type\":\"ListItem\",\"position\":2,\"name\":\"Reservas do Santos recepcionam Gareca batendo o Palmeiras\"}]},{\"@type\":\"WebSite\",\"@id\":\"https:\/\/www.notibras.com\/site\/#website\",\"url\":\"https:\/\/www.notibras.com\/site\/\",\"name\":\"Notibras\",\"description\":\"Not\u00edcias de Bras\u00edlia, do Brasil e do Mundo\",\"publisher\":{\"@id\":\"https:\/\/www.notibras.com\/site\/#organization\"},\"potentialAction\":[{\"@type\":\"SearchAction\",\"target\":{\"@type\":\"EntryPoint\",\"urlTemplate\":\"https:\/\/www.notibras.com\/site\/?s={search_term_string}\"},\"query-input\":{\"@type\":\"PropertyValueSpecification\",\"valueRequired\":true,\"valueName\":\"search_term_string\"}}],\"inLanguage\":\"pt-BR\"},{\"@type\":\"Organization\",\"@id\":\"https:\/\/www.notibras.com\/site\/#organization\",\"name\":\"Grupo Notibras de Comunica\u00e7\u00e3o\",\"url\":\"https:\/\/www.notibras.com\/site\/\",\"logo\":{\"@type\":\"ImageObject\",\"inLanguage\":\"pt-BR\",\"@id\":\"https:\/\/www.notibras.com\/site\/#\/schema\/logo\/image\/\",\"url\":\"https:\/\/www.notibras.com\/site\/wp-content\/uploads\/2023\/01\/notibras23.png\",\"contentUrl\":\"https:\/\/www.notibras.com\/site\/wp-content\/uploads\/2023\/01\/notibras23.png\",\"width\":350,\"height\":87,\"caption\":\"Grupo Notibras de Comunica\u00e7\u00e3o\"},\"image\":{\"@id\":\"https:\/\/www.notibras.com\/site\/#\/schema\/logo\/image\/\"},\"sameAs\":[\"https:\/\/www.facebook.com\/notibras\/\",\"https:\/\/x.com\/Notibras\",\"https:\/\/www.instagram.com\/notibras\/\"]},{\"@type\":\"Person\",\"@id\":\"https:\/\/www.notibras.com\/site\/#\/schema\/person\/36ab0979449956132d3e5b517ea76ac8\",\"name\":\"Reda\u00e7\u00e3o\",\"image\":{\"@type\":\"ImageObject\",\"inLanguage\":\"pt-BR\",\"@id\":\"https:\/\/secure.gravatar.com\/avatar\/e0a867bdedb85fd243eadf09663511f96fc81e0720a4a42581f334ad4303aa6b?s=96&d=mm&r=g\",\"url\":\"https:\/\/secure.gravatar.com\/avatar\/e0a867bdedb85fd243eadf09663511f96fc81e0720a4a42581f334ad4303aa6b?s=96&d=mm&r=g\",\"contentUrl\":\"https:\/\/secure.gravatar.com\/avatar\/e0a867bdedb85fd243eadf09663511f96fc81e0720a4a42581f334ad4303aa6b?s=96&d=mm&r=g\",\"caption\":\"Reda\u00e7\u00e3o\"}}]}<\/script>\n<!-- \/ Yoast SEO plugin. -->","yoast_head_json":{"title":"Reservas do Santos recepcionam Gareca batendo o Palmeiras - Notibras","robots":{"index":"index","follow":"follow","max-snippet":"max-snippet:-1","max-image-preview":"max-image-preview:large","max-video-preview":"max-video-preview:-1"},"canonical":"https:\/\/www.notibras.com\/site\/reservas-do-santos-recepcionam-gareca-batendo-o-palmeiras\/","og_locale":"pt_BR","og_type":"article","og_title":"Reservas do Santos recepcionam Gareca batendo o Palmeiras - Notibras","og_description":"Repleto de desfalques, o Santos frustrou a estreia do t\u00e9cnico argentino Ricardo Gareca em sua primeira partida oficial no comando do clube alviverde e venceu por 2 a 0 o cl\u00e1ssico desta quinta-feira, realizado na Vila Belmiro e v\u00e1lido pela d\u00e9cima rodada do Campeonato Brasileiro. Bruno Uvini e Alison fizeram os gols santistas. A vit\u00f3ria [&hellip;]","og_url":"https:\/\/www.notibras.com\/site\/reservas-do-santos-recepcionam-gareca-batendo-o-palmeiras\/","og_site_name":"Notibras","article_publisher":"https:\/\/www.facebook.com\/notibras\/","article_published_time":"2014-07-18T02:07:05+00:00","article_modified_time":"2014-07-18T03:11:08+00:00","og_image":[{"width":460,"height":340,"url":"https:\/\/www.notibras.com\/site\/wp-content\/uploads\/2014\/07\/esp21.jpg","type":"image\/jpeg"}],"author":"Reda\u00e7\u00e3o","twitter_card":"summary_large_image","twitter_creator":"@Notibras","twitter_site":"@Notibras","twitter_misc":{"Escrito por":"Reda\u00e7\u00e3o","Est. tempo de leitura":"2 minutos"},"schema":{"@context":"https:\/\/schema.org","@graph":[{"@type":"Article","@id":"https:\/\/www.notibras.com\/site\/reservas-do-santos-recepcionam-gareca-batendo-o-palmeiras\/#article","isPartOf":{"@id":"https:\/\/www.notibras.com\/site\/reservas-do-santos-recepcionam-gareca-batendo-o-palmeiras\/"},"author":{"name":"Reda\u00e7\u00e3o","@id":"https:\/\/www.notibras.com\/site\/#\/schema\/person\/36ab0979449956132d3e5b517ea76ac8"},"headline":"Reservas do Santos recepcionam Gareca batendo o Palmeiras","datePublished":"2014-07-18T02:07:05+00:00","dateModified":"2014-07-18T03:11:08+00:00","mainEntityOfPage":{"@id":"https:\/\/www.notibras.com\/site\/reservas-do-santos-recepcionam-gareca-batendo-o-palmeiras\/"},"wordCount":500,"commentCount":0,"publisher":{"@id":"https:\/\/www.notibras.com\/site\/#organization"},"image":{"@id":"https:\/\/www.notibras.com\/site\/reservas-do-santos-recepcionam-gareca-batendo-o-palmeiras\/#primaryimage"},"thumbnailUrl":"https:\/\/www.notibras.com\/site\/wp-content\/uploads\/2014\/07\/esp21.jpg","articleSection":["Esportes","Futebol"],"inLanguage":"pt-BR","potentialAction":[{"@type":"CommentAction","name":"Comment","target":["https:\/\/www.notibras.com\/site\/reservas-do-santos-recepcionam-gareca-batendo-o-palmeiras\/#respond"]}]},{"@type":"WebPage","@id":"https:\/\/www.notibras.com\/site\/reservas-do-santos-recepcionam-gareca-batendo-o-palmeiras\/","url":"https:\/\/www.notibras.com\/site\/reservas-do-santos-recepcionam-gareca-batendo-o-palmeiras\/","name":"Reservas do Santos recepcionam Gareca batendo o Palmeiras - Notibras","isPartOf":{"@id":"https:\/\/www.notibras.com\/site\/#website"},"primaryImageOfPage":{"@id":"https:\/\/www.notibras.com\/site\/reservas-do-santos-recepcionam-gareca-batendo-o-palmeiras\/#primaryimage"},"image":{"@id":"https:\/\/www.notibras.com\/site\/reservas-do-santos-recepcionam-gareca-batendo-o-palmeiras\/#primaryimage"},"thumbnailUrl":"https:\/\/www.notibras.com\/site\/wp-content\/uploads\/2014\/07\/esp21.jpg","datePublished":"2014-07-18T02:07:05+00:00","dateModified":"2014-07-18T03:11:08+00:00","breadcrumb":{"@id":"https:\/\/www.notibras.com\/site\/reservas-do-santos-recepcionam-gareca-batendo-o-palmeiras\/#breadcrumb"},"inLanguage":"pt-BR","potentialAction":[{"@type":"ReadAction","target":["https:\/\/www.notibras.com\/site\/reservas-do-santos-recepcionam-gareca-batendo-o-palmeiras\/"]}]},{"@type":"ImageObject","inLanguage":"pt-BR","@id":"https:\/\/www.notibras.com\/site\/reservas-do-santos-recepcionam-gareca-batendo-o-palmeiras\/#primaryimage","url":"https:\/\/www.notibras.com\/site\/wp-content\/uploads\/2014\/07\/esp21.jpg","contentUrl":"https:\/\/www.notibras.com\/site\/wp-content\/uploads\/2014\/07\/esp21.jpg","width":460,"height":340},{"@type":"BreadcrumbList","@id":"https:\/\/www.notibras.com\/site\/reservas-do-santos-recepcionam-gareca-batendo-o-palmeiras\/#breadcrumb","itemListElement":[{"@type":"ListItem","position":1,"name":"In\u00edcio","item":"https:\/\/www.notibras.com\/site\/"},{"@type":"ListItem","position":2,"name":"Reservas do Santos recepcionam Gareca batendo o Palmeiras"}]},{"@type":"WebSite","@id":"https:\/\/www.notibras.com\/site\/#website","url":"https:\/\/www.notibras.com\/site\/","name":"Notibras","description":"Not\u00edcias de Bras\u00edlia, do Brasil e do Mundo","publisher":{"@id":"https:\/\/www.notibras.com\/site\/#organization"},"potentialAction":[{"@type":"SearchAction","target":{"@type":"EntryPoint","urlTemplate":"https:\/\/www.notibras.com\/site\/?s={search_term_string}"},"query-input":{"@type":"PropertyValueSpecification","valueRequired":true,"valueName":"search_term_string"}}],"inLanguage":"pt-BR"},{"@type":"Organization","@id":"https:\/\/www.notibras.com\/site\/#organization","name":"Grupo Notibras de Comunica\u00e7\u00e3o","url":"https:\/\/www.notibras.com\/site\/","logo":{"@type":"ImageObject","inLanguage":"pt-BR","@id":"https:\/\/www.notibras.com\/site\/#\/schema\/logo\/image\/","url":"https:\/\/www.notibras.com\/site\/wp-content\/uploads\/2023\/01\/notibras23.png","contentUrl":"https:\/\/www.notibras.com\/site\/wp-content\/uploads\/2023\/01\/notibras23.png","width":350,"height":87,"caption":"Grupo Notibras de Comunica\u00e7\u00e3o"},"image":{"@id":"https:\/\/www.notibras.com\/site\/#\/schema\/logo\/image\/"},"sameAs":["https:\/\/www.facebook.com\/notibras\/","https:\/\/x.com\/Notibras","https:\/\/www.instagram.com\/notibras\/"]},{"@type":"Person","@id":"https:\/\/www.notibras.com\/site\/#\/schema\/person\/36ab0979449956132d3e5b517ea76ac8","name":"Reda\u00e7\u00e3o","image":{"@type":"ImageObject","inLanguage":"pt-BR","@id":"https:\/\/secure.gravatar.com\/avatar\/e0a867bdedb85fd243eadf09663511f96fc81e0720a4a42581f334ad4303aa6b?s=96&d=mm&r=g","url":"https:\/\/secure.gravatar.com\/avatar\/e0a867bdedb85fd243eadf09663511f96fc81e0720a4a42581f334ad4303aa6b?s=96&d=mm&r=g","contentUrl":"https:\/\/secure.gravatar.com\/avatar\/e0a867bdedb85fd243eadf09663511f96fc81e0720a4a42581f334ad4303aa6b?s=96&d=mm&r=g","caption":"Reda\u00e7\u00e3o"}}]}},"amp_enabled":true,"_links":{"self":[{"href":"https:\/\/www.notibras.com\/site\/wp-json\/wp\/v2\/posts\/16591","targetHints":{"allow":["GET"]}}],"collection":[{"href":"https:\/\/www.notibras.com\/site\/wp-json\/wp\/v2\/posts"}],"about":[{"href":"https:\/\/www.notibras.com\/site\/wp-json\/wp\/v2\/types\/post"}],"author":[{"embeddable":true,"href":"https:\/\/www.notibras.com\/site\/wp-json\/wp\/v2\/users\/2"}],"replies":[{"embeddable":true,"href":"https:\/\/www.notibras.com\/site\/wp-json\/wp\/v2\/comments?post=16591"}],"version-history":[{"count":0,"href":"https:\/\/www.notibras.com\/site\/wp-json\/wp\/v2\/posts\/16591\/revisions"}],"wp:featuredmedia":[{"embeddable":true,"href":"https:\/\/www.notibras.com\/site\/wp-json\/wp\/v2\/media\/16592"}],"wp:attachment":[{"href":"https:\/\/www.notibras.com\/site\/wp-json\/wp\/v2\/media?parent=16591"}],"wp:term":[{"taxonomy":"category","embeddable":true,"href":"https:\/\/www.notibras.com\/site\/wp-json\/wp\/v2\/categories?post=16591"},{"taxonomy":"post_tag","embeddable":true,"href":"https:\/\/www.notibras.com\/site\/wp-json\/wp\/v2\/tags?post=16591"}],"curies":[{"name":"wp","href":"https:\/\/api.w.org\/{rel}","templated":true}]}}