{"id":16594,"date":"2014-07-18T08:13:31","date_gmt":"2014-07-18T11:13:31","guid":{"rendered":"http:\/\/www.notibras.com\/site\/?p=16594"},"modified":"2014-07-18T08:14:00","modified_gmt":"2014-07-18T11:14:00","slug":"rodoviarios-voltam-ao-trabalho-apos-tres-dias-de-paralisacao","status":"publish","type":"post","link":"https:\/\/www.notibras.com\/site\/rodoviarios-voltam-ao-trabalho-apos-tres-dias-de-paralisacao\/","title":{"rendered":"Rodovi\u00e1rios voltam ao trabalho ap\u00f3s tr\u00eas dias de paralisa\u00e7\u00e3o"},"content":{"rendered":"<p>Ap\u00f3s tr\u00eas dias de greve, os \u00f4nibus voltaram a circular em todo o Distrito Federal nesta sexta-feira (18). A reuni\u00e3o entre empresas e representantes dos rodovi\u00e1rios terminou na noite dessa quinta-feira (17). A categoria paralisou as atividades por falta de pagamento. As companhias prometeram pagar hoje os motoristas e cobradores, de acordo com o DFTrans.<\/p>\n<blockquote><p>A greve prejudicou cerca de 300 mil passageiros das cidades de Taguatinga, Ceil\u00e2ndia, Guar\u00e1, \u00c1guas Claras, Park Way, Vicente Pires, Brazl\u00e2ndia, Itapo\u00e3, Parano\u00e1, Jardim Bot\u00e2nico, Lago Sul, Candangol\u00e2ndia, Santa Maria, S\u00e3o Sebasti\u00e3o e Gama, al\u00e9m do SIA e SCIA. Quase 1,7 mil \u00f4nibus deixaram de circular no DF.<\/p><\/blockquote>\n","protected":false},"excerpt":{"rendered":"<p>Ap\u00f3s tr\u00eas dias de greve, os \u00f4nibus voltaram a circular em todo o Distrito Federal nesta sexta-feira (18). A reuni\u00e3o entre empresas e representantes dos rodovi\u00e1rios terminou na noite dessa quinta-feira (17). A categoria paralisou as atividades por falta de pagamento. As companhias prometeram pagar hoje os motoristas e cobradores, de acordo com o DFTrans. [&hellip;]<\/p>\n","protected":false},"author":1,"featured_media":16595,"comment_status":"open","ping_status":"closed","sticky":false,"template":"","format":"standard","meta":{"_acf_changed":false,"footnotes":""},"categories":[1],"tags":[],"class_list":["post-16594","post","type-post","status-publish","format-standard","has-post-thumbnail","hentry","category-brasilia"],"acf":[],"_links":{"self":[{"href":"https:\/\/www.notibras.com\/site\/wp-json\/wp\/v2\/posts\/16594","targetHints":{"allow":["GET"]}}],"collection":[{"href":"https:\/\/www.notibras.com\/site\/wp-json\/wp\/v2\/posts"}],"about":[{"href":"https:\/\/www.notibras.com\/site\/wp-json\/wp\/v2\/types\/post"}],"author":[{"embeddable":true,"href":"https:\/\/www.notibras.com\/site\/wp-json\/wp\/v2\/users\/1"}],"replies":[{"embeddable":true,"href":"https:\/\/www.notibras.com\/site\/wp-json\/wp\/v2\/comments?post=16594"}],"version-history":[{"count":0,"href":"https:\/\/www.notibras.com\/site\/wp-json\/wp\/v2\/posts\/16594\/revisions"}],"wp:featuredmedia":[{"embeddable":true,"href":"https:\/\/www.notibras.com\/site\/wp-json\/wp\/v2\/media\/16595"}],"wp:attachment":[{"href":"https:\/\/www.notibras.com\/site\/wp-json\/wp\/v2\/media?parent=16594"}],"wp:term":[{"taxonomy":"category","embeddable":true,"href":"https:\/\/www.notibras.com\/site\/wp-json\/wp\/v2\/categories?post=16594"},{"taxonomy":"post_tag","embeddable":true,"href":"https:\/\/www.notibras.com\/site\/wp-json\/wp\/v2\/tags?post=16594"}],"curies":[{"name":"wp","href":"https:\/\/api.w.org\/{rel}","templated":true}]}}