{"id":16605,"date":"2014-07-18T09:05:19","date_gmt":"2014-07-18T12:05:19","guid":{"rendered":"http:\/\/www.notibras.com\/site\/?p=16605"},"modified":"2014-07-18T11:39:01","modified_gmt":"2014-07-18T14:39:01","slug":"rosberg-e-o-mais-rapido-no-primeiro-treino-livre-em-hockenheim","status":"publish","type":"post","link":"https:\/\/www.notibras.com\/site\/rosberg-e-o-mais-rapido-no-primeiro-treino-livre-em-hockenheim\/","title":{"rendered":"Rosberg \u00e9 o mais r\u00e1pido no treino livre em Hockenheim"},"content":{"rendered":"<p>O alem\u00e3o Nico Rosberg, da\u00a0Mercedes,\u00a0foi o mais r\u00e1pido na primeira sess\u00e3o de treinos livres do Grande Pr\u00eamio da Alemanha de F\u00f3rmula 1, nesta sexta-feira, no circuito de Hockenheim.<\/p>\n<p class=\"text\">Com o tempo de 1min19s131, Rosberg superou o companheiro de equipe, o brit\u00e2nico Lewis Hamilton, por 65 mil\u00e9simos. Os dois pilotos protagonizam a disputa do t\u00edtulo da temporada, com vantagem de cinco pontos para o alem\u00e3o (165 a 161).<\/p>\n<p class=\"text\">O brasileiro Felipe Massa n\u00e3o teve um bom come\u00e7o da Alemanha, ficando no 11\u00ba\u00a0lugar do treino, quatro \u00e0 frente da sua companheira Susie Wolff. Ferrari, Red Bull e McLaren surgem como for\u00e7as secund\u00e1rias para a etapa, tendo posicionado seus carros entre a terceira e a oitava coloca\u00e7\u00f5es.<\/p>\n<p class=\"text\"><strong>Veja os tempos<br \/>\n<\/strong><\/p>\n<p class=\"text\">1 &#8211; Nico Rosberg (ALE\/Mercedes)\u00a01min19s131<br \/>\n2 &#8211; Lewis Hamilton (GBR\/Mercdes)\u00a01min19s196<br \/>\n3 &#8211; Fernando Alonso (ESP\/Ferrari) 1min19s423<br \/>\n4 &#8211; Daniel Ricciardo (AUS\/Red Bull-Renault) 1min19s697<br \/>\n5 &#8211; Jenson Button (GBR\/McLaren-Mercedes) 1min19s833<br \/>\n6 &#8211; Sebastian Vettel (ALE\/Red Bull-Renault) 1min20s097<br \/>\n7 &#8211; Kevin Magnussen (DIN\/McLaren-Mercedes) 1min20s105<br \/>\n8 &#8211; Kimi Raikkonen (FIN\/Ferrari) 1min20s210<br \/>\n9 &#8211; Daniil Kvyat (RUS\/Toro Rosso-Renault) 1min20s337<br \/>\n10 &#8211; Adrian Sutil (ALE\/Sauber-Ferrari) 1min20s505<br \/>\n11 &#8211; Felipe Massa (BRA\/Williams-Mercedes) 1min20s542<br \/>\n12\u00a0&#8211; Jean-Eric Vergne (FRA\/Toro Rosso-Renault) 1min20s586<br \/>\n13\u00a0&#8211; Nico H\u00fclkenberg (ALE\/Force India-Mercedes) 1min20s592<br \/>\n14\u00a0&#8211; Sergio P\u00e9rez (MEX\/Force India-Mercedes) 1min20s598<br \/>\n15\u00a0&#8211; Susie Wolff (GBR\/Williams-Mercedes) 1min20s769<br \/>\n16\u00a0&#8211; Giedo van der Garde (HOL\/Sauber-Ferrari) 1min20s782<br \/>\n17\u00a0&#8211; Romain Grosjean (FRA\/Lotus-Renault) 1min21s603<br \/>\n18-\u00a0Pastor Maldonado (VEN\/Lotus-Renault) 1min21s854<br \/>\n19\u00a0&#8211; Kamui Kobayashi (JAP\/Caterham-Renault) 1min22s572<br \/>\n20 &#8211; Jules Bianchi (FRA\/Marussia-Ferrari) 1min22s982<br \/>\n21 &#8211; Marcus Ericsson (SUE\/Caterham-Renault) 1min23s256<br \/>\n22\u00a0&#8211; Max Chilton (GBR\/Marussia-Ferrari) 1min23s\u00a0299<\/p>\n","protected":false},"excerpt":{"rendered":"<p>O alem\u00e3o Nico Rosberg, da\u00a0Mercedes,\u00a0foi o mais r\u00e1pido na primeira sess\u00e3o de treinos livres do Grande Pr\u00eamio da Alemanha de F\u00f3rmula 1, nesta sexta-feira, no circuito de Hockenheim. Com o tempo de 1min19s131, Rosberg superou o companheiro de equipe, o brit\u00e2nico Lewis Hamilton, por 65 mil\u00e9simos. Os dois pilotos protagonizam a disputa do t\u00edtulo da [&hellip;]<\/p>\n","protected":false},"author":2,"featured_media":16606,"comment_status":"open","ping_status":"closed","sticky":false,"template":"","format":"standard","meta":{"_acf_changed":false,"footnotes":""},"categories":[27,19],"tags":[],"class_list":["post-16605","post","type-post","status-publish","format-standard","has-post-thumbnail","hentry","category-automobilismo","category-esportes"],"acf":[],"yoast_head":"<!-- This site is optimized with the Yoast SEO plugin v27.5 - https:\/\/yoast.com\/product\/yoast-seo-wordpress\/ -->\n<title>Rosberg \u00e9 o mais r\u00e1pido no treino livre em Hockenheim - Notibras<\/title>\n<meta name=\"robots\" content=\"index, follow, max-snippet:-1, max-image-preview:large, max-video-preview:-1\" \/>\n<link rel=\"canonical\" href=\"https:\/\/www.notibras.com\/site\/rosberg-e-o-mais-rapido-no-primeiro-treino-livre-em-hockenheim\/\" \/>\n<meta property=\"og:locale\" content=\"pt_BR\" \/>\n<meta property=\"og:type\" content=\"article\" \/>\n<meta property=\"og:title\" content=\"Rosberg \u00e9 o mais r\u00e1pido no treino livre em Hockenheim - Notibras\" \/>\n<meta property=\"og:description\" content=\"O alem\u00e3o Nico Rosberg, da\u00a0Mercedes,\u00a0foi o mais r\u00e1pido na primeira sess\u00e3o de treinos livres do Grande Pr\u00eamio da Alemanha de F\u00f3rmula 1, nesta sexta-feira, no circuito de Hockenheim. Com o tempo de 1min19s131, Rosberg superou o companheiro de equipe, o brit\u00e2nico Lewis Hamilton, por 65 mil\u00e9simos. Os dois pilotos protagonizam a disputa do t\u00edtulo da [&hellip;]\" \/>\n<meta property=\"og:url\" content=\"https:\/\/www.notibras.com\/site\/rosberg-e-o-mais-rapido-no-primeiro-treino-livre-em-hockenheim\/\" \/>\n<meta property=\"og:site_name\" content=\"Notibras\" \/>\n<meta property=\"article:publisher\" content=\"https:\/\/www.facebook.com\/notibras\/\" \/>\n<meta property=\"article:published_time\" content=\"2014-07-18T12:05:19+00:00\" \/>\n<meta property=\"article:modified_time\" content=\"2014-07-18T14:39:01+00:00\" \/>\n<meta property=\"og:image\" content=\"https:\/\/www.notibras.com\/site\/wp-content\/uploads\/2014\/07\/f12.jpg\" \/>\n\t<meta property=\"og:image:width\" content=\"460\" \/>\n\t<meta property=\"og:image:height\" content=\"340\" \/>\n\t<meta property=\"og:image:type\" content=\"image\/jpeg\" \/>\n<meta name=\"author\" content=\"Reda\u00e7\u00e3o\" \/>\n<meta name=\"twitter:card\" content=\"summary_large_image\" \/>\n<meta name=\"twitter:creator\" content=\"@Notibras\" \/>\n<meta name=\"twitter:site\" content=\"@Notibras\" \/>\n<meta name=\"twitter:label1\" content=\"Escrito por\" \/>\n\t<meta name=\"twitter:data1\" content=\"Reda\u00e7\u00e3o\" \/>\n\t<meta name=\"twitter:label2\" content=\"Est. tempo de leitura\" \/>\n\t<meta name=\"twitter:data2\" content=\"1 minuto\" \/>\n<script type=\"application\/ld+json\" class=\"yoast-schema-graph\">{\"@context\":\"https:\\\/\\\/schema.org\",\"@graph\":[{\"@type\":\"Article\",\"@id\":\"https:\\\/\\\/www.notibras.com\\\/site\\\/rosberg-e-o-mais-rapido-no-primeiro-treino-livre-em-hockenheim\\\/#article\",\"isPartOf\":{\"@id\":\"https:\\\/\\\/www.notibras.com\\\/site\\\/rosberg-e-o-mais-rapido-no-primeiro-treino-livre-em-hockenheim\\\/\"},\"author\":{\"name\":\"Reda\u00e7\u00e3o\",\"@id\":\"https:\\\/\\\/www.notibras.com\\\/site\\\/#\\\/schema\\\/person\\\/36ab0979449956132d3e5b517ea76ac8\"},\"headline\":\"Rosberg \u00e9 o mais r\u00e1pido no treino livre em Hockenheim\",\"datePublished\":\"2014-07-18T12:05:19+00:00\",\"dateModified\":\"2014-07-18T14:39:01+00:00\",\"mainEntityOfPage\":{\"@id\":\"https:\\\/\\\/www.notibras.com\\\/site\\\/rosberg-e-o-mais-rapido-no-primeiro-treino-livre-em-hockenheim\\\/\"},\"wordCount\":303,\"commentCount\":0,\"publisher\":{\"@id\":\"https:\\\/\\\/www.notibras.com\\\/site\\\/#organization\"},\"image\":{\"@id\":\"https:\\\/\\\/www.notibras.com\\\/site\\\/rosberg-e-o-mais-rapido-no-primeiro-treino-livre-em-hockenheim\\\/#primaryimage\"},\"thumbnailUrl\":\"https:\\\/\\\/www.notibras.com\\\/site\\\/wp-content\\\/uploads\\\/2014\\\/07\\\/f12.jpg\",\"articleSection\":[\"Automobilismo\",\"Esportes\"],\"inLanguage\":\"pt-BR\",\"potentialAction\":[{\"@type\":\"CommentAction\",\"name\":\"Comment\",\"target\":[\"https:\\\/\\\/www.notibras.com\\\/site\\\/rosberg-e-o-mais-rapido-no-primeiro-treino-livre-em-hockenheim\\\/#respond\"]}]},{\"@type\":\"WebPage\",\"@id\":\"https:\\\/\\\/www.notibras.com\\\/site\\\/rosberg-e-o-mais-rapido-no-primeiro-treino-livre-em-hockenheim\\\/\",\"url\":\"https:\\\/\\\/www.notibras.com\\\/site\\\/rosberg-e-o-mais-rapido-no-primeiro-treino-livre-em-hockenheim\\\/\",\"name\":\"Rosberg \u00e9 o mais r\u00e1pido no treino livre em Hockenheim - Notibras\",\"isPartOf\":{\"@id\":\"https:\\\/\\\/www.notibras.com\\\/site\\\/#website\"},\"primaryImageOfPage\":{\"@id\":\"https:\\\/\\\/www.notibras.com\\\/site\\\/rosberg-e-o-mais-rapido-no-primeiro-treino-livre-em-hockenheim\\\/#primaryimage\"},\"image\":{\"@id\":\"https:\\\/\\\/www.notibras.com\\\/site\\\/rosberg-e-o-mais-rapido-no-primeiro-treino-livre-em-hockenheim\\\/#primaryimage\"},\"thumbnailUrl\":\"https:\\\/\\\/www.notibras.com\\\/site\\\/wp-content\\\/uploads\\\/2014\\\/07\\\/f12.jpg\",\"datePublished\":\"2014-07-18T12:05:19+00:00\",\"dateModified\":\"2014-07-18T14:39:01+00:00\",\"breadcrumb\":{\"@id\":\"https:\\\/\\\/www.notibras.com\\\/site\\\/rosberg-e-o-mais-rapido-no-primeiro-treino-livre-em-hockenheim\\\/#breadcrumb\"},\"inLanguage\":\"pt-BR\",\"potentialAction\":[{\"@type\":\"ReadAction\",\"target\":[\"https:\\\/\\\/www.notibras.com\\\/site\\\/rosberg-e-o-mais-rapido-no-primeiro-treino-livre-em-hockenheim\\\/\"]}]},{\"@type\":\"ImageObject\",\"inLanguage\":\"pt-BR\",\"@id\":\"https:\\\/\\\/www.notibras.com\\\/site\\\/rosberg-e-o-mais-rapido-no-primeiro-treino-livre-em-hockenheim\\\/#primaryimage\",\"url\":\"https:\\\/\\\/www.notibras.com\\\/site\\\/wp-content\\\/uploads\\\/2014\\\/07\\\/f12.jpg\",\"contentUrl\":\"https:\\\/\\\/www.notibras.com\\\/site\\\/wp-content\\\/uploads\\\/2014\\\/07\\\/f12.jpg\",\"width\":460,\"height\":340},{\"@type\":\"BreadcrumbList\",\"@id\":\"https:\\\/\\\/www.notibras.com\\\/site\\\/rosberg-e-o-mais-rapido-no-primeiro-treino-livre-em-hockenheim\\\/#breadcrumb\",\"itemListElement\":[{\"@type\":\"ListItem\",\"position\":1,\"name\":\"In\u00edcio\",\"item\":\"https:\\\/\\\/www.notibras.com\\\/site\\\/\"},{\"@type\":\"ListItem\",\"position\":2,\"name\":\"Rosberg \u00e9 o mais r\u00e1pido no treino livre em Hockenheim\"}]},{\"@type\":\"WebSite\",\"@id\":\"https:\\\/\\\/www.notibras.com\\\/site\\\/#website\",\"url\":\"https:\\\/\\\/www.notibras.com\\\/site\\\/\",\"name\":\"Notibras\",\"description\":\"Not\u00edcias de Bras\u00edlia, do Brasil e do Mundo\",\"publisher\":{\"@id\":\"https:\\\/\\\/www.notibras.com\\\/site\\\/#organization\"},\"potentialAction\":[{\"@type\":\"SearchAction\",\"target\":{\"@type\":\"EntryPoint\",\"urlTemplate\":\"https:\\\/\\\/www.notibras.com\\\/site\\\/?s={search_term_string}\"},\"query-input\":{\"@type\":\"PropertyValueSpecification\",\"valueRequired\":true,\"valueName\":\"search_term_string\"}}],\"inLanguage\":\"pt-BR\"},{\"@type\":\"Organization\",\"@id\":\"https:\\\/\\\/www.notibras.com\\\/site\\\/#organization\",\"name\":\"Grupo Notibras de Comunica\u00e7\u00e3o\",\"url\":\"https:\\\/\\\/www.notibras.com\\\/site\\\/\",\"logo\":{\"@type\":\"ImageObject\",\"inLanguage\":\"pt-BR\",\"@id\":\"https:\\\/\\\/www.notibras.com\\\/site\\\/#\\\/schema\\\/logo\\\/image\\\/\",\"url\":\"https:\\\/\\\/www.notibras.com\\\/site\\\/wp-content\\\/uploads\\\/2023\\\/01\\\/notibras23.png\",\"contentUrl\":\"https:\\\/\\\/www.notibras.com\\\/site\\\/wp-content\\\/uploads\\\/2023\\\/01\\\/notibras23.png\",\"width\":350,\"height\":87,\"caption\":\"Grupo Notibras de Comunica\u00e7\u00e3o\"},\"image\":{\"@id\":\"https:\\\/\\\/www.notibras.com\\\/site\\\/#\\\/schema\\\/logo\\\/image\\\/\"},\"sameAs\":[\"https:\\\/\\\/www.facebook.com\\\/notibras\\\/\",\"https:\\\/\\\/x.com\\\/Notibras\",\"https:\\\/\\\/www.instagram.com\\\/notibras\\\/\"]},{\"@type\":\"Person\",\"@id\":\"https:\\\/\\\/www.notibras.com\\\/site\\\/#\\\/schema\\\/person\\\/36ab0979449956132d3e5b517ea76ac8\",\"name\":\"Reda\u00e7\u00e3o\",\"image\":{\"@type\":\"ImageObject\",\"inLanguage\":\"pt-BR\",\"@id\":\"https:\\\/\\\/secure.gravatar.com\\\/avatar\\\/e0a867bdedb85fd243eadf09663511f96fc81e0720a4a42581f334ad4303aa6b?s=96&d=mm&r=g\",\"url\":\"https:\\\/\\\/secure.gravatar.com\\\/avatar\\\/e0a867bdedb85fd243eadf09663511f96fc81e0720a4a42581f334ad4303aa6b?s=96&d=mm&r=g\",\"contentUrl\":\"https:\\\/\\\/secure.gravatar.com\\\/avatar\\\/e0a867bdedb85fd243eadf09663511f96fc81e0720a4a42581f334ad4303aa6b?s=96&d=mm&r=g\",\"caption\":\"Reda\u00e7\u00e3o\"}}]}<\/script>\n<!-- \/ Yoast SEO plugin. -->","yoast_head_json":{"title":"Rosberg \u00e9 o mais r\u00e1pido no treino livre em Hockenheim - Notibras","robots":{"index":"index","follow":"follow","max-snippet":"max-snippet:-1","max-image-preview":"max-image-preview:large","max-video-preview":"max-video-preview:-1"},"canonical":"https:\/\/www.notibras.com\/site\/rosberg-e-o-mais-rapido-no-primeiro-treino-livre-em-hockenheim\/","og_locale":"pt_BR","og_type":"article","og_title":"Rosberg \u00e9 o mais r\u00e1pido no treino livre em Hockenheim - Notibras","og_description":"O alem\u00e3o Nico Rosberg, da\u00a0Mercedes,\u00a0foi o mais r\u00e1pido na primeira sess\u00e3o de treinos livres do Grande Pr\u00eamio da Alemanha de F\u00f3rmula 1, nesta sexta-feira, no circuito de Hockenheim. Com o tempo de 1min19s131, Rosberg superou o companheiro de equipe, o brit\u00e2nico Lewis Hamilton, por 65 mil\u00e9simos. Os dois pilotos protagonizam a disputa do t\u00edtulo da [&hellip;]","og_url":"https:\/\/www.notibras.com\/site\/rosberg-e-o-mais-rapido-no-primeiro-treino-livre-em-hockenheim\/","og_site_name":"Notibras","article_publisher":"https:\/\/www.facebook.com\/notibras\/","article_published_time":"2014-07-18T12:05:19+00:00","article_modified_time":"2014-07-18T14:39:01+00:00","og_image":[{"width":460,"height":340,"url":"https:\/\/www.notibras.com\/site\/wp-content\/uploads\/2014\/07\/f12.jpg","type":"image\/jpeg"}],"author":"Reda\u00e7\u00e3o","twitter_card":"summary_large_image","twitter_creator":"@Notibras","twitter_site":"@Notibras","twitter_misc":{"Escrito por":"Reda\u00e7\u00e3o","Est. tempo de leitura":"1 minuto"},"schema":{"@context":"https:\/\/schema.org","@graph":[{"@type":"Article","@id":"https:\/\/www.notibras.com\/site\/rosberg-e-o-mais-rapido-no-primeiro-treino-livre-em-hockenheim\/#article","isPartOf":{"@id":"https:\/\/www.notibras.com\/site\/rosberg-e-o-mais-rapido-no-primeiro-treino-livre-em-hockenheim\/"},"author":{"name":"Reda\u00e7\u00e3o","@id":"https:\/\/www.notibras.com\/site\/#\/schema\/person\/36ab0979449956132d3e5b517ea76ac8"},"headline":"Rosberg \u00e9 o mais r\u00e1pido no treino livre em Hockenheim","datePublished":"2014-07-18T12:05:19+00:00","dateModified":"2014-07-18T14:39:01+00:00","mainEntityOfPage":{"@id":"https:\/\/www.notibras.com\/site\/rosberg-e-o-mais-rapido-no-primeiro-treino-livre-em-hockenheim\/"},"wordCount":303,"commentCount":0,"publisher":{"@id":"https:\/\/www.notibras.com\/site\/#organization"},"image":{"@id":"https:\/\/www.notibras.com\/site\/rosberg-e-o-mais-rapido-no-primeiro-treino-livre-em-hockenheim\/#primaryimage"},"thumbnailUrl":"https:\/\/www.notibras.com\/site\/wp-content\/uploads\/2014\/07\/f12.jpg","articleSection":["Automobilismo","Esportes"],"inLanguage":"pt-BR","potentialAction":[{"@type":"CommentAction","name":"Comment","target":["https:\/\/www.notibras.com\/site\/rosberg-e-o-mais-rapido-no-primeiro-treino-livre-em-hockenheim\/#respond"]}]},{"@type":"WebPage","@id":"https:\/\/www.notibras.com\/site\/rosberg-e-o-mais-rapido-no-primeiro-treino-livre-em-hockenheim\/","url":"https:\/\/www.notibras.com\/site\/rosberg-e-o-mais-rapido-no-primeiro-treino-livre-em-hockenheim\/","name":"Rosberg \u00e9 o mais r\u00e1pido no treino livre em Hockenheim - Notibras","isPartOf":{"@id":"https:\/\/www.notibras.com\/site\/#website"},"primaryImageOfPage":{"@id":"https:\/\/www.notibras.com\/site\/rosberg-e-o-mais-rapido-no-primeiro-treino-livre-em-hockenheim\/#primaryimage"},"image":{"@id":"https:\/\/www.notibras.com\/site\/rosberg-e-o-mais-rapido-no-primeiro-treino-livre-em-hockenheim\/#primaryimage"},"thumbnailUrl":"https:\/\/www.notibras.com\/site\/wp-content\/uploads\/2014\/07\/f12.jpg","datePublished":"2014-07-18T12:05:19+00:00","dateModified":"2014-07-18T14:39:01+00:00","breadcrumb":{"@id":"https:\/\/www.notibras.com\/site\/rosberg-e-o-mais-rapido-no-primeiro-treino-livre-em-hockenheim\/#breadcrumb"},"inLanguage":"pt-BR","potentialAction":[{"@type":"ReadAction","target":["https:\/\/www.notibras.com\/site\/rosberg-e-o-mais-rapido-no-primeiro-treino-livre-em-hockenheim\/"]}]},{"@type":"ImageObject","inLanguage":"pt-BR","@id":"https:\/\/www.notibras.com\/site\/rosberg-e-o-mais-rapido-no-primeiro-treino-livre-em-hockenheim\/#primaryimage","url":"https:\/\/www.notibras.com\/site\/wp-content\/uploads\/2014\/07\/f12.jpg","contentUrl":"https:\/\/www.notibras.com\/site\/wp-content\/uploads\/2014\/07\/f12.jpg","width":460,"height":340},{"@type":"BreadcrumbList","@id":"https:\/\/www.notibras.com\/site\/rosberg-e-o-mais-rapido-no-primeiro-treino-livre-em-hockenheim\/#breadcrumb","itemListElement":[{"@type":"ListItem","position":1,"name":"In\u00edcio","item":"https:\/\/www.notibras.com\/site\/"},{"@type":"ListItem","position":2,"name":"Rosberg \u00e9 o mais r\u00e1pido no treino livre em Hockenheim"}]},{"@type":"WebSite","@id":"https:\/\/www.notibras.com\/site\/#website","url":"https:\/\/www.notibras.com\/site\/","name":"Notibras","description":"Not\u00edcias de Bras\u00edlia, do Brasil e do Mundo","publisher":{"@id":"https:\/\/www.notibras.com\/site\/#organization"},"potentialAction":[{"@type":"SearchAction","target":{"@type":"EntryPoint","urlTemplate":"https:\/\/www.notibras.com\/site\/?s={search_term_string}"},"query-input":{"@type":"PropertyValueSpecification","valueRequired":true,"valueName":"search_term_string"}}],"inLanguage":"pt-BR"},{"@type":"Organization","@id":"https:\/\/www.notibras.com\/site\/#organization","name":"Grupo Notibras de Comunica\u00e7\u00e3o","url":"https:\/\/www.notibras.com\/site\/","logo":{"@type":"ImageObject","inLanguage":"pt-BR","@id":"https:\/\/www.notibras.com\/site\/#\/schema\/logo\/image\/","url":"https:\/\/www.notibras.com\/site\/wp-content\/uploads\/2023\/01\/notibras23.png","contentUrl":"https:\/\/www.notibras.com\/site\/wp-content\/uploads\/2023\/01\/notibras23.png","width":350,"height":87,"caption":"Grupo Notibras de Comunica\u00e7\u00e3o"},"image":{"@id":"https:\/\/www.notibras.com\/site\/#\/schema\/logo\/image\/"},"sameAs":["https:\/\/www.facebook.com\/notibras\/","https:\/\/x.com\/Notibras","https:\/\/www.instagram.com\/notibras\/"]},{"@type":"Person","@id":"https:\/\/www.notibras.com\/site\/#\/schema\/person\/36ab0979449956132d3e5b517ea76ac8","name":"Reda\u00e7\u00e3o","image":{"@type":"ImageObject","inLanguage":"pt-BR","@id":"https:\/\/secure.gravatar.com\/avatar\/e0a867bdedb85fd243eadf09663511f96fc81e0720a4a42581f334ad4303aa6b?s=96&d=mm&r=g","url":"https:\/\/secure.gravatar.com\/avatar\/e0a867bdedb85fd243eadf09663511f96fc81e0720a4a42581f334ad4303aa6b?s=96&d=mm&r=g","contentUrl":"https:\/\/secure.gravatar.com\/avatar\/e0a867bdedb85fd243eadf09663511f96fc81e0720a4a42581f334ad4303aa6b?s=96&d=mm&r=g","caption":"Reda\u00e7\u00e3o"}}]}},"amp_enabled":true,"_links":{"self":[{"href":"https:\/\/www.notibras.com\/site\/wp-json\/wp\/v2\/posts\/16605","targetHints":{"allow":["GET"]}}],"collection":[{"href":"https:\/\/www.notibras.com\/site\/wp-json\/wp\/v2\/posts"}],"about":[{"href":"https:\/\/www.notibras.com\/site\/wp-json\/wp\/v2\/types\/post"}],"author":[{"embeddable":true,"href":"https:\/\/www.notibras.com\/site\/wp-json\/wp\/v2\/users\/2"}],"replies":[{"embeddable":true,"href":"https:\/\/www.notibras.com\/site\/wp-json\/wp\/v2\/comments?post=16605"}],"version-history":[{"count":0,"href":"https:\/\/www.notibras.com\/site\/wp-json\/wp\/v2\/posts\/16605\/revisions"}],"wp:featuredmedia":[{"embeddable":true,"href":"https:\/\/www.notibras.com\/site\/wp-json\/wp\/v2\/media\/16606"}],"wp:attachment":[{"href":"https:\/\/www.notibras.com\/site\/wp-json\/wp\/v2\/media?parent=16605"}],"wp:term":[{"taxonomy":"category","embeddable":true,"href":"https:\/\/www.notibras.com\/site\/wp-json\/wp\/v2\/categories?post=16605"},{"taxonomy":"post_tag","embeddable":true,"href":"https:\/\/www.notibras.com\/site\/wp-json\/wp\/v2\/tags?post=16605"}],"curies":[{"name":"wp","href":"https:\/\/api.w.org\/{rel}","templated":true}]}}