{"id":16610,"date":"2014-07-18T11:38:00","date_gmt":"2014-07-18T14:38:00","guid":{"rendered":"http:\/\/www.notibras.com\/site\/?p=16610"},"modified":"2014-07-18T11:38:00","modified_gmt":"2014-07-18T14:38:00","slug":"hamilton-da-o-troco-e-fica-em-1o-lugar-massa-marca-sexto-tempo","status":"publish","type":"post","link":"https:\/\/www.notibras.com\/site\/hamilton-da-o-troco-e-fica-em-1o-lugar-massa-marca-sexto-tempo\/","title":{"rendered":"Hamilton d\u00e1 o troco e fica em 1\u00ba lugar. Massa marca sexto tempo"},"content":{"rendered":"<p>O brit\u00e2nico Lewis Hamilton deu o troco no alem\u00e3o Nico Rosberg no segundo treino livre para o Grande Pr\u00eamio da Alemanha de F\u00f3rmula 1, nesta sexta-feira. Ap\u00f3s ter visto o piloto da casa conseguir o melhor tempo da primeira atividade do dia, o ingl\u00eas superou o\u00a0companheiro de Mercedes por apenas 0s024 na sess\u00e3o que encerrou a programa\u00e7\u00e3o do dia em Hockenheim.<\/p>\n<p class=\"text\">Hamilton rodou no tradicional circuito alem\u00e3o a 1min18s341, bem pr\u00f3ximo do tempo de tempo de 1min18s365 estabelecido por Rosberg. A dupla da Mercedes, no entanto, n\u00e3o levou grande vantagem sobre o australiano Daniel Ricciardo, terceiro colocado. O piloto da Red Bull andou a 1min18s443, apenas 0s102 atr\u00e1s do brit\u00e2nico.<\/p>\n<p class=\"text\">Acostumados a ter grande vantagem para todos os rivais, os pilotos da Mercedes s\u00f3 tiveram Ricciardo andando em ritmo parecido. A quarta coloca\u00e7\u00e3o da sess\u00e3o em Hockenheim ficou com o finland\u00eas Kimi Raikkonen, da Ferrari, com a marca de 1min18s887, seguido pelo dinamarqu\u00eas Kevin Magnussen, da McLaren.<\/p>\n<blockquote>\n<p class=\"text\">O brasileiro Felipe Massa encerrou a sexta-feira na Alemanha com a sexta coloca\u00e7\u00e3o, com 1min19s024 como melhor volta. O finland\u00eas Valtteri Bottas, seu companheiro na equipe Williams, ficou em d\u00e9cimo, atr\u00e1s ainda do brit\u00e2nico Jenson Button, do alem\u00e3o Sebastian Vettel e do espanhol Fernando Alonso.<\/p>\n<\/blockquote>\n<p class=\"text\">As melhores marcas de cada piloto no \u00faltimo treino em Hockenheim foram estabelecidas com os pneus supermacios, mas a atividade evidenciou a baixa durabilidade deste tipo de composto no fim de semana. Por conta do forte calor no local, os pneus se degradaram muito rapidamente e em alguns casos apresentaram sinais claros de desgaste depois de apenas uma volta.<\/p>\n<p class=\"text\"><strong>Confira os tempos consolidados desta sexta-feira<\/strong><\/p>\n<p class=\"text\">1. Lewis\u00a0Hamilton (GBR\/Mercedes) &#8211; 1min18s341<br \/>\n2. Nico\u00a0Rosberg (ALE\/Mercedes)\u00a0&#8211; 1min18s365<br \/>\n3. Daniel\u00a0Ricciardo (AUS\/Red Bull) &#8211; 1min18s443<br \/>\n4. Kimi\u00a0Raikkonen (FIN\/Ferrari) &#8211; 1min18s887<br \/>\n5. Kevin\u00a0Magnussen (DIN\/McLaren) &#8211; 1min18s960<br \/>\n<strong>6. Felipe\u00a0Massa (BRA\/Williams) &#8211; 1min19s024<\/strong><br \/>\n7. Jenson\u00a0Button (GBR\/McLaren) &#8211; 1min19s221<br \/>\n8. Sebastian\u00a0Vettel (ALE\/Red Bull)\u00a0&#8211; 1min19s248<br \/>\n9. Fernando\u00a0Alonso (ESP\/Ferrari) &#8211; 1min19s329<br \/>\n10. Valtteri\u00a0Bottas (FIN\/Williams) &#8211; 1min19s385<br \/>\n11. Adrian\u00a0Sutil (ALE\/Sauber)\u00a0&#8211; 1min19s417<br \/>\n12. Daniil\u00a0Kvyat (RUS\/Toro Rosso) &#8211; 1min19s452<br \/>\n13. Sergio\u00a0P\u00e9rez (MEX\/Force India)\u00a0&#8211; 1min19s581<br \/>\n14. Nico\u00a0Hulkenberg (ALE\/Force India) &#8211; 1min19s593<br \/>\n15. Jean-\u00c9ric\u00a0Vergne (FRA\/Toro Rosso) &#8211; 1min19s760<br \/>\n16. Pastor\u00a0Maldonado (VEN\/Lotus) &#8211; 1min20s158<br \/>\n17. Romain\u00a0Grosjean (FRA\/Lotus) &#8211; 1min20s358<br \/>\n18. Esteban\u00a0Guti\u00e9rrez (MEX\/Sauber) &#8211; 1min20s504<br \/>\n19. Susie Wolff* (GBR\/Williams) &#8211; 1min20s769<br \/>\n20. Giedo van der Garde* (HOL\/Sauber) &#8211; 1min20s782<br \/>\n21. Jules\u00a0Bianchi (FRA\/Marussia) &#8211; 1min21s328<br \/>\n22. Marcus\u00a0Ericsson (SUE\/Caterham) &#8211; 1min21s870<br \/>\n23.\u00a0Max\u00a0Chilton (GBR\/Marussia)\u00a0&#8211; 1min21s898<br \/>\n24. Kamui\u00a0Kobayashi (JAP\/Caterham)\u00a0&#8211; 1min22s572<\/p>\n","protected":false},"excerpt":{"rendered":"<p>O brit\u00e2nico Lewis Hamilton deu o troco no alem\u00e3o Nico Rosberg no segundo treino livre para o Grande Pr\u00eamio da Alemanha de F\u00f3rmula 1, nesta sexta-feira. Ap\u00f3s ter visto o piloto da casa conseguir o melhor tempo da primeira atividade do dia, o ingl\u00eas superou o\u00a0companheiro de Mercedes por apenas 0s024 na sess\u00e3o que encerrou [&hellip;]<\/p>\n","protected":false},"author":2,"featured_media":16611,"comment_status":"open","ping_status":"closed","sticky":false,"template":"","format":"standard","meta":{"_acf_changed":false,"footnotes":""},"categories":[27,19],"tags":[],"class_list":["post-16610","post","type-post","status-publish","format-standard","has-post-thumbnail","hentry","category-automobilismo","category-esportes"],"acf":[],"yoast_head":"<!-- This site is optimized with the Yoast SEO plugin v27.2 - https:\/\/yoast.com\/product\/yoast-seo-wordpress\/ -->\n<title>Hamilton d\u00e1 o troco e fica em 1\u00ba lugar. Massa marca sexto tempo - Notibras<\/title>\n<meta name=\"robots\" content=\"index, follow, max-snippet:-1, max-image-preview:large, max-video-preview:-1\" \/>\n<link rel=\"canonical\" href=\"https:\/\/www.notibras.com\/site\/hamilton-da-o-troco-e-fica-em-1o-lugar-massa-marca-sexto-tempo\/\" \/>\n<meta property=\"og:locale\" content=\"pt_BR\" \/>\n<meta property=\"og:type\" content=\"article\" \/>\n<meta property=\"og:title\" content=\"Hamilton d\u00e1 o troco e fica em 1\u00ba lugar. Massa marca sexto tempo - Notibras\" \/>\n<meta property=\"og:description\" content=\"O brit\u00e2nico Lewis Hamilton deu o troco no alem\u00e3o Nico Rosberg no segundo treino livre para o Grande Pr\u00eamio da Alemanha de F\u00f3rmula 1, nesta sexta-feira. Ap\u00f3s ter visto o piloto da casa conseguir o melhor tempo da primeira atividade do dia, o ingl\u00eas superou o\u00a0companheiro de Mercedes por apenas 0s024 na sess\u00e3o que encerrou [&hellip;]\" \/>\n<meta property=\"og:url\" content=\"https:\/\/www.notibras.com\/site\/hamilton-da-o-troco-e-fica-em-1o-lugar-massa-marca-sexto-tempo\/\" \/>\n<meta property=\"og:site_name\" content=\"Notibras\" \/>\n<meta property=\"article:publisher\" content=\"https:\/\/www.facebook.com\/notibras\/\" \/>\n<meta property=\"article:published_time\" content=\"2014-07-18T14:38:00+00:00\" \/>\n<meta property=\"og:image\" content=\"https:\/\/www.notibras.com\/site\/wp-content\/uploads\/2014\/07\/hamiltontreinochristopherleegetty.jpg\" \/>\n\t<meta property=\"og:image:width\" content=\"460\" \/>\n\t<meta property=\"og:image:height\" content=\"340\" \/>\n\t<meta property=\"og:image:type\" content=\"image\/jpeg\" \/>\n<meta name=\"author\" content=\"Reda\u00e7\u00e3o\" \/>\n<meta name=\"twitter:card\" content=\"summary_large_image\" \/>\n<meta name=\"twitter:creator\" content=\"@Notibras\" \/>\n<meta name=\"twitter:site\" content=\"@Notibras\" \/>\n<meta name=\"twitter:label1\" content=\"Escrito por\" \/>\n\t<meta name=\"twitter:data1\" content=\"Reda\u00e7\u00e3o\" \/>\n\t<meta name=\"twitter:label2\" content=\"Est. tempo de leitura\" \/>\n\t<meta name=\"twitter:data2\" content=\"2 minutos\" \/>\n<script type=\"application\/ld+json\" class=\"yoast-schema-graph\">{\"@context\":\"https:\/\/schema.org\",\"@graph\":[{\"@type\":\"Article\",\"@id\":\"https:\/\/www.notibras.com\/site\/hamilton-da-o-troco-e-fica-em-1o-lugar-massa-marca-sexto-tempo\/#article\",\"isPartOf\":{\"@id\":\"https:\/\/www.notibras.com\/site\/hamilton-da-o-troco-e-fica-em-1o-lugar-massa-marca-sexto-tempo\/\"},\"author\":{\"name\":\"Reda\u00e7\u00e3o\",\"@id\":\"https:\/\/www.notibras.com\/site\/#\/schema\/person\/36ab0979449956132d3e5b517ea76ac8\"},\"headline\":\"Hamilton d\u00e1 o troco e fica em 1\u00ba lugar. Massa marca sexto tempo\",\"datePublished\":\"2014-07-18T14:38:00+00:00\",\"mainEntityOfPage\":{\"@id\":\"https:\/\/www.notibras.com\/site\/hamilton-da-o-troco-e-fica-em-1o-lugar-massa-marca-sexto-tempo\/\"},\"wordCount\":486,\"commentCount\":0,\"publisher\":{\"@id\":\"https:\/\/www.notibras.com\/site\/#organization\"},\"image\":{\"@id\":\"https:\/\/www.notibras.com\/site\/hamilton-da-o-troco-e-fica-em-1o-lugar-massa-marca-sexto-tempo\/#primaryimage\"},\"thumbnailUrl\":\"https:\/\/www.notibras.com\/site\/wp-content\/uploads\/2014\/07\/hamiltontreinochristopherleegetty.jpg\",\"articleSection\":[\"Automobilismo\",\"Esportes\"],\"inLanguage\":\"pt-BR\",\"potentialAction\":[{\"@type\":\"CommentAction\",\"name\":\"Comment\",\"target\":[\"https:\/\/www.notibras.com\/site\/hamilton-da-o-troco-e-fica-em-1o-lugar-massa-marca-sexto-tempo\/#respond\"]}]},{\"@type\":\"WebPage\",\"@id\":\"https:\/\/www.notibras.com\/site\/hamilton-da-o-troco-e-fica-em-1o-lugar-massa-marca-sexto-tempo\/\",\"url\":\"https:\/\/www.notibras.com\/site\/hamilton-da-o-troco-e-fica-em-1o-lugar-massa-marca-sexto-tempo\/\",\"name\":\"Hamilton d\u00e1 o troco e fica em 1\u00ba lugar. Massa marca sexto tempo - Notibras\",\"isPartOf\":{\"@id\":\"https:\/\/www.notibras.com\/site\/#website\"},\"primaryImageOfPage\":{\"@id\":\"https:\/\/www.notibras.com\/site\/hamilton-da-o-troco-e-fica-em-1o-lugar-massa-marca-sexto-tempo\/#primaryimage\"},\"image\":{\"@id\":\"https:\/\/www.notibras.com\/site\/hamilton-da-o-troco-e-fica-em-1o-lugar-massa-marca-sexto-tempo\/#primaryimage\"},\"thumbnailUrl\":\"https:\/\/www.notibras.com\/site\/wp-content\/uploads\/2014\/07\/hamiltontreinochristopherleegetty.jpg\",\"datePublished\":\"2014-07-18T14:38:00+00:00\",\"breadcrumb\":{\"@id\":\"https:\/\/www.notibras.com\/site\/hamilton-da-o-troco-e-fica-em-1o-lugar-massa-marca-sexto-tempo\/#breadcrumb\"},\"inLanguage\":\"pt-BR\",\"potentialAction\":[{\"@type\":\"ReadAction\",\"target\":[\"https:\/\/www.notibras.com\/site\/hamilton-da-o-troco-e-fica-em-1o-lugar-massa-marca-sexto-tempo\/\"]}]},{\"@type\":\"ImageObject\",\"inLanguage\":\"pt-BR\",\"@id\":\"https:\/\/www.notibras.com\/site\/hamilton-da-o-troco-e-fica-em-1o-lugar-massa-marca-sexto-tempo\/#primaryimage\",\"url\":\"https:\/\/www.notibras.com\/site\/wp-content\/uploads\/2014\/07\/hamiltontreinochristopherleegetty.jpg\",\"contentUrl\":\"https:\/\/www.notibras.com\/site\/wp-content\/uploads\/2014\/07\/hamiltontreinochristopherleegetty.jpg\",\"width\":460,\"height\":340},{\"@type\":\"BreadcrumbList\",\"@id\":\"https:\/\/www.notibras.com\/site\/hamilton-da-o-troco-e-fica-em-1o-lugar-massa-marca-sexto-tempo\/#breadcrumb\",\"itemListElement\":[{\"@type\":\"ListItem\",\"position\":1,\"name\":\"In\u00edcio\",\"item\":\"https:\/\/www.notibras.com\/site\/\"},{\"@type\":\"ListItem\",\"position\":2,\"name\":\"Hamilton d\u00e1 o troco e fica em 1\u00ba lugar. Massa marca sexto tempo\"}]},{\"@type\":\"WebSite\",\"@id\":\"https:\/\/www.notibras.com\/site\/#website\",\"url\":\"https:\/\/www.notibras.com\/site\/\",\"name\":\"Notibras\",\"description\":\"Not\u00edcias de Bras\u00edlia, do Brasil e do Mundo\",\"publisher\":{\"@id\":\"https:\/\/www.notibras.com\/site\/#organization\"},\"potentialAction\":[{\"@type\":\"SearchAction\",\"target\":{\"@type\":\"EntryPoint\",\"urlTemplate\":\"https:\/\/www.notibras.com\/site\/?s={search_term_string}\"},\"query-input\":{\"@type\":\"PropertyValueSpecification\",\"valueRequired\":true,\"valueName\":\"search_term_string\"}}],\"inLanguage\":\"pt-BR\"},{\"@type\":\"Organization\",\"@id\":\"https:\/\/www.notibras.com\/site\/#organization\",\"name\":\"Grupo Notibras de Comunica\u00e7\u00e3o\",\"url\":\"https:\/\/www.notibras.com\/site\/\",\"logo\":{\"@type\":\"ImageObject\",\"inLanguage\":\"pt-BR\",\"@id\":\"https:\/\/www.notibras.com\/site\/#\/schema\/logo\/image\/\",\"url\":\"https:\/\/www.notibras.com\/site\/wp-content\/uploads\/2023\/01\/notibras23.png\",\"contentUrl\":\"https:\/\/www.notibras.com\/site\/wp-content\/uploads\/2023\/01\/notibras23.png\",\"width\":350,\"height\":87,\"caption\":\"Grupo Notibras de Comunica\u00e7\u00e3o\"},\"image\":{\"@id\":\"https:\/\/www.notibras.com\/site\/#\/schema\/logo\/image\/\"},\"sameAs\":[\"https:\/\/www.facebook.com\/notibras\/\",\"https:\/\/x.com\/Notibras\",\"https:\/\/www.instagram.com\/notibras\/\"]},{\"@type\":\"Person\",\"@id\":\"https:\/\/www.notibras.com\/site\/#\/schema\/person\/36ab0979449956132d3e5b517ea76ac8\",\"name\":\"Reda\u00e7\u00e3o\",\"image\":{\"@type\":\"ImageObject\",\"inLanguage\":\"pt-BR\",\"@id\":\"https:\/\/secure.gravatar.com\/avatar\/e0a867bdedb85fd243eadf09663511f96fc81e0720a4a42581f334ad4303aa6b?s=96&d=mm&r=g\",\"url\":\"https:\/\/secure.gravatar.com\/avatar\/e0a867bdedb85fd243eadf09663511f96fc81e0720a4a42581f334ad4303aa6b?s=96&d=mm&r=g\",\"contentUrl\":\"https:\/\/secure.gravatar.com\/avatar\/e0a867bdedb85fd243eadf09663511f96fc81e0720a4a42581f334ad4303aa6b?s=96&d=mm&r=g\",\"caption\":\"Reda\u00e7\u00e3o\"}}]}<\/script>\n<!-- \/ Yoast SEO plugin. -->","yoast_head_json":{"title":"Hamilton d\u00e1 o troco e fica em 1\u00ba lugar. Massa marca sexto tempo - Notibras","robots":{"index":"index","follow":"follow","max-snippet":"max-snippet:-1","max-image-preview":"max-image-preview:large","max-video-preview":"max-video-preview:-1"},"canonical":"https:\/\/www.notibras.com\/site\/hamilton-da-o-troco-e-fica-em-1o-lugar-massa-marca-sexto-tempo\/","og_locale":"pt_BR","og_type":"article","og_title":"Hamilton d\u00e1 o troco e fica em 1\u00ba lugar. Massa marca sexto tempo - Notibras","og_description":"O brit\u00e2nico Lewis Hamilton deu o troco no alem\u00e3o Nico Rosberg no segundo treino livre para o Grande Pr\u00eamio da Alemanha de F\u00f3rmula 1, nesta sexta-feira. Ap\u00f3s ter visto o piloto da casa conseguir o melhor tempo da primeira atividade do dia, o ingl\u00eas superou o\u00a0companheiro de Mercedes por apenas 0s024 na sess\u00e3o que encerrou [&hellip;]","og_url":"https:\/\/www.notibras.com\/site\/hamilton-da-o-troco-e-fica-em-1o-lugar-massa-marca-sexto-tempo\/","og_site_name":"Notibras","article_publisher":"https:\/\/www.facebook.com\/notibras\/","article_published_time":"2014-07-18T14:38:00+00:00","og_image":[{"width":460,"height":340,"url":"https:\/\/www.notibras.com\/site\/wp-content\/uploads\/2014\/07\/hamiltontreinochristopherleegetty.jpg","type":"image\/jpeg"}],"author":"Reda\u00e7\u00e3o","twitter_card":"summary_large_image","twitter_creator":"@Notibras","twitter_site":"@Notibras","twitter_misc":{"Escrito por":"Reda\u00e7\u00e3o","Est. tempo de leitura":"2 minutos"},"schema":{"@context":"https:\/\/schema.org","@graph":[{"@type":"Article","@id":"https:\/\/www.notibras.com\/site\/hamilton-da-o-troco-e-fica-em-1o-lugar-massa-marca-sexto-tempo\/#article","isPartOf":{"@id":"https:\/\/www.notibras.com\/site\/hamilton-da-o-troco-e-fica-em-1o-lugar-massa-marca-sexto-tempo\/"},"author":{"name":"Reda\u00e7\u00e3o","@id":"https:\/\/www.notibras.com\/site\/#\/schema\/person\/36ab0979449956132d3e5b517ea76ac8"},"headline":"Hamilton d\u00e1 o troco e fica em 1\u00ba lugar. Massa marca sexto tempo","datePublished":"2014-07-18T14:38:00+00:00","mainEntityOfPage":{"@id":"https:\/\/www.notibras.com\/site\/hamilton-da-o-troco-e-fica-em-1o-lugar-massa-marca-sexto-tempo\/"},"wordCount":486,"commentCount":0,"publisher":{"@id":"https:\/\/www.notibras.com\/site\/#organization"},"image":{"@id":"https:\/\/www.notibras.com\/site\/hamilton-da-o-troco-e-fica-em-1o-lugar-massa-marca-sexto-tempo\/#primaryimage"},"thumbnailUrl":"https:\/\/www.notibras.com\/site\/wp-content\/uploads\/2014\/07\/hamiltontreinochristopherleegetty.jpg","articleSection":["Automobilismo","Esportes"],"inLanguage":"pt-BR","potentialAction":[{"@type":"CommentAction","name":"Comment","target":["https:\/\/www.notibras.com\/site\/hamilton-da-o-troco-e-fica-em-1o-lugar-massa-marca-sexto-tempo\/#respond"]}]},{"@type":"WebPage","@id":"https:\/\/www.notibras.com\/site\/hamilton-da-o-troco-e-fica-em-1o-lugar-massa-marca-sexto-tempo\/","url":"https:\/\/www.notibras.com\/site\/hamilton-da-o-troco-e-fica-em-1o-lugar-massa-marca-sexto-tempo\/","name":"Hamilton d\u00e1 o troco e fica em 1\u00ba lugar. Massa marca sexto tempo - Notibras","isPartOf":{"@id":"https:\/\/www.notibras.com\/site\/#website"},"primaryImageOfPage":{"@id":"https:\/\/www.notibras.com\/site\/hamilton-da-o-troco-e-fica-em-1o-lugar-massa-marca-sexto-tempo\/#primaryimage"},"image":{"@id":"https:\/\/www.notibras.com\/site\/hamilton-da-o-troco-e-fica-em-1o-lugar-massa-marca-sexto-tempo\/#primaryimage"},"thumbnailUrl":"https:\/\/www.notibras.com\/site\/wp-content\/uploads\/2014\/07\/hamiltontreinochristopherleegetty.jpg","datePublished":"2014-07-18T14:38:00+00:00","breadcrumb":{"@id":"https:\/\/www.notibras.com\/site\/hamilton-da-o-troco-e-fica-em-1o-lugar-massa-marca-sexto-tempo\/#breadcrumb"},"inLanguage":"pt-BR","potentialAction":[{"@type":"ReadAction","target":["https:\/\/www.notibras.com\/site\/hamilton-da-o-troco-e-fica-em-1o-lugar-massa-marca-sexto-tempo\/"]}]},{"@type":"ImageObject","inLanguage":"pt-BR","@id":"https:\/\/www.notibras.com\/site\/hamilton-da-o-troco-e-fica-em-1o-lugar-massa-marca-sexto-tempo\/#primaryimage","url":"https:\/\/www.notibras.com\/site\/wp-content\/uploads\/2014\/07\/hamiltontreinochristopherleegetty.jpg","contentUrl":"https:\/\/www.notibras.com\/site\/wp-content\/uploads\/2014\/07\/hamiltontreinochristopherleegetty.jpg","width":460,"height":340},{"@type":"BreadcrumbList","@id":"https:\/\/www.notibras.com\/site\/hamilton-da-o-troco-e-fica-em-1o-lugar-massa-marca-sexto-tempo\/#breadcrumb","itemListElement":[{"@type":"ListItem","position":1,"name":"In\u00edcio","item":"https:\/\/www.notibras.com\/site\/"},{"@type":"ListItem","position":2,"name":"Hamilton d\u00e1 o troco e fica em 1\u00ba lugar. Massa marca sexto tempo"}]},{"@type":"WebSite","@id":"https:\/\/www.notibras.com\/site\/#website","url":"https:\/\/www.notibras.com\/site\/","name":"Notibras","description":"Not\u00edcias de Bras\u00edlia, do Brasil e do Mundo","publisher":{"@id":"https:\/\/www.notibras.com\/site\/#organization"},"potentialAction":[{"@type":"SearchAction","target":{"@type":"EntryPoint","urlTemplate":"https:\/\/www.notibras.com\/site\/?s={search_term_string}"},"query-input":{"@type":"PropertyValueSpecification","valueRequired":true,"valueName":"search_term_string"}}],"inLanguage":"pt-BR"},{"@type":"Organization","@id":"https:\/\/www.notibras.com\/site\/#organization","name":"Grupo Notibras de Comunica\u00e7\u00e3o","url":"https:\/\/www.notibras.com\/site\/","logo":{"@type":"ImageObject","inLanguage":"pt-BR","@id":"https:\/\/www.notibras.com\/site\/#\/schema\/logo\/image\/","url":"https:\/\/www.notibras.com\/site\/wp-content\/uploads\/2023\/01\/notibras23.png","contentUrl":"https:\/\/www.notibras.com\/site\/wp-content\/uploads\/2023\/01\/notibras23.png","width":350,"height":87,"caption":"Grupo Notibras de Comunica\u00e7\u00e3o"},"image":{"@id":"https:\/\/www.notibras.com\/site\/#\/schema\/logo\/image\/"},"sameAs":["https:\/\/www.facebook.com\/notibras\/","https:\/\/x.com\/Notibras","https:\/\/www.instagram.com\/notibras\/"]},{"@type":"Person","@id":"https:\/\/www.notibras.com\/site\/#\/schema\/person\/36ab0979449956132d3e5b517ea76ac8","name":"Reda\u00e7\u00e3o","image":{"@type":"ImageObject","inLanguage":"pt-BR","@id":"https:\/\/secure.gravatar.com\/avatar\/e0a867bdedb85fd243eadf09663511f96fc81e0720a4a42581f334ad4303aa6b?s=96&d=mm&r=g","url":"https:\/\/secure.gravatar.com\/avatar\/e0a867bdedb85fd243eadf09663511f96fc81e0720a4a42581f334ad4303aa6b?s=96&d=mm&r=g","contentUrl":"https:\/\/secure.gravatar.com\/avatar\/e0a867bdedb85fd243eadf09663511f96fc81e0720a4a42581f334ad4303aa6b?s=96&d=mm&r=g","caption":"Reda\u00e7\u00e3o"}}]}},"amp_enabled":true,"_links":{"self":[{"href":"https:\/\/www.notibras.com\/site\/wp-json\/wp\/v2\/posts\/16610","targetHints":{"allow":["GET"]}}],"collection":[{"href":"https:\/\/www.notibras.com\/site\/wp-json\/wp\/v2\/posts"}],"about":[{"href":"https:\/\/www.notibras.com\/site\/wp-json\/wp\/v2\/types\/post"}],"author":[{"embeddable":true,"href":"https:\/\/www.notibras.com\/site\/wp-json\/wp\/v2\/users\/2"}],"replies":[{"embeddable":true,"href":"https:\/\/www.notibras.com\/site\/wp-json\/wp\/v2\/comments?post=16610"}],"version-history":[{"count":0,"href":"https:\/\/www.notibras.com\/site\/wp-json\/wp\/v2\/posts\/16610\/revisions"}],"wp:featuredmedia":[{"embeddable":true,"href":"https:\/\/www.notibras.com\/site\/wp-json\/wp\/v2\/media\/16611"}],"wp:attachment":[{"href":"https:\/\/www.notibras.com\/site\/wp-json\/wp\/v2\/media?parent=16610"}],"wp:term":[{"taxonomy":"category","embeddable":true,"href":"https:\/\/www.notibras.com\/site\/wp-json\/wp\/v2\/categories?post=16610"},{"taxonomy":"post_tag","embeddable":true,"href":"https:\/\/www.notibras.com\/site\/wp-json\/wp\/v2\/tags?post=16610"}],"curies":[{"name":"wp","href":"https:\/\/api.w.org\/{rel}","templated":true}]}}