{"id":16637,"date":"2014-07-18T18:02:53","date_gmt":"2014-07-18T21:02:53","guid":{"rendered":"http:\/\/www.notibras.com\/site\/?p=16637"},"modified":"2014-07-18T18:02:53","modified_gmt":"2014-07-18T21:02:53","slug":"lula-coloca-padilha-no-colo-da-a-mao-a-haddad-e-ataca-falta-de-agua","status":"publish","type":"post","link":"https:\/\/www.notibras.com\/site\/lula-coloca-padilha-no-colo-da-a-mao-a-haddad-e-ataca-falta-de-agua\/","title":{"rendered":"Lula coloca Padilha no colo, d\u00e1 a m\u00e3o a Haddad e ataca falta de \u00e1gua"},"content":{"rendered":"<p>No primeiro grande ato de campanha ao lado de Alexandre Padilha, candidato do PT ao governo de S\u00e3o Paulo, o ex-presidente Luiz In\u00e1cio Lula da Silva criticou a crise de abastecimento de \u00e1gua pela qual passa o Estado e aproveitou para sair em defesa do prefeito Fernando Haddad (PT). Setores da campanha petista acreditam que a baixa popularidade do prefeito\u00a0prejudica a candidatura de Padilha. Em seu discurso, Lula insistiu na ideia de que o Haddad &#8220;precisa falar bem das coisas que est\u00e1 fazendo&#8221;.<\/p>\n<p class=\"text\">&#8220;Nunca tivemos um companheiro com a compet\u00eancia de Fernando Haddad&#8221;, disse Lula, recebendo poucos aplausos da multid\u00e3o que acompanhava o ato nesta sexta-feira, na pra\u00e7a da S\u00e9. &#8220;Esses rapaz acabou com a aprova\u00e7\u00e3o continuada. Se voc\u00ea tivesse feito s\u00f3 isso, j\u00e1 valeria a pena voc\u00ea ter sido eleito prefeito de S\u00e3o Paulo&#8221;, continuou o ex-presidente, que ainda listou a cria\u00e7\u00e3o do Bilhete \u00danico Mensal e das faixas exclusivas de \u00f4nibus na capital.<\/p>\n<blockquote>\n<p class=\"text\">Ao pedir votos para Padilha, Lula criticou a atual crise da \u00e1gua, que atinge diretamente o governador Geraldo Alckmin (PSDB), candidato \u00e0 reelei\u00e7\u00e3o. &#8220;Os tucanos est\u00e3o no poder h\u00e1 mais de 20 anos. N\u00e3o sei quantos banhos por dia toma o governador, mas na periferia o povo n\u00e3o tem \u00e1gua pra beber, nem pra lavar lou\u00e7a. Se ele n\u00e3o sabe disso, \u00e9 bom algu\u00e9m contar&#8221;, disse Lula. Em seguida, o ex-presidente pediu\u00a0um copo de \u00e1gua e ironizou:\u00a0&#8220;Se a Cantareira pode ficar sem \u00e1gua, a minha garganta n\u00e3o pode&#8221;.<\/p>\n<\/blockquote>\n<p class=\"text\">Antes, Padilha j\u00e1 havia dito, mais uma vez, que far\u00e1 &#8220;em quatro anos as obras que o PSDB n\u00e3o fez em 20 anos&#8221;.\u00a0O candidato do PT chegou por volta das 11h30 desta sexta-feira \u00e0 pra\u00e7a do Patriarca, no centro da capital, para sua primeira caminhada de campanha, que contou com a presen\u00e7a de Eduardo Suplicy (PT), candidato \u00e0 reelei\u00e7\u00e3o no Senado, e de v\u00e1rios prefeitos petistas da regi\u00e3o metropolitana, como Luiz Marinho, prefeito de S\u00e3o Bernardo do Campo.<\/p>\n","protected":false},"excerpt":{"rendered":"<p>No primeiro grande ato de campanha ao lado de Alexandre Padilha, candidato do PT ao governo de S\u00e3o Paulo, o ex-presidente Luiz In\u00e1cio Lula da Silva criticou a crise de abastecimento de \u00e1gua pela qual passa o Estado e aproveitou para sair em defesa do prefeito Fernando Haddad (PT). Setores da campanha petista acreditam que [&hellip;]<\/p>\n","protected":false},"author":2,"featured_media":16638,"comment_status":"open","ping_status":"closed","sticky":false,"template":"","format":"standard","meta":{"_acf_changed":false,"footnotes":""},"categories":[33],"tags":[],"class_list":["post-16637","post","type-post","status-publish","format-standard","has-post-thumbnail","hentry","category-eleicoes-2014"],"acf":[],"_links":{"self":[{"href":"https:\/\/www.notibras.com\/site\/wp-json\/wp\/v2\/posts\/16637","targetHints":{"allow":["GET"]}}],"collection":[{"href":"https:\/\/www.notibras.com\/site\/wp-json\/wp\/v2\/posts"}],"about":[{"href":"https:\/\/www.notibras.com\/site\/wp-json\/wp\/v2\/types\/post"}],"author":[{"embeddable":true,"href":"https:\/\/www.notibras.com\/site\/wp-json\/wp\/v2\/users\/2"}],"replies":[{"embeddable":true,"href":"https:\/\/www.notibras.com\/site\/wp-json\/wp\/v2\/comments?post=16637"}],"version-history":[{"count":0,"href":"https:\/\/www.notibras.com\/site\/wp-json\/wp\/v2\/posts\/16637\/revisions"}],"wp:featuredmedia":[{"embeddable":true,"href":"https:\/\/www.notibras.com\/site\/wp-json\/wp\/v2\/media\/16638"}],"wp:attachment":[{"href":"https:\/\/www.notibras.com\/site\/wp-json\/wp\/v2\/media?parent=16637"}],"wp:term":[{"taxonomy":"category","embeddable":true,"href":"https:\/\/www.notibras.com\/site\/wp-json\/wp\/v2\/categories?post=16637"},{"taxonomy":"post_tag","embeddable":true,"href":"https:\/\/www.notibras.com\/site\/wp-json\/wp\/v2\/tags?post=16637"}],"curies":[{"name":"wp","href":"https:\/\/api.w.org\/{rel}","templated":true}]}}