{"id":16640,"date":"2014-07-18T18:06:32","date_gmt":"2014-07-18T21:06:32","guid":{"rendered":"http:\/\/www.notibras.com\/site\/?p=16640"},"modified":"2014-07-18T18:06:32","modified_gmt":"2014-07-18T21:06:32","slug":"aecio-neves-compara-o-brasil-a-um-cemiterio-de-obras-inacabadas","status":"publish","type":"post","link":"https:\/\/www.notibras.com\/site\/aecio-neves-compara-o-brasil-a-um-cemiterio-de-obras-inacabadas\/","title":{"rendered":"A\u00e9cio Neves compara o Brasil a um cemit\u00e9rio de obras inacabadas"},"content":{"rendered":"<p>O candidato \u00e0 Presid\u00eancia pelo PSDB, senador A\u00e9cio Neves, disse que o Brasil \u00e9 \u201cum cemit\u00e9rio de obras inacabadas\u201d e defendeu \u201cum novo ciclo\u201d no governo federal. A\u00e9cio participou em Santa Catarina na quinta-feira do lan\u00e7amento da candidatura do tucano Paulo Bauer ao governo. Em coletiva, ele destacou que a elei\u00e7\u00e3o presidencial de outubro significa mais do \u201cvit\u00f3ria ou derrota\u201d de partidos pol\u00edticos.<\/p>\n<p class=\"text\">\u201c\u00c9 muito mais do que uma elei\u00e7\u00e3o, ou a derrota ou vit\u00f3ria dos partidos. O que est\u00e1 em jogo \u00e9 um modelo e uma vis\u00e3o de gest\u00e3o p\u00fablica diferente dessa que est\u00e1 a\u00ed\u201d, disse. \u201cTenho convic\u00e7\u00e3o que o Brasil vive um modelo que fracassou na economia, na gest\u00e3o do Estado e na infraestrutura. Hoje somos um grande cemit\u00e9rio de obras inacabadas.\u201d<\/p>\n<blockquote>\n<p class=\"text\">No entendimento do candidato, o governo da presidente Dilma Rousseff teria falhado na quest\u00e3o social, principal ponto apontado pelo PT durante a campanha. \u201cGastam milh\u00f5es em a\u00e7\u00f5es publicit\u00e1rias para vender o que n\u00e3o existe. O governo falhou tamb\u00e9m na melhoria dos indicadores sociais. A sa\u00fade p\u00fablica \u00e9 tr\u00e1gica, e h\u00e1 omiss\u00e3o nos cen\u00e1rios de educa\u00e7\u00e3o e seguran\u00e7a p\u00fablica. Resumindo: estamos no final da fila.\u201d<\/p>\n<\/blockquote>\n<p class=\"text\">Acompanhado de Bauer e do candidato ao Senado pelo PSB, Paulo Bornhausen, A\u00e9cio Neves defendeu um projeto de reforma tribut\u00e1ria para estimular o empreendedorismo e a produ\u00e7\u00e3o industrial no Pa\u00eds. \u201cA nossa classe m\u00e9dia n\u00e3o tem perspectiva de crescimento. Queremos um sistema tribut\u00e1rio simplificado para dar maior competividade para aqueles que empreendem e produzem neste pa\u00eds\u201d, disse, criticando a pol\u00edtica econ\u00f4mica do governo Dilma.<\/p>\n<p class=\"text\">\u201cO PT vai deixar o Pa\u00eds a partir de 2015 com o com o pior dos cen\u00e1rios. Temos estagna\u00e7\u00e3o do crescimento, com \u00edndice de 1% ao ano, que \u00e9 o menor de toda a Am\u00e9rica Latina.\u00a0O triste \u00e9 que, se olharmos para o futuro, n\u00e3o enxergamos capacidade para voltar a crescer. Isso aumenta o pessimismo e retrai investimentos.\u201d<\/p>\n","protected":false},"excerpt":{"rendered":"<p>O candidato \u00e0 Presid\u00eancia pelo PSDB, senador A\u00e9cio Neves, disse que o Brasil \u00e9 \u201cum cemit\u00e9rio de obras inacabadas\u201d e defendeu \u201cum novo ciclo\u201d no governo federal. A\u00e9cio participou em Santa Catarina na quinta-feira do lan\u00e7amento da candidatura do tucano Paulo Bauer ao governo. Em coletiva, ele destacou que a elei\u00e7\u00e3o presidencial de outubro significa [&hellip;]<\/p>\n","protected":false},"author":2,"featured_media":16641,"comment_status":"open","ping_status":"closed","sticky":false,"template":"","format":"standard","meta":{"_acf_changed":false,"footnotes":""},"categories":[33],"tags":[],"class_list":["post-16640","post","type-post","status-publish","format-standard","has-post-thumbnail","hentry","category-eleicoes-2014"],"acf":[],"_links":{"self":[{"href":"https:\/\/www.notibras.com\/site\/wp-json\/wp\/v2\/posts\/16640","targetHints":{"allow":["GET"]}}],"collection":[{"href":"https:\/\/www.notibras.com\/site\/wp-json\/wp\/v2\/posts"}],"about":[{"href":"https:\/\/www.notibras.com\/site\/wp-json\/wp\/v2\/types\/post"}],"author":[{"embeddable":true,"href":"https:\/\/www.notibras.com\/site\/wp-json\/wp\/v2\/users\/2"}],"replies":[{"embeddable":true,"href":"https:\/\/www.notibras.com\/site\/wp-json\/wp\/v2\/comments?post=16640"}],"version-history":[{"count":0,"href":"https:\/\/www.notibras.com\/site\/wp-json\/wp\/v2\/posts\/16640\/revisions"}],"wp:featuredmedia":[{"embeddable":true,"href":"https:\/\/www.notibras.com\/site\/wp-json\/wp\/v2\/media\/16641"}],"wp:attachment":[{"href":"https:\/\/www.notibras.com\/site\/wp-json\/wp\/v2\/media?parent=16640"}],"wp:term":[{"taxonomy":"category","embeddable":true,"href":"https:\/\/www.notibras.com\/site\/wp-json\/wp\/v2\/categories?post=16640"},{"taxonomy":"post_tag","embeddable":true,"href":"https:\/\/www.notibras.com\/site\/wp-json\/wp\/v2\/tags?post=16640"}],"curies":[{"name":"wp","href":"https:\/\/api.w.org\/{rel}","templated":true}]}}