{"id":16646,"date":"2014-07-18T18:28:51","date_gmt":"2014-07-18T21:28:51","guid":{"rendered":"http:\/\/www.notibras.com\/site\/?p=16646"},"modified":"2014-07-18T18:28:51","modified_gmt":"2014-07-18T21:28:51","slug":"terceiro-em-pesquisa-eduardo-admite-que-povo-nao-o-conhece","status":"publish","type":"post","link":"https:\/\/www.notibras.com\/site\/terceiro-em-pesquisa-eduardo-admite-que-povo-nao-o-conhece\/","title":{"rendered":"Terceiro em pesquisa, Eduardo admite que povo n\u00e3o o conhece"},"content":{"rendered":"<p>O candidato do PSB \u00e0 Presid\u00eancia da Rep\u00fablica, Eduardo Campos, disse nesta sexta-feira (18), durante atos de campanha em cidades da Grande S\u00e3o Paulo, que sua candidatura ainda \u00e9 desconhecida, mas que tem espa\u00e7o para crescer junto ao eleitorado.<\/p>\n<p>Campos deu a declara\u00e7\u00e3o ao ser questionado por jornalistas sobre a pesquisa Datafolha onde aparece em terceiro lugar, com 8% das inten\u00e7\u00f5es de voto, atr\u00e1s de A\u00e9cio Neves (PSDB), que tem 20%, e da presidente Dilma Rousseff (PT), com 36%.<\/p>\n<p>O candidato do PSB ressaltou que os principais concorrentes tamb\u00e9m n\u00e3o cresceram nas \u00faltimas pesquisas. Segundo Campos, ele, diferente dos rivais, ainda \u00e9 &#8220;desconhecido&#8221; do eleitorado, por isso tem espa\u00e7o para crescer.<\/p>\n<blockquote><p>\u201cO resultado da pesquisa mostrou claramente o governo em queda [&#8230;] O candidato da oposi\u00e7\u00e3o cl\u00e1ssica est\u00e1 parado, e tem muito conhecimento [por parte do eleitorado]. A gente tamb\u00e9m est\u00e1 sem apresentar uma curva de crescimento, por causa do desconhecimento\u201d, afirmou Campos durante caminhada pela cidade de Itapecerica da Serra.\u00a0 \u201c\u00c0 medida que a campanha se inicie e a gente divulgue, quem tem potencial de crescimento somos n\u00f3s\u201d, completou o candidato.<\/p><\/blockquote>\n<p>Ele afirmou que as sondagens mostram que sua candidatura tem um \u00edndice baixo de rejei\u00e7\u00e3o em um eventual segundo turno. \u201cMesmo com baixo conhecimento, temos uma performance que se assemelha a da oposi\u00e7\u00e3o. Ent\u00e3o estamos muito animados\u201d, declarou.<\/p>\n","protected":false},"excerpt":{"rendered":"<p>O candidato do PSB \u00e0 Presid\u00eancia da Rep\u00fablica, Eduardo Campos, disse nesta sexta-feira (18), durante atos de campanha em cidades da Grande S\u00e3o Paulo, que sua candidatura ainda \u00e9 desconhecida, mas que tem espa\u00e7o para crescer junto ao eleitorado. Campos deu a declara\u00e7\u00e3o ao ser questionado por jornalistas sobre a pesquisa Datafolha onde aparece em [&hellip;]<\/p>\n","protected":false},"author":2,"featured_media":16647,"comment_status":"open","ping_status":"closed","sticky":false,"template":"","format":"standard","meta":{"_acf_changed":false,"footnotes":""},"categories":[33],"tags":[],"class_list":["post-16646","post","type-post","status-publish","format-standard","has-post-thumbnail","hentry","category-eleicoes-2014"],"acf":[],"_links":{"self":[{"href":"https:\/\/www.notibras.com\/site\/wp-json\/wp\/v2\/posts\/16646","targetHints":{"allow":["GET"]}}],"collection":[{"href":"https:\/\/www.notibras.com\/site\/wp-json\/wp\/v2\/posts"}],"about":[{"href":"https:\/\/www.notibras.com\/site\/wp-json\/wp\/v2\/types\/post"}],"author":[{"embeddable":true,"href":"https:\/\/www.notibras.com\/site\/wp-json\/wp\/v2\/users\/2"}],"replies":[{"embeddable":true,"href":"https:\/\/www.notibras.com\/site\/wp-json\/wp\/v2\/comments?post=16646"}],"version-history":[{"count":0,"href":"https:\/\/www.notibras.com\/site\/wp-json\/wp\/v2\/posts\/16646\/revisions"}],"wp:featuredmedia":[{"embeddable":true,"href":"https:\/\/www.notibras.com\/site\/wp-json\/wp\/v2\/media\/16647"}],"wp:attachment":[{"href":"https:\/\/www.notibras.com\/site\/wp-json\/wp\/v2\/media?parent=16646"}],"wp:term":[{"taxonomy":"category","embeddable":true,"href":"https:\/\/www.notibras.com\/site\/wp-json\/wp\/v2\/categories?post=16646"},{"taxonomy":"post_tag","embeddable":true,"href":"https:\/\/www.notibras.com\/site\/wp-json\/wp\/v2\/tags?post=16646"}],"curies":[{"name":"wp","href":"https:\/\/api.w.org\/{rel}","templated":true}]}}