{"id":1665,"date":"2014-02-14T17:23:54","date_gmt":"2014-02-14T20:23:54","guid":{"rendered":"http:\/\/www.notibras.com\/site\/?p=1665"},"modified":"2014-02-14T18:47:29","modified_gmt":"2014-02-14T21:47:29","slug":"cartucheira-secretario-de-planejamento-preso-por-estuprar-menina","status":"publish","type":"post","link":"https:\/\/www.notibras.com\/site\/cartucheira-secretario-de-planejamento-preso-por-estuprar-menina\/","title":{"rendered":"Cartucheira, secret\u00e1rio de prefeitura, preso por estuprar menina de 11"},"content":{"rendered":"<p>O ex-secret\u00e1rio de planejamento da prefeitura de Novo Santo Ant\u00f4nio (MT) Ant\u00f4nio Ferreira Brito, 37 anos, conhecido por \u201cAnt\u00f4nio Cartucheira\u201d, foi preso na quinta-feira acusado de estuprar uma menina de 11 anos. O crime foi denunciado em dezembro de 2013, pelo pai da menina.<\/p>\n<p>A pris\u00e3o do ex-secret\u00e1rio ocorreu por meio de mandado de pris\u00e3o preventiva representado pelo delegado Rog\u00e9rio da Silva Ferreira, e deferido pelo juiz Pedro Flory Diniz Nogueira, da comarca de S\u00e3o F\u00e9lix do Araguaia. O secret\u00e1rio recebeu voz de pris\u00e3o em sua resid\u00eancia em Novo Santo Ant\u00f4nio.<\/p>\n<p>Segundo o delegado, em dezembro o ex-secret\u00e1rio teve a pris\u00e3o decretada, ficou um m\u00eas foragido, e depois conseguiu reverter o mandado. No entanto, um novo pedido de pris\u00e3o foi encaminhado \u00e0 Justi\u00e7a, depois que a pol\u00edcia reuniu novas evid\u00eancias do crime cometido pelo secret\u00e1rio.<\/p>\n<p>Nas investiga\u00e7\u00f5es realizadas pela Pol\u00edcia Judici\u00e1ria Civil, um laudo de exame de corpo de delito concluiu que a v\u00edtima passou por conjun\u00e7\u00e3o carnal e atos libidinosos, conforme tinha alegado em suas declara\u00e7\u00f5es. Al\u00e9m do laudo t\u00e9cnico, depoimentos colhidos pela Pol\u00edcia Civil demonstram que a menina j\u00e1 havia reclamado para uma colega de escola que Ant\u00f4nio Ferreira Brito costuma esperar seu pai, que \u00e9 vizinho dele, sair de casa para ir at\u00e9 sua resid\u00eancia, onde ele \u201cpuxava sua blusa e apalpava seus os seios, isso desde os quando tinha 8 anos de idade\u201d, destaca a menina em declara\u00e7\u00f5es.<\/p>\n<p>Em outras declara\u00e7\u00f5es colhidas pelo delegado, testemunhas indicam que o suspeito tinha o h\u00e1bito de observar as vizinhas escondido, enquanto elas trocavam de roupa ou tomavam banho.<\/p>\n<p>Com a pris\u00e3o do ex-secret\u00e1rio, a Pol\u00edcia Judici\u00e1ria Civil espera que eventuais v\u00edtimas, ainda n\u00e3o identificadas, que possam ter sofrido abusos sexuais cometidos por ele e que n\u00e3o denunciaram na \u00e9poca dos fatos, procurem a delegacia para denunciar crimes.<\/p>\n<p>Para o delegado, a pris\u00e3o \u00e9 um passo importante na preven\u00e7\u00e3o da pr\u00e1tica de novos crimes pelo suspeito e no sentido de encorajar eventuais v\u00edtimas a denunciar outros casos. \u201cIsso demonstra que a Pol\u00edcia e a Justi\u00e7a est\u00e3o atentas e que nos crimes contra dignidade sexual a palavra da v\u00edtima vale muito, independentemente do crime ter ocorrido h\u00e1 dias, meses ou anos, e de haver ou n\u00e3o testemunhas dos fatos\u201d, afirma o delegado Rog\u00e9rio.<\/p>\n<p>Conforme o delegado, a popula\u00e7\u00e3o de Novo Santo Ant\u00f4nio comemorou a pris\u00e3o do suspeito e o sentimento de justi\u00e7a, com fogos em reconhecimento ao bom trabalho desempenhado pelas policias Civil e Militar do munic\u00edpio.<\/p>\n","protected":false},"excerpt":{"rendered":"<p>O ex-secret\u00e1rio de planejamento da prefeitura de Novo Santo Ant\u00f4nio (MT) Ant\u00f4nio Ferreira Brito, 37 anos, conhecido por \u201cAnt\u00f4nio Cartucheira\u201d, foi preso na quinta-feira acusado de estuprar uma menina de 11 anos. O crime foi denunciado em dezembro de 2013, pelo pai da menina. A pris\u00e3o do ex-secret\u00e1rio ocorreu por meio de mandado de pris\u00e3o [&hellip;]<\/p>\n","protected":false},"author":2,"featured_media":1666,"comment_status":"open","ping_status":"closed","sticky":false,"template":"","format":"standard","meta":{"_acf_changed":false,"footnotes":""},"categories":[16],"tags":[],"class_list":["post-1665","post","type-post","status-publish","format-standard","has-post-thumbnail","hentry","category-brasil"],"acf":[],"yoast_head":"<!-- This site is optimized with the Yoast SEO plugin v27.2 - https:\/\/yoast.com\/product\/yoast-seo-wordpress\/ -->\n<title>Cartucheira, secret\u00e1rio de prefeitura, preso por estuprar menina de 11 - Notibras<\/title>\n<meta name=\"robots\" content=\"index, follow, max-snippet:-1, max-image-preview:large, max-video-preview:-1\" \/>\n<link rel=\"canonical\" href=\"https:\/\/www.notibras.com\/site\/cartucheira-secretario-de-planejamento-preso-por-estuprar-menina\/\" \/>\n<meta property=\"og:locale\" content=\"pt_BR\" \/>\n<meta property=\"og:type\" content=\"article\" \/>\n<meta property=\"og:title\" content=\"Cartucheira, secret\u00e1rio de prefeitura, preso por estuprar menina de 11 - Notibras\" \/>\n<meta property=\"og:description\" content=\"O ex-secret\u00e1rio de planejamento da prefeitura de Novo Santo Ant\u00f4nio (MT) Ant\u00f4nio Ferreira Brito, 37 anos, conhecido por \u201cAnt\u00f4nio Cartucheira\u201d, foi preso na quinta-feira acusado de estuprar uma menina de 11 anos. O crime foi denunciado em dezembro de 2013, pelo pai da menina. A pris\u00e3o do ex-secret\u00e1rio ocorreu por meio de mandado de pris\u00e3o [&hellip;]\" \/>\n<meta property=\"og:url\" content=\"https:\/\/www.notibras.com\/site\/cartucheira-secretario-de-planejamento-preso-por-estuprar-menina\/\" \/>\n<meta property=\"og:site_name\" content=\"Notibras\" \/>\n<meta property=\"article:publisher\" content=\"https:\/\/www.facebook.com\/notibras\/\" \/>\n<meta property=\"article:published_time\" content=\"2014-02-14T20:23:54+00:00\" \/>\n<meta property=\"article:modified_time\" content=\"2014-02-14T21:47:29+00:00\" \/>\n<meta property=\"og:image\" content=\"https:\/\/www.notibras.com\/site\/wp-content\/uploads\/2014\/02\/algemado.jpg\" \/>\n\t<meta property=\"og:image:width\" content=\"400\" \/>\n\t<meta property=\"og:image:height\" content=\"300\" \/>\n\t<meta property=\"og:image:type\" content=\"image\/jpeg\" \/>\n<meta name=\"author\" content=\"Reda\u00e7\u00e3o\" \/>\n<meta name=\"twitter:card\" content=\"summary_large_image\" \/>\n<meta name=\"twitter:creator\" content=\"@Notibras\" \/>\n<meta name=\"twitter:site\" content=\"@Notibras\" \/>\n<meta name=\"twitter:label1\" content=\"Escrito por\" \/>\n\t<meta name=\"twitter:data1\" content=\"Reda\u00e7\u00e3o\" \/>\n\t<meta name=\"twitter:label2\" content=\"Est. tempo de leitura\" \/>\n\t<meta name=\"twitter:data2\" content=\"2 minutos\" \/>\n<script type=\"application\/ld+json\" class=\"yoast-schema-graph\">{\"@context\":\"https:\/\/schema.org\",\"@graph\":[{\"@type\":\"Article\",\"@id\":\"https:\/\/www.notibras.com\/site\/cartucheira-secretario-de-planejamento-preso-por-estuprar-menina\/#article\",\"isPartOf\":{\"@id\":\"https:\/\/www.notibras.com\/site\/cartucheira-secretario-de-planejamento-preso-por-estuprar-menina\/\"},\"author\":{\"name\":\"Reda\u00e7\u00e3o\",\"@id\":\"https:\/\/www.notibras.com\/site\/#\/schema\/person\/36ab0979449956132d3e5b517ea76ac8\"},\"headline\":\"Cartucheira, secret\u00e1rio de prefeitura, preso por estuprar menina de 11\",\"datePublished\":\"2014-02-14T20:23:54+00:00\",\"dateModified\":\"2014-02-14T21:47:29+00:00\",\"mainEntityOfPage\":{\"@id\":\"https:\/\/www.notibras.com\/site\/cartucheira-secretario-de-planejamento-preso-por-estuprar-menina\/\"},\"wordCount\":467,\"commentCount\":0,\"publisher\":{\"@id\":\"https:\/\/www.notibras.com\/site\/#organization\"},\"image\":{\"@id\":\"https:\/\/www.notibras.com\/site\/cartucheira-secretario-de-planejamento-preso-por-estuprar-menina\/#primaryimage\"},\"thumbnailUrl\":\"https:\/\/www.notibras.com\/site\/wp-content\/uploads\/2014\/02\/algemado.jpg\",\"articleSection\":[\"Brasil\"],\"inLanguage\":\"pt-BR\",\"potentialAction\":[{\"@type\":\"CommentAction\",\"name\":\"Comment\",\"target\":[\"https:\/\/www.notibras.com\/site\/cartucheira-secretario-de-planejamento-preso-por-estuprar-menina\/#respond\"]}]},{\"@type\":\"WebPage\",\"@id\":\"https:\/\/www.notibras.com\/site\/cartucheira-secretario-de-planejamento-preso-por-estuprar-menina\/\",\"url\":\"https:\/\/www.notibras.com\/site\/cartucheira-secretario-de-planejamento-preso-por-estuprar-menina\/\",\"name\":\"Cartucheira, secret\u00e1rio de prefeitura, preso por estuprar menina de 11 - Notibras\",\"isPartOf\":{\"@id\":\"https:\/\/www.notibras.com\/site\/#website\"},\"primaryImageOfPage\":{\"@id\":\"https:\/\/www.notibras.com\/site\/cartucheira-secretario-de-planejamento-preso-por-estuprar-menina\/#primaryimage\"},\"image\":{\"@id\":\"https:\/\/www.notibras.com\/site\/cartucheira-secretario-de-planejamento-preso-por-estuprar-menina\/#primaryimage\"},\"thumbnailUrl\":\"https:\/\/www.notibras.com\/site\/wp-content\/uploads\/2014\/02\/algemado.jpg\",\"datePublished\":\"2014-02-14T20:23:54+00:00\",\"dateModified\":\"2014-02-14T21:47:29+00:00\",\"breadcrumb\":{\"@id\":\"https:\/\/www.notibras.com\/site\/cartucheira-secretario-de-planejamento-preso-por-estuprar-menina\/#breadcrumb\"},\"inLanguage\":\"pt-BR\",\"potentialAction\":[{\"@type\":\"ReadAction\",\"target\":[\"https:\/\/www.notibras.com\/site\/cartucheira-secretario-de-planejamento-preso-por-estuprar-menina\/\"]}]},{\"@type\":\"ImageObject\",\"inLanguage\":\"pt-BR\",\"@id\":\"https:\/\/www.notibras.com\/site\/cartucheira-secretario-de-planejamento-preso-por-estuprar-menina\/#primaryimage\",\"url\":\"https:\/\/www.notibras.com\/site\/wp-content\/uploads\/2014\/02\/algemado.jpg\",\"contentUrl\":\"https:\/\/www.notibras.com\/site\/wp-content\/uploads\/2014\/02\/algemado.jpg\",\"width\":400,\"height\":300},{\"@type\":\"BreadcrumbList\",\"@id\":\"https:\/\/www.notibras.com\/site\/cartucheira-secretario-de-planejamento-preso-por-estuprar-menina\/#breadcrumb\",\"itemListElement\":[{\"@type\":\"ListItem\",\"position\":1,\"name\":\"In\u00edcio\",\"item\":\"https:\/\/www.notibras.com\/site\/\"},{\"@type\":\"ListItem\",\"position\":2,\"name\":\"Cartucheira, secret\u00e1rio de prefeitura, preso por estuprar menina de 11\"}]},{\"@type\":\"WebSite\",\"@id\":\"https:\/\/www.notibras.com\/site\/#website\",\"url\":\"https:\/\/www.notibras.com\/site\/\",\"name\":\"Notibras\",\"description\":\"Not\u00edcias de Bras\u00edlia, do Brasil e do Mundo\",\"publisher\":{\"@id\":\"https:\/\/www.notibras.com\/site\/#organization\"},\"potentialAction\":[{\"@type\":\"SearchAction\",\"target\":{\"@type\":\"EntryPoint\",\"urlTemplate\":\"https:\/\/www.notibras.com\/site\/?s={search_term_string}\"},\"query-input\":{\"@type\":\"PropertyValueSpecification\",\"valueRequired\":true,\"valueName\":\"search_term_string\"}}],\"inLanguage\":\"pt-BR\"},{\"@type\":\"Organization\",\"@id\":\"https:\/\/www.notibras.com\/site\/#organization\",\"name\":\"Grupo Notibras de Comunica\u00e7\u00e3o\",\"url\":\"https:\/\/www.notibras.com\/site\/\",\"logo\":{\"@type\":\"ImageObject\",\"inLanguage\":\"pt-BR\",\"@id\":\"https:\/\/www.notibras.com\/site\/#\/schema\/logo\/image\/\",\"url\":\"https:\/\/www.notibras.com\/site\/wp-content\/uploads\/2023\/01\/notibras23.png\",\"contentUrl\":\"https:\/\/www.notibras.com\/site\/wp-content\/uploads\/2023\/01\/notibras23.png\",\"width\":350,\"height\":87,\"caption\":\"Grupo Notibras de Comunica\u00e7\u00e3o\"},\"image\":{\"@id\":\"https:\/\/www.notibras.com\/site\/#\/schema\/logo\/image\/\"},\"sameAs\":[\"https:\/\/www.facebook.com\/notibras\/\",\"https:\/\/x.com\/Notibras\",\"https:\/\/www.instagram.com\/notibras\/\"]},{\"@type\":\"Person\",\"@id\":\"https:\/\/www.notibras.com\/site\/#\/schema\/person\/36ab0979449956132d3e5b517ea76ac8\",\"name\":\"Reda\u00e7\u00e3o\",\"image\":{\"@type\":\"ImageObject\",\"inLanguage\":\"pt-BR\",\"@id\":\"https:\/\/secure.gravatar.com\/avatar\/e0a867bdedb85fd243eadf09663511f96fc81e0720a4a42581f334ad4303aa6b?s=96&d=mm&r=g\",\"url\":\"https:\/\/secure.gravatar.com\/avatar\/e0a867bdedb85fd243eadf09663511f96fc81e0720a4a42581f334ad4303aa6b?s=96&d=mm&r=g\",\"contentUrl\":\"https:\/\/secure.gravatar.com\/avatar\/e0a867bdedb85fd243eadf09663511f96fc81e0720a4a42581f334ad4303aa6b?s=96&d=mm&r=g\",\"caption\":\"Reda\u00e7\u00e3o\"}}]}<\/script>\n<!-- \/ Yoast SEO plugin. -->","yoast_head_json":{"title":"Cartucheira, secret\u00e1rio de prefeitura, preso por estuprar menina de 11 - Notibras","robots":{"index":"index","follow":"follow","max-snippet":"max-snippet:-1","max-image-preview":"max-image-preview:large","max-video-preview":"max-video-preview:-1"},"canonical":"https:\/\/www.notibras.com\/site\/cartucheira-secretario-de-planejamento-preso-por-estuprar-menina\/","og_locale":"pt_BR","og_type":"article","og_title":"Cartucheira, secret\u00e1rio de prefeitura, preso por estuprar menina de 11 - Notibras","og_description":"O ex-secret\u00e1rio de planejamento da prefeitura de Novo Santo Ant\u00f4nio (MT) Ant\u00f4nio Ferreira Brito, 37 anos, conhecido por \u201cAnt\u00f4nio Cartucheira\u201d, foi preso na quinta-feira acusado de estuprar uma menina de 11 anos. O crime foi denunciado em dezembro de 2013, pelo pai da menina. A pris\u00e3o do ex-secret\u00e1rio ocorreu por meio de mandado de pris\u00e3o [&hellip;]","og_url":"https:\/\/www.notibras.com\/site\/cartucheira-secretario-de-planejamento-preso-por-estuprar-menina\/","og_site_name":"Notibras","article_publisher":"https:\/\/www.facebook.com\/notibras\/","article_published_time":"2014-02-14T20:23:54+00:00","article_modified_time":"2014-02-14T21:47:29+00:00","og_image":[{"width":400,"height":300,"url":"https:\/\/www.notibras.com\/site\/wp-content\/uploads\/2014\/02\/algemado.jpg","type":"image\/jpeg"}],"author":"Reda\u00e7\u00e3o","twitter_card":"summary_large_image","twitter_creator":"@Notibras","twitter_site":"@Notibras","twitter_misc":{"Escrito por":"Reda\u00e7\u00e3o","Est. tempo de leitura":"2 minutos"},"schema":{"@context":"https:\/\/schema.org","@graph":[{"@type":"Article","@id":"https:\/\/www.notibras.com\/site\/cartucheira-secretario-de-planejamento-preso-por-estuprar-menina\/#article","isPartOf":{"@id":"https:\/\/www.notibras.com\/site\/cartucheira-secretario-de-planejamento-preso-por-estuprar-menina\/"},"author":{"name":"Reda\u00e7\u00e3o","@id":"https:\/\/www.notibras.com\/site\/#\/schema\/person\/36ab0979449956132d3e5b517ea76ac8"},"headline":"Cartucheira, secret\u00e1rio de prefeitura, preso por estuprar menina de 11","datePublished":"2014-02-14T20:23:54+00:00","dateModified":"2014-02-14T21:47:29+00:00","mainEntityOfPage":{"@id":"https:\/\/www.notibras.com\/site\/cartucheira-secretario-de-planejamento-preso-por-estuprar-menina\/"},"wordCount":467,"commentCount":0,"publisher":{"@id":"https:\/\/www.notibras.com\/site\/#organization"},"image":{"@id":"https:\/\/www.notibras.com\/site\/cartucheira-secretario-de-planejamento-preso-por-estuprar-menina\/#primaryimage"},"thumbnailUrl":"https:\/\/www.notibras.com\/site\/wp-content\/uploads\/2014\/02\/algemado.jpg","articleSection":["Brasil"],"inLanguage":"pt-BR","potentialAction":[{"@type":"CommentAction","name":"Comment","target":["https:\/\/www.notibras.com\/site\/cartucheira-secretario-de-planejamento-preso-por-estuprar-menina\/#respond"]}]},{"@type":"WebPage","@id":"https:\/\/www.notibras.com\/site\/cartucheira-secretario-de-planejamento-preso-por-estuprar-menina\/","url":"https:\/\/www.notibras.com\/site\/cartucheira-secretario-de-planejamento-preso-por-estuprar-menina\/","name":"Cartucheira, secret\u00e1rio de prefeitura, preso por estuprar menina de 11 - Notibras","isPartOf":{"@id":"https:\/\/www.notibras.com\/site\/#website"},"primaryImageOfPage":{"@id":"https:\/\/www.notibras.com\/site\/cartucheira-secretario-de-planejamento-preso-por-estuprar-menina\/#primaryimage"},"image":{"@id":"https:\/\/www.notibras.com\/site\/cartucheira-secretario-de-planejamento-preso-por-estuprar-menina\/#primaryimage"},"thumbnailUrl":"https:\/\/www.notibras.com\/site\/wp-content\/uploads\/2014\/02\/algemado.jpg","datePublished":"2014-02-14T20:23:54+00:00","dateModified":"2014-02-14T21:47:29+00:00","breadcrumb":{"@id":"https:\/\/www.notibras.com\/site\/cartucheira-secretario-de-planejamento-preso-por-estuprar-menina\/#breadcrumb"},"inLanguage":"pt-BR","potentialAction":[{"@type":"ReadAction","target":["https:\/\/www.notibras.com\/site\/cartucheira-secretario-de-planejamento-preso-por-estuprar-menina\/"]}]},{"@type":"ImageObject","inLanguage":"pt-BR","@id":"https:\/\/www.notibras.com\/site\/cartucheira-secretario-de-planejamento-preso-por-estuprar-menina\/#primaryimage","url":"https:\/\/www.notibras.com\/site\/wp-content\/uploads\/2014\/02\/algemado.jpg","contentUrl":"https:\/\/www.notibras.com\/site\/wp-content\/uploads\/2014\/02\/algemado.jpg","width":400,"height":300},{"@type":"BreadcrumbList","@id":"https:\/\/www.notibras.com\/site\/cartucheira-secretario-de-planejamento-preso-por-estuprar-menina\/#breadcrumb","itemListElement":[{"@type":"ListItem","position":1,"name":"In\u00edcio","item":"https:\/\/www.notibras.com\/site\/"},{"@type":"ListItem","position":2,"name":"Cartucheira, secret\u00e1rio de prefeitura, preso por estuprar menina de 11"}]},{"@type":"WebSite","@id":"https:\/\/www.notibras.com\/site\/#website","url":"https:\/\/www.notibras.com\/site\/","name":"Notibras","description":"Not\u00edcias de Bras\u00edlia, do Brasil e do Mundo","publisher":{"@id":"https:\/\/www.notibras.com\/site\/#organization"},"potentialAction":[{"@type":"SearchAction","target":{"@type":"EntryPoint","urlTemplate":"https:\/\/www.notibras.com\/site\/?s={search_term_string}"},"query-input":{"@type":"PropertyValueSpecification","valueRequired":true,"valueName":"search_term_string"}}],"inLanguage":"pt-BR"},{"@type":"Organization","@id":"https:\/\/www.notibras.com\/site\/#organization","name":"Grupo Notibras de Comunica\u00e7\u00e3o","url":"https:\/\/www.notibras.com\/site\/","logo":{"@type":"ImageObject","inLanguage":"pt-BR","@id":"https:\/\/www.notibras.com\/site\/#\/schema\/logo\/image\/","url":"https:\/\/www.notibras.com\/site\/wp-content\/uploads\/2023\/01\/notibras23.png","contentUrl":"https:\/\/www.notibras.com\/site\/wp-content\/uploads\/2023\/01\/notibras23.png","width":350,"height":87,"caption":"Grupo Notibras de Comunica\u00e7\u00e3o"},"image":{"@id":"https:\/\/www.notibras.com\/site\/#\/schema\/logo\/image\/"},"sameAs":["https:\/\/www.facebook.com\/notibras\/","https:\/\/x.com\/Notibras","https:\/\/www.instagram.com\/notibras\/"]},{"@type":"Person","@id":"https:\/\/www.notibras.com\/site\/#\/schema\/person\/36ab0979449956132d3e5b517ea76ac8","name":"Reda\u00e7\u00e3o","image":{"@type":"ImageObject","inLanguage":"pt-BR","@id":"https:\/\/secure.gravatar.com\/avatar\/e0a867bdedb85fd243eadf09663511f96fc81e0720a4a42581f334ad4303aa6b?s=96&d=mm&r=g","url":"https:\/\/secure.gravatar.com\/avatar\/e0a867bdedb85fd243eadf09663511f96fc81e0720a4a42581f334ad4303aa6b?s=96&d=mm&r=g","contentUrl":"https:\/\/secure.gravatar.com\/avatar\/e0a867bdedb85fd243eadf09663511f96fc81e0720a4a42581f334ad4303aa6b?s=96&d=mm&r=g","caption":"Reda\u00e7\u00e3o"}}]}},"amp_enabled":true,"_links":{"self":[{"href":"https:\/\/www.notibras.com\/site\/wp-json\/wp\/v2\/posts\/1665","targetHints":{"allow":["GET"]}}],"collection":[{"href":"https:\/\/www.notibras.com\/site\/wp-json\/wp\/v2\/posts"}],"about":[{"href":"https:\/\/www.notibras.com\/site\/wp-json\/wp\/v2\/types\/post"}],"author":[{"embeddable":true,"href":"https:\/\/www.notibras.com\/site\/wp-json\/wp\/v2\/users\/2"}],"replies":[{"embeddable":true,"href":"https:\/\/www.notibras.com\/site\/wp-json\/wp\/v2\/comments?post=1665"}],"version-history":[{"count":0,"href":"https:\/\/www.notibras.com\/site\/wp-json\/wp\/v2\/posts\/1665\/revisions"}],"wp:featuredmedia":[{"embeddable":true,"href":"https:\/\/www.notibras.com\/site\/wp-json\/wp\/v2\/media\/1666"}],"wp:attachment":[{"href":"https:\/\/www.notibras.com\/site\/wp-json\/wp\/v2\/media?parent=1665"}],"wp:term":[{"taxonomy":"category","embeddable":true,"href":"https:\/\/www.notibras.com\/site\/wp-json\/wp\/v2\/categories?post=1665"},{"taxonomy":"post_tag","embeddable":true,"href":"https:\/\/www.notibras.com\/site\/wp-json\/wp\/v2\/tags?post=1665"}],"curies":[{"name":"wp","href":"https:\/\/api.w.org\/{rel}","templated":true}]}}