{"id":16653,"date":"2014-07-18T20:21:53","date_gmt":"2014-07-18T23:21:53","guid":{"rendered":"http:\/\/www.notibras.com\/site\/?p=16653"},"modified":"2014-07-19T18:31:22","modified_gmt":"2014-07-19T21:31:22","slug":"mulheres-condenam-vagao-rosa-e-pedem-mais-respeito-aos-homens","status":"publish","type":"post","link":"https:\/\/www.notibras.com\/site\/mulheres-condenam-vagao-rosa-e-pedem-mais-respeito-aos-homens\/","title":{"rendered":"Mulheres condenam vag\u00e3o rosa e pedem mais respeito aos homens"},"content":{"rendered":"<p>Ao menos 100 pessoas participam nesta sexta-feira de um protesto contra a cria\u00e7\u00e3o de vag\u00f5es exclusivos para mulheres nos trens metr\u00f4s de S\u00e3o Paulo.<\/p>\n<p>A proposta, de autoria do deputado estadual Jorge Caruso (PMDB), foi aprovada no \u00faltimo dia 4 na Assembleia Legislativa de S\u00e3o Paulo e agora aguarda san\u00e7\u00e3o ou veto do governador Geraldo Alckmin (PSDB).<\/p>\n<p class=\"text\">O deputado defende que o objetivo do projeto \u00e9 reduzir os casos de ass\u00e9dio sexual no transporte, principalmente nos hor\u00e1rios de pico. Os movimentos, por outro lado, argumentam que a medida n\u00e3o resolve o problema e s\u00f3 aumenta a segrega\u00e7\u00e3o.<\/p>\n<blockquote>\n<p class=\"text\">&#8220;A cria\u00e7\u00e3o de um vag\u00e3o exclusivo segue a l\u00f3gica da culpabiliza\u00e7\u00e3o da mulher: a culpa (por um abuso) \u00e9 dela, da sua roupa, da sua maquiagem. E, agora, se acontecer alguma coisa a culpa vai ser novamente dela se ela n\u00e3o estiver nesse vag\u00e3o&#8221;, disse a cozinheira Lia Godoy, 20 anos, do coletivo RUA.<\/p>\n<\/blockquote>\n<p class=\"text\">&#8220;N\u00e3o \u00e9 criando um vag\u00e3o exclusivo que o problema ser\u00e1 resolvido, e sim com campanhas de conscientiza\u00e7\u00e3o. Seria muito mais eficaz treinar os seguran\u00e7as do Metr\u00f4 e da CPTM, com cursos&#8221;, afirmou a estudante Isa Penna, 23 anos, do grupo Mulheres do Psol.<\/p>\n<p class=\"text\">Mesmo que a decis\u00e3o esteja agora nas m\u00e3os do governador, as companhias de transporte j\u00e1 se manifestaram contra a medida. Em nota enviada \u00e0 imprensa, o Metr\u00f4 e a CPTM afirmaram que &#8220;entendem que a cria\u00e7\u00e3o de carro exclusivo para mulheres infringe o direito de igualdade entre g\u00eaneros \u00e0 livre mobilidade&#8221;.<\/p>\n","protected":false},"excerpt":{"rendered":"<p>Ao menos 100 pessoas participam nesta sexta-feira de um protesto contra a cria\u00e7\u00e3o de vag\u00f5es exclusivos para mulheres nos trens metr\u00f4s de S\u00e3o Paulo. A proposta, de autoria do deputado estadual Jorge Caruso (PMDB), foi aprovada no \u00faltimo dia 4 na Assembleia Legislativa de S\u00e3o Paulo e agora aguarda san\u00e7\u00e3o ou veto do governador Geraldo [&hellip;]<\/p>\n","protected":false},"author":2,"featured_media":16654,"comment_status":"open","ping_status":"closed","sticky":false,"template":"","format":"standard","meta":{"_acf_changed":false,"footnotes":""},"categories":[24],"tags":[],"class_list":["post-16653","post","type-post","status-publish","format-standard","has-post-thumbnail","hentry","category-sao-paulo"],"acf":[],"_links":{"self":[{"href":"https:\/\/www.notibras.com\/site\/wp-json\/wp\/v2\/posts\/16653","targetHints":{"allow":["GET"]}}],"collection":[{"href":"https:\/\/www.notibras.com\/site\/wp-json\/wp\/v2\/posts"}],"about":[{"href":"https:\/\/www.notibras.com\/site\/wp-json\/wp\/v2\/types\/post"}],"author":[{"embeddable":true,"href":"https:\/\/www.notibras.com\/site\/wp-json\/wp\/v2\/users\/2"}],"replies":[{"embeddable":true,"href":"https:\/\/www.notibras.com\/site\/wp-json\/wp\/v2\/comments?post=16653"}],"version-history":[{"count":0,"href":"https:\/\/www.notibras.com\/site\/wp-json\/wp\/v2\/posts\/16653\/revisions"}],"wp:featuredmedia":[{"embeddable":true,"href":"https:\/\/www.notibras.com\/site\/wp-json\/wp\/v2\/media\/16654"}],"wp:attachment":[{"href":"https:\/\/www.notibras.com\/site\/wp-json\/wp\/v2\/media?parent=16653"}],"wp:term":[{"taxonomy":"category","embeddable":true,"href":"https:\/\/www.notibras.com\/site\/wp-json\/wp\/v2\/categories?post=16653"},{"taxonomy":"post_tag","embeddable":true,"href":"https:\/\/www.notibras.com\/site\/wp-json\/wp\/v2\/tags?post=16653"}],"curies":[{"name":"wp","href":"https:\/\/api.w.org\/{rel}","templated":true}]}}