{"id":16662,"date":"2014-07-18T18:32:34","date_gmt":"2014-07-18T21:32:34","guid":{"rendered":"http:\/\/www.notibras.com\/site\/?p=16662"},"modified":"2014-07-18T20:35:36","modified_gmt":"2014-07-18T23:35:36","slug":"incendio-se-alastra-e-ameaca-flora-e-fauna-da-serra-da-canastra","status":"publish","type":"post","link":"https:\/\/www.notibras.com\/site\/incendio-se-alastra-e-ameaca-flora-e-fauna-da-serra-da-canastra\/","title":{"rendered":"Inc\u00eandio amea\u00e7a toda flora e fauna da Serra da Canastra"},"content":{"rendered":"<p>Uma parcela do Parque Nacional da Serra da Canastra, no sudoeste de Minas Gerais, est\u00e1 em chamas desde a noite da \u00faltima ter\u00e7a-feira (15). Administradores da unidade de conserva\u00e7\u00e3o de cerca de 200 mil hectares (um hectare equivale\u00a0 ao tamanho de um campo de futebol) ainda n\u00e3o sabem precisar o tamanho da \u00e1rea j\u00e1 atingida pelo fogo e nem o que causou o inc\u00eandio, mas n\u00e3o descartam a suspeita de a\u00e7\u00e3o criminosa, mesmo que n\u00e3o intencional.<\/p>\n<p>Segundo a analista ambiental do Instituto Chico Mendes de Conserva\u00e7\u00e3o da Biodiversidade (ICMBio), Paola Vieira Ribeiro, o fogo continua se alastrando, pois o clima e a vegeta\u00e7\u00e3o t\u00edpica do Cerrado est\u00e3o muito secos e as \u00e1reas em chamas s\u00e3o de dif\u00edcil acesso. Cerca de 40 brigadistas do instituto atuam em quatro frentes para tentar apagar o fogo e j\u00e1 solicitaram ajuda ao Corpo de Bombeiros de Piumhi (MG).<\/p>\n<p>Criado em 1972, o parque abrange as cidades mineiras de Capit\u00f3lio, S\u00e3o Jo\u00e3o Batista do Gl\u00f3ria, Delfin\u00f3polis, Sacramento, S\u00e3o Roque de Minas e Vargem Bonita \u2013 munic\u00edpios que encontraram no ecoturismo e no turismo de aventura uma importante fonte de renda. O fogo atinge a \u00e1rea noroeste da unidade, entre S\u00e3o Roque de Minas e Sacramento (cuja portaria de acesso est\u00e1 fechada aos visitantes).<\/p>\n<p>Em setembro de 2012, um inc\u00eandio de grandes propor\u00e7\u00f5es destruiu quase 50 mil hectares de vegeta\u00e7\u00e3o nativa no parque.<\/p>\n<blockquote><p>Al\u00e9m de abrigar diversas cachoeiras, como a Casca D&#8217;Anta, de quase 200 metros de altura, dois s\u00edtios arqueol\u00f3gicos, pared\u00f5es rochosos e montanhas que beiram os 1,5 mil metros de altitude,\u00a0 Parque Nacional da Serra da Canastra permite ao visitante conhecer a nascente do Rio S\u00e3o Francisco, um dos mais importantes cursos d\u00b4\u00e1gua da Am\u00e9rica do Sul.\u00a0 Catorze esp\u00e9cies animais amea\u00e7adas vivem protegidas na unidade de conserva\u00e7\u00e3o, entre elas o lobo-guar\u00e1, a on\u00e7a-parda e o tamandu\u00e1-bandeira.<\/p><\/blockquote>\n<p>Moradora da regi\u00e3o e funcion\u00e1ria de uma ag\u00eancia de ecoturismo, a auxiliar administrativa Aparecida Geralda de Faria disse \u00e0 <strong>Ag\u00eancia Brasil<\/strong> que tem recebido telefonemas preocupados de pessoas que planejam visitar o parque.<\/p>\n<p>\u201cComo o fogo ainda est\u00e1 recente, ainda n\u00e3o sentimos nenhum impacto. Nem mesmo em termos financeiros, j\u00e1 que, at\u00e9 agora, ningu\u00e9m precisou cancelar as reservas. \u00c9 lament\u00e1vel a morte de animais, o estrago. \u00c9 de doer o cora\u00e7\u00e3o. E o pior \u00e9 que isso n\u00e3o \u00e9 exatamente uma surpresa. Todos os anos vivenciamos este mesmo problema nesta \u00e9poca do ano. S\u00f3 varia a propor\u00e7\u00e3o. Tomara que eles consigam controlar logo isso\u201d, comentou.<\/p>\n<p><strong>Alex Rodrigues, ABr<br \/>\n<\/strong><\/p>\n","protected":false},"excerpt":{"rendered":"<p>Uma parcela do Parque Nacional da Serra da Canastra, no sudoeste de Minas Gerais, est\u00e1 em chamas desde a noite da \u00faltima ter\u00e7a-feira (15). Administradores da unidade de conserva\u00e7\u00e3o de cerca de 200 mil hectares (um hectare equivale\u00a0 ao tamanho de um campo de futebol) ainda n\u00e3o sabem precisar o tamanho da \u00e1rea j\u00e1 atingida [&hellip;]<\/p>\n","protected":false},"author":2,"featured_media":16663,"comment_status":"open","ping_status":"closed","sticky":false,"template":"","format":"standard","meta":{"_acf_changed":false,"footnotes":""},"categories":[16],"tags":[],"class_list":["post-16662","post","type-post","status-publish","format-standard","has-post-thumbnail","hentry","category-brasil"],"acf":[],"_links":{"self":[{"href":"https:\/\/www.notibras.com\/site\/wp-json\/wp\/v2\/posts\/16662","targetHints":{"allow":["GET"]}}],"collection":[{"href":"https:\/\/www.notibras.com\/site\/wp-json\/wp\/v2\/posts"}],"about":[{"href":"https:\/\/www.notibras.com\/site\/wp-json\/wp\/v2\/types\/post"}],"author":[{"embeddable":true,"href":"https:\/\/www.notibras.com\/site\/wp-json\/wp\/v2\/users\/2"}],"replies":[{"embeddable":true,"href":"https:\/\/www.notibras.com\/site\/wp-json\/wp\/v2\/comments?post=16662"}],"version-history":[{"count":0,"href":"https:\/\/www.notibras.com\/site\/wp-json\/wp\/v2\/posts\/16662\/revisions"}],"wp:featuredmedia":[{"embeddable":true,"href":"https:\/\/www.notibras.com\/site\/wp-json\/wp\/v2\/media\/16663"}],"wp:attachment":[{"href":"https:\/\/www.notibras.com\/site\/wp-json\/wp\/v2\/media?parent=16662"}],"wp:term":[{"taxonomy":"category","embeddable":true,"href":"https:\/\/www.notibras.com\/site\/wp-json\/wp\/v2\/categories?post=16662"},{"taxonomy":"post_tag","embeddable":true,"href":"https:\/\/www.notibras.com\/site\/wp-json\/wp\/v2\/tags?post=16662"}],"curies":[{"name":"wp","href":"https:\/\/api.w.org\/{rel}","templated":true}]}}