{"id":16676,"date":"2014-07-18T16:06:58","date_gmt":"2014-07-18T19:06:58","guid":{"rendered":"http:\/\/www.notibras.com\/site\/?p=16676"},"modified":"2014-07-18T22:08:26","modified_gmt":"2014-07-19T01:08:26","slug":"fifa-veta-trofeu-da-copa-no-capacete-do-alemao-nico-rosberg","status":"publish","type":"post","link":"https:\/\/www.notibras.com\/site\/fifa-veta-trofeu-da-copa-no-capacete-do-alemao-nico-rosberg\/","title":{"rendered":"Fifa veta trof\u00e9u da Copa no capacete do alem\u00e3o Nico Rosberg"},"content":{"rendered":"<p>Na \u00faltima ter\u00e7a-feira, Nico Rosberg anunciou que homenagearia\u00a0a sele\u00e7\u00e3o alem\u00e3 de futebol pelo tetracampeonato da Copa do Mundo estampando as quatro estrelas e a ta\u00e7a do torneio em\u00a0seu capacete durante o Grande Pr\u00eamio da Alemanha, que ser\u00e1 disputado neste domingo.<\/p>\n<p>A ideia, no entanto, n\u00e3o poder\u00e1 ser colocada em pr\u00e1tica, j\u00e1 que a Fifa impediu\u00a0o piloto\u00a0de exibir a imagem do trof\u00e9u.<\/p>\n<p class=\"text\">O departamento de imprensa da Fifa confirmou que esteve em discuss\u00f5es com o staff de Rosberg a respeito da utiliza\u00e7\u00e3o do capacete, e que &#8220;chegaram a uma solu\u00e7\u00e3o em que ele ainda pode mostrar seu apoio pela Alemanha sem usar propriedade intelectual da Fifa em um contexto comercial&#8221;.<\/p>\n<blockquote>\n<p class=\"text\">Como divulgado nas redes sociais do piloto, o desenho do capacete j\u00e1 estava\u00a0feito, com a ta\u00e7a da Copa do Mundo na parte de cima junto com as quatro estrelas representando os quatro t\u00edtulos conquistados. Na nova vers\u00e3o, por\u00e9m, o acess\u00f3rio do piloto da Mercedes ter\u00e1 \u00a0s\u00f3 as estrelas indicando os anos dos t\u00edtulos mundiais da Alemanha (1954, 1974, 1990 e 2014), sem a imagem do trof\u00e9u.<\/p>\n<\/blockquote>\n<p class=\"text\">Em seu Twitter, Rosberg apresentou o novo capacete com a seguinte mensagem: &#8220;uma pena, eu teria adorado carregar o trof\u00e9u como homenagem aos caras. Mas \u00e9 claro que respeito a situa\u00e7\u00e3o legal&#8221;.<\/p>\n","protected":false},"excerpt":{"rendered":"<p>Na \u00faltima ter\u00e7a-feira, Nico Rosberg anunciou que homenagearia\u00a0a sele\u00e7\u00e3o alem\u00e3 de futebol pelo tetracampeonato da Copa do Mundo estampando as quatro estrelas e a ta\u00e7a do torneio em\u00a0seu capacete durante o Grande Pr\u00eamio da Alemanha, que ser\u00e1 disputado neste domingo. A ideia, no entanto, n\u00e3o poder\u00e1 ser colocada em pr\u00e1tica, j\u00e1 que a Fifa impediu\u00a0o [&hellip;]<\/p>\n","protected":false},"author":2,"featured_media":16677,"comment_status":"open","ping_status":"closed","sticky":false,"template":"","format":"standard","meta":{"_acf_changed":false,"footnotes":""},"categories":[27,19],"tags":[],"class_list":["post-16676","post","type-post","status-publish","format-standard","has-post-thumbnail","hentry","category-automobilismo","category-esportes"],"acf":[],"_links":{"self":[{"href":"https:\/\/www.notibras.com\/site\/wp-json\/wp\/v2\/posts\/16676","targetHints":{"allow":["GET"]}}],"collection":[{"href":"https:\/\/www.notibras.com\/site\/wp-json\/wp\/v2\/posts"}],"about":[{"href":"https:\/\/www.notibras.com\/site\/wp-json\/wp\/v2\/types\/post"}],"author":[{"embeddable":true,"href":"https:\/\/www.notibras.com\/site\/wp-json\/wp\/v2\/users\/2"}],"replies":[{"embeddable":true,"href":"https:\/\/www.notibras.com\/site\/wp-json\/wp\/v2\/comments?post=16676"}],"version-history":[{"count":0,"href":"https:\/\/www.notibras.com\/site\/wp-json\/wp\/v2\/posts\/16676\/revisions"}],"wp:featuredmedia":[{"embeddable":true,"href":"https:\/\/www.notibras.com\/site\/wp-json\/wp\/v2\/media\/16677"}],"wp:attachment":[{"href":"https:\/\/www.notibras.com\/site\/wp-json\/wp\/v2\/media?parent=16676"}],"wp:term":[{"taxonomy":"category","embeddable":true,"href":"https:\/\/www.notibras.com\/site\/wp-json\/wp\/v2\/categories?post=16676"},{"taxonomy":"post_tag","embeddable":true,"href":"https:\/\/www.notibras.com\/site\/wp-json\/wp\/v2\/tags?post=16676"}],"curies":[{"name":"wp","href":"https:\/\/api.w.org\/{rel}","templated":true}]}}