{"id":16685,"date":"2014-07-18T22:25:37","date_gmt":"2014-07-19T01:25:37","guid":{"rendered":"http:\/\/www.notibras.com\/site\/?p=16685"},"modified":"2014-07-18T22:25:37","modified_gmt":"2014-07-19T01:25:37","slug":"america-faz-3-no-oeste-no-primeiro-tempo-e-reassume-a-ponta","status":"publish","type":"post","link":"https:\/\/www.notibras.com\/site\/america-faz-3-no-oeste-no-primeiro-tempo-e-reassume-a-ponta\/","title":{"rendered":"Am\u00e9rica faz 3 no Oeste no primeiro tempo e reassume a ponta"},"content":{"rendered":"<p>O Am\u00e9rica-MG precisou apenas de um tempo para resolver o jogo contra o Oeste, nesta sexta-feira, no Independ\u00eancia. O time mineiro\u00a0imprimiu um ritmo acelerado no inicio da partida e fez 3 a 0 na primeira etapa, garantindo tranquilidade para controlar o restante da partida e somar mais tr\u00eas pontos na S\u00e9rie B.<\/p>\n<p class=\"text\">O primeiro gol americano saiu em cobran\u00e7a de p\u00eanalti convertido pelo artilheiro Obina. Na sequ\u00eancia, J\u00fanior Neg\u00e3o e Mancini aumentaram para os anfitri\u00f5es.<\/p>\n<blockquote>\n<p class=\"text\">Com o resultado, o Am\u00e9rica-MG chegou aos 23 pontos, assumindo a lideran\u00e7a da S\u00e9rie B, mesma pontua\u00e7\u00e3o do Joinville, mas os mineiros levam vantagem nos crit\u00e9rios de desempate.<\/p>\n<\/blockquote>\n<p class=\"text\">Na sequ\u00eancia da S\u00e9rie B do Campeonato Brasileiro, o Am\u00e9rica-MG ter\u00e1 pela frente o xar\u00e1 potiguar, jogo na pr\u00f3xima sexta-feira, na Arena das Dunas. J\u00e1 o Oeste jogar\u00e1 no mesmo dia, recebendo o Luverdense, no Est\u00e1dio dos Amaros, em It\u00e1polis.<\/p>\n","protected":false},"excerpt":{"rendered":"<p>O Am\u00e9rica-MG precisou apenas de um tempo para resolver o jogo contra o Oeste, nesta sexta-feira, no Independ\u00eancia. O time mineiro\u00a0imprimiu um ritmo acelerado no inicio da partida e fez 3 a 0 na primeira etapa, garantindo tranquilidade para controlar o restante da partida e somar mais tr\u00eas pontos na S\u00e9rie B. O primeiro gol [&hellip;]<\/p>\n","protected":false},"author":2,"featured_media":16686,"comment_status":"open","ping_status":"closed","sticky":false,"template":"","format":"standard","meta":{"_acf_changed":false,"footnotes":""},"categories":[19,29],"tags":[],"class_list":["post-16685","post","type-post","status-publish","format-standard","has-post-thumbnail","hentry","category-esportes","category-futebol"],"acf":[],"yoast_head":"<!-- This site is optimized with the Yoast SEO plugin v27.2 - https:\/\/yoast.com\/product\/yoast-seo-wordpress\/ -->\n<title>Am\u00e9rica faz 3 no Oeste no primeiro tempo e reassume a ponta - Notibras<\/title>\n<meta name=\"robots\" content=\"index, follow, max-snippet:-1, max-image-preview:large, max-video-preview:-1\" \/>\n<link rel=\"canonical\" href=\"https:\/\/www.notibras.com\/site\/america-faz-3-no-oeste-no-primeiro-tempo-e-reassume-a-ponta\/\" \/>\n<meta property=\"og:locale\" content=\"pt_BR\" \/>\n<meta property=\"og:type\" content=\"article\" \/>\n<meta property=\"og:title\" content=\"Am\u00e9rica faz 3 no Oeste no primeiro tempo e reassume a ponta - Notibras\" \/>\n<meta property=\"og:description\" content=\"O Am\u00e9rica-MG precisou apenas de um tempo para resolver o jogo contra o Oeste, nesta sexta-feira, no Independ\u00eancia. O time mineiro\u00a0imprimiu um ritmo acelerado no inicio da partida e fez 3 a 0 na primeira etapa, garantindo tranquilidade para controlar o restante da partida e somar mais tr\u00eas pontos na S\u00e9rie B. O primeiro gol [&hellip;]\" \/>\n<meta property=\"og:url\" content=\"https:\/\/www.notibras.com\/site\/america-faz-3-no-oeste-no-primeiro-tempo-e-reassume-a-ponta\/\" \/>\n<meta property=\"og:site_name\" content=\"Notibras\" \/>\n<meta property=\"article:publisher\" content=\"https:\/\/www.facebook.com\/notibras\/\" \/>\n<meta property=\"article:published_time\" content=\"2014-07-19T01:25:37+00:00\" \/>\n<meta property=\"og:image\" content=\"https:\/\/www.notibras.com\/site\/wp-content\/uploads\/2014\/07\/americamgfestagolcristianemattosfp.jpg\" \/>\n\t<meta property=\"og:image:width\" content=\"460\" \/>\n\t<meta property=\"og:image:height\" content=\"340\" \/>\n\t<meta property=\"og:image:type\" content=\"image\/jpeg\" \/>\n<meta name=\"author\" content=\"Reda\u00e7\u00e3o\" \/>\n<meta name=\"twitter:card\" content=\"summary_large_image\" \/>\n<meta name=\"twitter:creator\" content=\"@Notibras\" \/>\n<meta name=\"twitter:site\" content=\"@Notibras\" \/>\n<meta name=\"twitter:label1\" content=\"Escrito por\" \/>\n\t<meta name=\"twitter:data1\" content=\"Reda\u00e7\u00e3o\" \/>\n\t<meta name=\"twitter:label2\" content=\"Est. tempo de leitura\" \/>\n\t<meta name=\"twitter:data2\" content=\"1 minuto\" \/>\n<script type=\"application\/ld+json\" class=\"yoast-schema-graph\">{\"@context\":\"https:\/\/schema.org\",\"@graph\":[{\"@type\":\"Article\",\"@id\":\"https:\/\/www.notibras.com\/site\/america-faz-3-no-oeste-no-primeiro-tempo-e-reassume-a-ponta\/#article\",\"isPartOf\":{\"@id\":\"https:\/\/www.notibras.com\/site\/america-faz-3-no-oeste-no-primeiro-tempo-e-reassume-a-ponta\/\"},\"author\":{\"name\":\"Reda\u00e7\u00e3o\",\"@id\":\"https:\/\/www.notibras.com\/site\/#\/schema\/person\/36ab0979449956132d3e5b517ea76ac8\"},\"headline\":\"Am\u00e9rica faz 3 no Oeste no primeiro tempo e reassume a ponta\",\"datePublished\":\"2014-07-19T01:25:37+00:00\",\"mainEntityOfPage\":{\"@id\":\"https:\/\/www.notibras.com\/site\/america-faz-3-no-oeste-no-primeiro-tempo-e-reassume-a-ponta\/\"},\"wordCount\":174,\"commentCount\":0,\"publisher\":{\"@id\":\"https:\/\/www.notibras.com\/site\/#organization\"},\"image\":{\"@id\":\"https:\/\/www.notibras.com\/site\/america-faz-3-no-oeste-no-primeiro-tempo-e-reassume-a-ponta\/#primaryimage\"},\"thumbnailUrl\":\"https:\/\/www.notibras.com\/site\/wp-content\/uploads\/2014\/07\/americamgfestagolcristianemattosfp.jpg\",\"articleSection\":[\"Esportes\",\"Futebol\"],\"inLanguage\":\"pt-BR\",\"potentialAction\":[{\"@type\":\"CommentAction\",\"name\":\"Comment\",\"target\":[\"https:\/\/www.notibras.com\/site\/america-faz-3-no-oeste-no-primeiro-tempo-e-reassume-a-ponta\/#respond\"]}]},{\"@type\":\"WebPage\",\"@id\":\"https:\/\/www.notibras.com\/site\/america-faz-3-no-oeste-no-primeiro-tempo-e-reassume-a-ponta\/\",\"url\":\"https:\/\/www.notibras.com\/site\/america-faz-3-no-oeste-no-primeiro-tempo-e-reassume-a-ponta\/\",\"name\":\"Am\u00e9rica faz 3 no Oeste no primeiro tempo e reassume a ponta - Notibras\",\"isPartOf\":{\"@id\":\"https:\/\/www.notibras.com\/site\/#website\"},\"primaryImageOfPage\":{\"@id\":\"https:\/\/www.notibras.com\/site\/america-faz-3-no-oeste-no-primeiro-tempo-e-reassume-a-ponta\/#primaryimage\"},\"image\":{\"@id\":\"https:\/\/www.notibras.com\/site\/america-faz-3-no-oeste-no-primeiro-tempo-e-reassume-a-ponta\/#primaryimage\"},\"thumbnailUrl\":\"https:\/\/www.notibras.com\/site\/wp-content\/uploads\/2014\/07\/americamgfestagolcristianemattosfp.jpg\",\"datePublished\":\"2014-07-19T01:25:37+00:00\",\"breadcrumb\":{\"@id\":\"https:\/\/www.notibras.com\/site\/america-faz-3-no-oeste-no-primeiro-tempo-e-reassume-a-ponta\/#breadcrumb\"},\"inLanguage\":\"pt-BR\",\"potentialAction\":[{\"@type\":\"ReadAction\",\"target\":[\"https:\/\/www.notibras.com\/site\/america-faz-3-no-oeste-no-primeiro-tempo-e-reassume-a-ponta\/\"]}]},{\"@type\":\"ImageObject\",\"inLanguage\":\"pt-BR\",\"@id\":\"https:\/\/www.notibras.com\/site\/america-faz-3-no-oeste-no-primeiro-tempo-e-reassume-a-ponta\/#primaryimage\",\"url\":\"https:\/\/www.notibras.com\/site\/wp-content\/uploads\/2014\/07\/americamgfestagolcristianemattosfp.jpg\",\"contentUrl\":\"https:\/\/www.notibras.com\/site\/wp-content\/uploads\/2014\/07\/americamgfestagolcristianemattosfp.jpg\",\"width\":460,\"height\":340},{\"@type\":\"BreadcrumbList\",\"@id\":\"https:\/\/www.notibras.com\/site\/america-faz-3-no-oeste-no-primeiro-tempo-e-reassume-a-ponta\/#breadcrumb\",\"itemListElement\":[{\"@type\":\"ListItem\",\"position\":1,\"name\":\"In\u00edcio\",\"item\":\"https:\/\/www.notibras.com\/site\/\"},{\"@type\":\"ListItem\",\"position\":2,\"name\":\"Am\u00e9rica faz 3 no Oeste no primeiro tempo e reassume a ponta\"}]},{\"@type\":\"WebSite\",\"@id\":\"https:\/\/www.notibras.com\/site\/#website\",\"url\":\"https:\/\/www.notibras.com\/site\/\",\"name\":\"Notibras\",\"description\":\"Not\u00edcias de Bras\u00edlia, do Brasil e do Mundo\",\"publisher\":{\"@id\":\"https:\/\/www.notibras.com\/site\/#organization\"},\"potentialAction\":[{\"@type\":\"SearchAction\",\"target\":{\"@type\":\"EntryPoint\",\"urlTemplate\":\"https:\/\/www.notibras.com\/site\/?s={search_term_string}\"},\"query-input\":{\"@type\":\"PropertyValueSpecification\",\"valueRequired\":true,\"valueName\":\"search_term_string\"}}],\"inLanguage\":\"pt-BR\"},{\"@type\":\"Organization\",\"@id\":\"https:\/\/www.notibras.com\/site\/#organization\",\"name\":\"Grupo Notibras de Comunica\u00e7\u00e3o\",\"url\":\"https:\/\/www.notibras.com\/site\/\",\"logo\":{\"@type\":\"ImageObject\",\"inLanguage\":\"pt-BR\",\"@id\":\"https:\/\/www.notibras.com\/site\/#\/schema\/logo\/image\/\",\"url\":\"https:\/\/www.notibras.com\/site\/wp-content\/uploads\/2023\/01\/notibras23.png\",\"contentUrl\":\"https:\/\/www.notibras.com\/site\/wp-content\/uploads\/2023\/01\/notibras23.png\",\"width\":350,\"height\":87,\"caption\":\"Grupo Notibras de Comunica\u00e7\u00e3o\"},\"image\":{\"@id\":\"https:\/\/www.notibras.com\/site\/#\/schema\/logo\/image\/\"},\"sameAs\":[\"https:\/\/www.facebook.com\/notibras\/\",\"https:\/\/x.com\/Notibras\",\"https:\/\/www.instagram.com\/notibras\/\"]},{\"@type\":\"Person\",\"@id\":\"https:\/\/www.notibras.com\/site\/#\/schema\/person\/36ab0979449956132d3e5b517ea76ac8\",\"name\":\"Reda\u00e7\u00e3o\",\"image\":{\"@type\":\"ImageObject\",\"inLanguage\":\"pt-BR\",\"@id\":\"https:\/\/secure.gravatar.com\/avatar\/e0a867bdedb85fd243eadf09663511f96fc81e0720a4a42581f334ad4303aa6b?s=96&d=mm&r=g\",\"url\":\"https:\/\/secure.gravatar.com\/avatar\/e0a867bdedb85fd243eadf09663511f96fc81e0720a4a42581f334ad4303aa6b?s=96&d=mm&r=g\",\"contentUrl\":\"https:\/\/secure.gravatar.com\/avatar\/e0a867bdedb85fd243eadf09663511f96fc81e0720a4a42581f334ad4303aa6b?s=96&d=mm&r=g\",\"caption\":\"Reda\u00e7\u00e3o\"}}]}<\/script>\n<!-- \/ Yoast SEO plugin. -->","yoast_head_json":{"title":"Am\u00e9rica faz 3 no Oeste no primeiro tempo e reassume a ponta - Notibras","robots":{"index":"index","follow":"follow","max-snippet":"max-snippet:-1","max-image-preview":"max-image-preview:large","max-video-preview":"max-video-preview:-1"},"canonical":"https:\/\/www.notibras.com\/site\/america-faz-3-no-oeste-no-primeiro-tempo-e-reassume-a-ponta\/","og_locale":"pt_BR","og_type":"article","og_title":"Am\u00e9rica faz 3 no Oeste no primeiro tempo e reassume a ponta - Notibras","og_description":"O Am\u00e9rica-MG precisou apenas de um tempo para resolver o jogo contra o Oeste, nesta sexta-feira, no Independ\u00eancia. O time mineiro\u00a0imprimiu um ritmo acelerado no inicio da partida e fez 3 a 0 na primeira etapa, garantindo tranquilidade para controlar o restante da partida e somar mais tr\u00eas pontos na S\u00e9rie B. O primeiro gol [&hellip;]","og_url":"https:\/\/www.notibras.com\/site\/america-faz-3-no-oeste-no-primeiro-tempo-e-reassume-a-ponta\/","og_site_name":"Notibras","article_publisher":"https:\/\/www.facebook.com\/notibras\/","article_published_time":"2014-07-19T01:25:37+00:00","og_image":[{"width":460,"height":340,"url":"https:\/\/www.notibras.com\/site\/wp-content\/uploads\/2014\/07\/americamgfestagolcristianemattosfp.jpg","type":"image\/jpeg"}],"author":"Reda\u00e7\u00e3o","twitter_card":"summary_large_image","twitter_creator":"@Notibras","twitter_site":"@Notibras","twitter_misc":{"Escrito por":"Reda\u00e7\u00e3o","Est. tempo de leitura":"1 minuto"},"schema":{"@context":"https:\/\/schema.org","@graph":[{"@type":"Article","@id":"https:\/\/www.notibras.com\/site\/america-faz-3-no-oeste-no-primeiro-tempo-e-reassume-a-ponta\/#article","isPartOf":{"@id":"https:\/\/www.notibras.com\/site\/america-faz-3-no-oeste-no-primeiro-tempo-e-reassume-a-ponta\/"},"author":{"name":"Reda\u00e7\u00e3o","@id":"https:\/\/www.notibras.com\/site\/#\/schema\/person\/36ab0979449956132d3e5b517ea76ac8"},"headline":"Am\u00e9rica faz 3 no Oeste no primeiro tempo e reassume a ponta","datePublished":"2014-07-19T01:25:37+00:00","mainEntityOfPage":{"@id":"https:\/\/www.notibras.com\/site\/america-faz-3-no-oeste-no-primeiro-tempo-e-reassume-a-ponta\/"},"wordCount":174,"commentCount":0,"publisher":{"@id":"https:\/\/www.notibras.com\/site\/#organization"},"image":{"@id":"https:\/\/www.notibras.com\/site\/america-faz-3-no-oeste-no-primeiro-tempo-e-reassume-a-ponta\/#primaryimage"},"thumbnailUrl":"https:\/\/www.notibras.com\/site\/wp-content\/uploads\/2014\/07\/americamgfestagolcristianemattosfp.jpg","articleSection":["Esportes","Futebol"],"inLanguage":"pt-BR","potentialAction":[{"@type":"CommentAction","name":"Comment","target":["https:\/\/www.notibras.com\/site\/america-faz-3-no-oeste-no-primeiro-tempo-e-reassume-a-ponta\/#respond"]}]},{"@type":"WebPage","@id":"https:\/\/www.notibras.com\/site\/america-faz-3-no-oeste-no-primeiro-tempo-e-reassume-a-ponta\/","url":"https:\/\/www.notibras.com\/site\/america-faz-3-no-oeste-no-primeiro-tempo-e-reassume-a-ponta\/","name":"Am\u00e9rica faz 3 no Oeste no primeiro tempo e reassume a ponta - Notibras","isPartOf":{"@id":"https:\/\/www.notibras.com\/site\/#website"},"primaryImageOfPage":{"@id":"https:\/\/www.notibras.com\/site\/america-faz-3-no-oeste-no-primeiro-tempo-e-reassume-a-ponta\/#primaryimage"},"image":{"@id":"https:\/\/www.notibras.com\/site\/america-faz-3-no-oeste-no-primeiro-tempo-e-reassume-a-ponta\/#primaryimage"},"thumbnailUrl":"https:\/\/www.notibras.com\/site\/wp-content\/uploads\/2014\/07\/americamgfestagolcristianemattosfp.jpg","datePublished":"2014-07-19T01:25:37+00:00","breadcrumb":{"@id":"https:\/\/www.notibras.com\/site\/america-faz-3-no-oeste-no-primeiro-tempo-e-reassume-a-ponta\/#breadcrumb"},"inLanguage":"pt-BR","potentialAction":[{"@type":"ReadAction","target":["https:\/\/www.notibras.com\/site\/america-faz-3-no-oeste-no-primeiro-tempo-e-reassume-a-ponta\/"]}]},{"@type":"ImageObject","inLanguage":"pt-BR","@id":"https:\/\/www.notibras.com\/site\/america-faz-3-no-oeste-no-primeiro-tempo-e-reassume-a-ponta\/#primaryimage","url":"https:\/\/www.notibras.com\/site\/wp-content\/uploads\/2014\/07\/americamgfestagolcristianemattosfp.jpg","contentUrl":"https:\/\/www.notibras.com\/site\/wp-content\/uploads\/2014\/07\/americamgfestagolcristianemattosfp.jpg","width":460,"height":340},{"@type":"BreadcrumbList","@id":"https:\/\/www.notibras.com\/site\/america-faz-3-no-oeste-no-primeiro-tempo-e-reassume-a-ponta\/#breadcrumb","itemListElement":[{"@type":"ListItem","position":1,"name":"In\u00edcio","item":"https:\/\/www.notibras.com\/site\/"},{"@type":"ListItem","position":2,"name":"Am\u00e9rica faz 3 no Oeste no primeiro tempo e reassume a ponta"}]},{"@type":"WebSite","@id":"https:\/\/www.notibras.com\/site\/#website","url":"https:\/\/www.notibras.com\/site\/","name":"Notibras","description":"Not\u00edcias de Bras\u00edlia, do Brasil e do Mundo","publisher":{"@id":"https:\/\/www.notibras.com\/site\/#organization"},"potentialAction":[{"@type":"SearchAction","target":{"@type":"EntryPoint","urlTemplate":"https:\/\/www.notibras.com\/site\/?s={search_term_string}"},"query-input":{"@type":"PropertyValueSpecification","valueRequired":true,"valueName":"search_term_string"}}],"inLanguage":"pt-BR"},{"@type":"Organization","@id":"https:\/\/www.notibras.com\/site\/#organization","name":"Grupo Notibras de Comunica\u00e7\u00e3o","url":"https:\/\/www.notibras.com\/site\/","logo":{"@type":"ImageObject","inLanguage":"pt-BR","@id":"https:\/\/www.notibras.com\/site\/#\/schema\/logo\/image\/","url":"https:\/\/www.notibras.com\/site\/wp-content\/uploads\/2023\/01\/notibras23.png","contentUrl":"https:\/\/www.notibras.com\/site\/wp-content\/uploads\/2023\/01\/notibras23.png","width":350,"height":87,"caption":"Grupo Notibras de Comunica\u00e7\u00e3o"},"image":{"@id":"https:\/\/www.notibras.com\/site\/#\/schema\/logo\/image\/"},"sameAs":["https:\/\/www.facebook.com\/notibras\/","https:\/\/x.com\/Notibras","https:\/\/www.instagram.com\/notibras\/"]},{"@type":"Person","@id":"https:\/\/www.notibras.com\/site\/#\/schema\/person\/36ab0979449956132d3e5b517ea76ac8","name":"Reda\u00e7\u00e3o","image":{"@type":"ImageObject","inLanguage":"pt-BR","@id":"https:\/\/secure.gravatar.com\/avatar\/e0a867bdedb85fd243eadf09663511f96fc81e0720a4a42581f334ad4303aa6b?s=96&d=mm&r=g","url":"https:\/\/secure.gravatar.com\/avatar\/e0a867bdedb85fd243eadf09663511f96fc81e0720a4a42581f334ad4303aa6b?s=96&d=mm&r=g","contentUrl":"https:\/\/secure.gravatar.com\/avatar\/e0a867bdedb85fd243eadf09663511f96fc81e0720a4a42581f334ad4303aa6b?s=96&d=mm&r=g","caption":"Reda\u00e7\u00e3o"}}]}},"amp_enabled":true,"_links":{"self":[{"href":"https:\/\/www.notibras.com\/site\/wp-json\/wp\/v2\/posts\/16685","targetHints":{"allow":["GET"]}}],"collection":[{"href":"https:\/\/www.notibras.com\/site\/wp-json\/wp\/v2\/posts"}],"about":[{"href":"https:\/\/www.notibras.com\/site\/wp-json\/wp\/v2\/types\/post"}],"author":[{"embeddable":true,"href":"https:\/\/www.notibras.com\/site\/wp-json\/wp\/v2\/users\/2"}],"replies":[{"embeddable":true,"href":"https:\/\/www.notibras.com\/site\/wp-json\/wp\/v2\/comments?post=16685"}],"version-history":[{"count":0,"href":"https:\/\/www.notibras.com\/site\/wp-json\/wp\/v2\/posts\/16685\/revisions"}],"wp:featuredmedia":[{"embeddable":true,"href":"https:\/\/www.notibras.com\/site\/wp-json\/wp\/v2\/media\/16686"}],"wp:attachment":[{"href":"https:\/\/www.notibras.com\/site\/wp-json\/wp\/v2\/media?parent=16685"}],"wp:term":[{"taxonomy":"category","embeddable":true,"href":"https:\/\/www.notibras.com\/site\/wp-json\/wp\/v2\/categories?post=16685"},{"taxonomy":"post_tag","embeddable":true,"href":"https:\/\/www.notibras.com\/site\/wp-json\/wp\/v2\/tags?post=16685"}],"curies":[{"name":"wp","href":"https:\/\/api.w.org\/{rel}","templated":true}]}}