{"id":16688,"date":"2014-07-18T21:26:33","date_gmt":"2014-07-19T00:26:33","guid":{"rendered":"http:\/\/www.notibras.com\/site\/?p=16688"},"modified":"2014-07-18T22:29:01","modified_gmt":"2014-07-19T01:29:01","slug":"abc-briga-usa-garra-marca-vira-e-tira-o-joinville-da-lideranca","status":"publish","type":"post","link":"https:\/\/www.notibras.com\/site\/abc-briga-usa-garra-marca-vira-e-tira-o-joinville-da-lideranca\/","title":{"rendered":"ABC briga, usa garra, marca, vira e tira o Joinville da lideran\u00e7a"},"content":{"rendered":"<p>Ap\u00f3s muita insist\u00eancia, o ABC venceu o ent\u00e3o l\u00edder da S\u00e9rie B do Campeonato Brasileiro. Com dois belos gols de Renato, ambos de fora da \u00e1rea, a equipe potiguar virou a partida contra o Joinville e saiu do campo do Frasqueir\u00e3o com a vit\u00f3ria por 2 a 1. Jael descontou para os catarinenses.<\/p>\n<p class=\"text\">Antes da partida, o t\u00e9cnico Hemerson Maria divulgou uma mudan\u00e7a na escala\u00e7\u00e3o do Joinville, em resposta \u00e0 press\u00e3o que a equipe sofreu contra o Cear\u00e1, mesmo vencendo por 3 a 1.<\/p>\n<p class=\"text\">A modifica\u00e7\u00e3o, entretanto, recuou ainda mais a equipe catarinense, que pouco atacou durante todo o jogo.<\/p>\n<blockquote>\n<p class=\"text\">Com o resultado, o ABC chega a 20 pontos e encosta no G-4 da S\u00e9rie B. J\u00e1 o Joinville permanece com 23 pontos, mas perde a lideran\u00e7a da competi\u00e7\u00e3o.<\/p>\n<\/blockquote>\n<p class=\"text\">Na pr\u00f3xima rodada, os catarinenses encaram o Ava\u00ed na Arena, em partida agendada para as 16h20 (de Bras\u00edlia) do s\u00e1bado da outra semana. O clube potiguar, por sua vez, vai a Curitiba encarar o Paran\u00e1 \u00e0s 21h do mesmo dia.<\/p>\n","protected":false},"excerpt":{"rendered":"<p>Ap\u00f3s muita insist\u00eancia, o ABC venceu o ent\u00e3o l\u00edder da S\u00e9rie B do Campeonato Brasileiro. Com dois belos gols de Renato, ambos de fora da \u00e1rea, a equipe potiguar virou a partida contra o Joinville e saiu do campo do Frasqueir\u00e3o com a vit\u00f3ria por 2 a 1. Jael descontou para os catarinenses. Antes da [&hellip;]<\/p>\n","protected":false},"author":2,"featured_media":16689,"comment_status":"open","ping_status":"closed","sticky":false,"template":"","format":"standard","meta":{"_acf_changed":false,"footnotes":""},"categories":[19,29],"tags":[],"class_list":["post-16688","post","type-post","status-publish","format-standard","has-post-thumbnail","hentry","category-esportes","category-futebol"],"acf":[],"yoast_head":"<!-- This site is optimized with the Yoast SEO plugin v27.2 - https:\/\/yoast.com\/product\/yoast-seo-wordpress\/ -->\n<title>ABC briga, usa garra, marca, vira e tira o Joinville da lideran\u00e7a - Notibras<\/title>\n<meta name=\"robots\" content=\"index, follow, max-snippet:-1, max-image-preview:large, max-video-preview:-1\" \/>\n<link rel=\"canonical\" href=\"https:\/\/www.notibras.com\/site\/abc-briga-usa-garra-marca-vira-e-tira-o-joinville-da-lideranca\/\" \/>\n<meta property=\"og:locale\" content=\"pt_BR\" \/>\n<meta property=\"og:type\" content=\"article\" \/>\n<meta property=\"og:title\" content=\"ABC briga, usa garra, marca, vira e tira o Joinville da lideran\u00e7a - Notibras\" \/>\n<meta property=\"og:description\" content=\"Ap\u00f3s muita insist\u00eancia, o ABC venceu o ent\u00e3o l\u00edder da S\u00e9rie B do Campeonato Brasileiro. Com dois belos gols de Renato, ambos de fora da \u00e1rea, a equipe potiguar virou a partida contra o Joinville e saiu do campo do Frasqueir\u00e3o com a vit\u00f3ria por 2 a 1. Jael descontou para os catarinenses. Antes da [&hellip;]\" \/>\n<meta property=\"og:url\" content=\"https:\/\/www.notibras.com\/site\/abc-briga-usa-garra-marca-vira-e-tira-o-joinville-da-lideranca\/\" \/>\n<meta property=\"og:site_name\" content=\"Notibras\" \/>\n<meta property=\"article:publisher\" content=\"https:\/\/www.facebook.com\/notibras\/\" \/>\n<meta property=\"article:published_time\" content=\"2014-07-19T00:26:33+00:00\" \/>\n<meta property=\"article:modified_time\" content=\"2014-07-19T01:29:01+00:00\" \/>\n<meta property=\"og:image\" content=\"https:\/\/www.notibras.com\/site\/wp-content\/uploads\/2014\/07\/abcfestagolnunoguimaraesgazeta.jpg\" \/>\n\t<meta property=\"og:image:width\" content=\"460\" \/>\n\t<meta property=\"og:image:height\" content=\"340\" \/>\n\t<meta property=\"og:image:type\" content=\"image\/jpeg\" \/>\n<meta name=\"author\" content=\"Reda\u00e7\u00e3o\" \/>\n<meta name=\"twitter:card\" content=\"summary_large_image\" \/>\n<meta name=\"twitter:creator\" content=\"@Notibras\" \/>\n<meta name=\"twitter:site\" content=\"@Notibras\" \/>\n<meta name=\"twitter:label1\" content=\"Escrito por\" \/>\n\t<meta name=\"twitter:data1\" content=\"Reda\u00e7\u00e3o\" \/>\n\t<meta name=\"twitter:label2\" content=\"Est. tempo de leitura\" \/>\n\t<meta name=\"twitter:data2\" content=\"1 minuto\" \/>\n<script type=\"application\/ld+json\" class=\"yoast-schema-graph\">{\"@context\":\"https:\/\/schema.org\",\"@graph\":[{\"@type\":\"Article\",\"@id\":\"https:\/\/www.notibras.com\/site\/abc-briga-usa-garra-marca-vira-e-tira-o-joinville-da-lideranca\/#article\",\"isPartOf\":{\"@id\":\"https:\/\/www.notibras.com\/site\/abc-briga-usa-garra-marca-vira-e-tira-o-joinville-da-lideranca\/\"},\"author\":{\"name\":\"Reda\u00e7\u00e3o\",\"@id\":\"https:\/\/www.notibras.com\/site\/#\/schema\/person\/36ab0979449956132d3e5b517ea76ac8\"},\"headline\":\"ABC briga, usa garra, marca, vira e tira o Joinville da lideran\u00e7a\",\"datePublished\":\"2014-07-19T00:26:33+00:00\",\"dateModified\":\"2014-07-19T01:29:01+00:00\",\"mainEntityOfPage\":{\"@id\":\"https:\/\/www.notibras.com\/site\/abc-briga-usa-garra-marca-vira-e-tira-o-joinville-da-lideranca\/\"},\"wordCount\":193,\"commentCount\":0,\"publisher\":{\"@id\":\"https:\/\/www.notibras.com\/site\/#organization\"},\"image\":{\"@id\":\"https:\/\/www.notibras.com\/site\/abc-briga-usa-garra-marca-vira-e-tira-o-joinville-da-lideranca\/#primaryimage\"},\"thumbnailUrl\":\"https:\/\/www.notibras.com\/site\/wp-content\/uploads\/2014\/07\/abcfestagolnunoguimaraesgazeta.jpg\",\"articleSection\":[\"Esportes\",\"Futebol\"],\"inLanguage\":\"pt-BR\",\"potentialAction\":[{\"@type\":\"CommentAction\",\"name\":\"Comment\",\"target\":[\"https:\/\/www.notibras.com\/site\/abc-briga-usa-garra-marca-vira-e-tira-o-joinville-da-lideranca\/#respond\"]}]},{\"@type\":\"WebPage\",\"@id\":\"https:\/\/www.notibras.com\/site\/abc-briga-usa-garra-marca-vira-e-tira-o-joinville-da-lideranca\/\",\"url\":\"https:\/\/www.notibras.com\/site\/abc-briga-usa-garra-marca-vira-e-tira-o-joinville-da-lideranca\/\",\"name\":\"ABC briga, usa garra, marca, vira e tira o Joinville da lideran\u00e7a - Notibras\",\"isPartOf\":{\"@id\":\"https:\/\/www.notibras.com\/site\/#website\"},\"primaryImageOfPage\":{\"@id\":\"https:\/\/www.notibras.com\/site\/abc-briga-usa-garra-marca-vira-e-tira-o-joinville-da-lideranca\/#primaryimage\"},\"image\":{\"@id\":\"https:\/\/www.notibras.com\/site\/abc-briga-usa-garra-marca-vira-e-tira-o-joinville-da-lideranca\/#primaryimage\"},\"thumbnailUrl\":\"https:\/\/www.notibras.com\/site\/wp-content\/uploads\/2014\/07\/abcfestagolnunoguimaraesgazeta.jpg\",\"datePublished\":\"2014-07-19T00:26:33+00:00\",\"dateModified\":\"2014-07-19T01:29:01+00:00\",\"breadcrumb\":{\"@id\":\"https:\/\/www.notibras.com\/site\/abc-briga-usa-garra-marca-vira-e-tira-o-joinville-da-lideranca\/#breadcrumb\"},\"inLanguage\":\"pt-BR\",\"potentialAction\":[{\"@type\":\"ReadAction\",\"target\":[\"https:\/\/www.notibras.com\/site\/abc-briga-usa-garra-marca-vira-e-tira-o-joinville-da-lideranca\/\"]}]},{\"@type\":\"ImageObject\",\"inLanguage\":\"pt-BR\",\"@id\":\"https:\/\/www.notibras.com\/site\/abc-briga-usa-garra-marca-vira-e-tira-o-joinville-da-lideranca\/#primaryimage\",\"url\":\"https:\/\/www.notibras.com\/site\/wp-content\/uploads\/2014\/07\/abcfestagolnunoguimaraesgazeta.jpg\",\"contentUrl\":\"https:\/\/www.notibras.com\/site\/wp-content\/uploads\/2014\/07\/abcfestagolnunoguimaraesgazeta.jpg\",\"width\":460,\"height\":340},{\"@type\":\"BreadcrumbList\",\"@id\":\"https:\/\/www.notibras.com\/site\/abc-briga-usa-garra-marca-vira-e-tira-o-joinville-da-lideranca\/#breadcrumb\",\"itemListElement\":[{\"@type\":\"ListItem\",\"position\":1,\"name\":\"In\u00edcio\",\"item\":\"https:\/\/www.notibras.com\/site\/\"},{\"@type\":\"ListItem\",\"position\":2,\"name\":\"ABC briga, usa garra, marca, vira e tira o Joinville da lideran\u00e7a\"}]},{\"@type\":\"WebSite\",\"@id\":\"https:\/\/www.notibras.com\/site\/#website\",\"url\":\"https:\/\/www.notibras.com\/site\/\",\"name\":\"Notibras\",\"description\":\"Not\u00edcias de Bras\u00edlia, do Brasil e do Mundo\",\"publisher\":{\"@id\":\"https:\/\/www.notibras.com\/site\/#organization\"},\"potentialAction\":[{\"@type\":\"SearchAction\",\"target\":{\"@type\":\"EntryPoint\",\"urlTemplate\":\"https:\/\/www.notibras.com\/site\/?s={search_term_string}\"},\"query-input\":{\"@type\":\"PropertyValueSpecification\",\"valueRequired\":true,\"valueName\":\"search_term_string\"}}],\"inLanguage\":\"pt-BR\"},{\"@type\":\"Organization\",\"@id\":\"https:\/\/www.notibras.com\/site\/#organization\",\"name\":\"Grupo Notibras de Comunica\u00e7\u00e3o\",\"url\":\"https:\/\/www.notibras.com\/site\/\",\"logo\":{\"@type\":\"ImageObject\",\"inLanguage\":\"pt-BR\",\"@id\":\"https:\/\/www.notibras.com\/site\/#\/schema\/logo\/image\/\",\"url\":\"https:\/\/www.notibras.com\/site\/wp-content\/uploads\/2023\/01\/notibras23.png\",\"contentUrl\":\"https:\/\/www.notibras.com\/site\/wp-content\/uploads\/2023\/01\/notibras23.png\",\"width\":350,\"height\":87,\"caption\":\"Grupo Notibras de Comunica\u00e7\u00e3o\"},\"image\":{\"@id\":\"https:\/\/www.notibras.com\/site\/#\/schema\/logo\/image\/\"},\"sameAs\":[\"https:\/\/www.facebook.com\/notibras\/\",\"https:\/\/x.com\/Notibras\",\"https:\/\/www.instagram.com\/notibras\/\"]},{\"@type\":\"Person\",\"@id\":\"https:\/\/www.notibras.com\/site\/#\/schema\/person\/36ab0979449956132d3e5b517ea76ac8\",\"name\":\"Reda\u00e7\u00e3o\",\"image\":{\"@type\":\"ImageObject\",\"inLanguage\":\"pt-BR\",\"@id\":\"https:\/\/secure.gravatar.com\/avatar\/e0a867bdedb85fd243eadf09663511f96fc81e0720a4a42581f334ad4303aa6b?s=96&d=mm&r=g\",\"url\":\"https:\/\/secure.gravatar.com\/avatar\/e0a867bdedb85fd243eadf09663511f96fc81e0720a4a42581f334ad4303aa6b?s=96&d=mm&r=g\",\"contentUrl\":\"https:\/\/secure.gravatar.com\/avatar\/e0a867bdedb85fd243eadf09663511f96fc81e0720a4a42581f334ad4303aa6b?s=96&d=mm&r=g\",\"caption\":\"Reda\u00e7\u00e3o\"}}]}<\/script>\n<!-- \/ Yoast SEO plugin. -->","yoast_head_json":{"title":"ABC briga, usa garra, marca, vira e tira o Joinville da lideran\u00e7a - Notibras","robots":{"index":"index","follow":"follow","max-snippet":"max-snippet:-1","max-image-preview":"max-image-preview:large","max-video-preview":"max-video-preview:-1"},"canonical":"https:\/\/www.notibras.com\/site\/abc-briga-usa-garra-marca-vira-e-tira-o-joinville-da-lideranca\/","og_locale":"pt_BR","og_type":"article","og_title":"ABC briga, usa garra, marca, vira e tira o Joinville da lideran\u00e7a - Notibras","og_description":"Ap\u00f3s muita insist\u00eancia, o ABC venceu o ent\u00e3o l\u00edder da S\u00e9rie B do Campeonato Brasileiro. Com dois belos gols de Renato, ambos de fora da \u00e1rea, a equipe potiguar virou a partida contra o Joinville e saiu do campo do Frasqueir\u00e3o com a vit\u00f3ria por 2 a 1. Jael descontou para os catarinenses. Antes da [&hellip;]","og_url":"https:\/\/www.notibras.com\/site\/abc-briga-usa-garra-marca-vira-e-tira-o-joinville-da-lideranca\/","og_site_name":"Notibras","article_publisher":"https:\/\/www.facebook.com\/notibras\/","article_published_time":"2014-07-19T00:26:33+00:00","article_modified_time":"2014-07-19T01:29:01+00:00","og_image":[{"width":460,"height":340,"url":"https:\/\/www.notibras.com\/site\/wp-content\/uploads\/2014\/07\/abcfestagolnunoguimaraesgazeta.jpg","type":"image\/jpeg"}],"author":"Reda\u00e7\u00e3o","twitter_card":"summary_large_image","twitter_creator":"@Notibras","twitter_site":"@Notibras","twitter_misc":{"Escrito por":"Reda\u00e7\u00e3o","Est. tempo de leitura":"1 minuto"},"schema":{"@context":"https:\/\/schema.org","@graph":[{"@type":"Article","@id":"https:\/\/www.notibras.com\/site\/abc-briga-usa-garra-marca-vira-e-tira-o-joinville-da-lideranca\/#article","isPartOf":{"@id":"https:\/\/www.notibras.com\/site\/abc-briga-usa-garra-marca-vira-e-tira-o-joinville-da-lideranca\/"},"author":{"name":"Reda\u00e7\u00e3o","@id":"https:\/\/www.notibras.com\/site\/#\/schema\/person\/36ab0979449956132d3e5b517ea76ac8"},"headline":"ABC briga, usa garra, marca, vira e tira o Joinville da lideran\u00e7a","datePublished":"2014-07-19T00:26:33+00:00","dateModified":"2014-07-19T01:29:01+00:00","mainEntityOfPage":{"@id":"https:\/\/www.notibras.com\/site\/abc-briga-usa-garra-marca-vira-e-tira-o-joinville-da-lideranca\/"},"wordCount":193,"commentCount":0,"publisher":{"@id":"https:\/\/www.notibras.com\/site\/#organization"},"image":{"@id":"https:\/\/www.notibras.com\/site\/abc-briga-usa-garra-marca-vira-e-tira-o-joinville-da-lideranca\/#primaryimage"},"thumbnailUrl":"https:\/\/www.notibras.com\/site\/wp-content\/uploads\/2014\/07\/abcfestagolnunoguimaraesgazeta.jpg","articleSection":["Esportes","Futebol"],"inLanguage":"pt-BR","potentialAction":[{"@type":"CommentAction","name":"Comment","target":["https:\/\/www.notibras.com\/site\/abc-briga-usa-garra-marca-vira-e-tira-o-joinville-da-lideranca\/#respond"]}]},{"@type":"WebPage","@id":"https:\/\/www.notibras.com\/site\/abc-briga-usa-garra-marca-vira-e-tira-o-joinville-da-lideranca\/","url":"https:\/\/www.notibras.com\/site\/abc-briga-usa-garra-marca-vira-e-tira-o-joinville-da-lideranca\/","name":"ABC briga, usa garra, marca, vira e tira o Joinville da lideran\u00e7a - Notibras","isPartOf":{"@id":"https:\/\/www.notibras.com\/site\/#website"},"primaryImageOfPage":{"@id":"https:\/\/www.notibras.com\/site\/abc-briga-usa-garra-marca-vira-e-tira-o-joinville-da-lideranca\/#primaryimage"},"image":{"@id":"https:\/\/www.notibras.com\/site\/abc-briga-usa-garra-marca-vira-e-tira-o-joinville-da-lideranca\/#primaryimage"},"thumbnailUrl":"https:\/\/www.notibras.com\/site\/wp-content\/uploads\/2014\/07\/abcfestagolnunoguimaraesgazeta.jpg","datePublished":"2014-07-19T00:26:33+00:00","dateModified":"2014-07-19T01:29:01+00:00","breadcrumb":{"@id":"https:\/\/www.notibras.com\/site\/abc-briga-usa-garra-marca-vira-e-tira-o-joinville-da-lideranca\/#breadcrumb"},"inLanguage":"pt-BR","potentialAction":[{"@type":"ReadAction","target":["https:\/\/www.notibras.com\/site\/abc-briga-usa-garra-marca-vira-e-tira-o-joinville-da-lideranca\/"]}]},{"@type":"ImageObject","inLanguage":"pt-BR","@id":"https:\/\/www.notibras.com\/site\/abc-briga-usa-garra-marca-vira-e-tira-o-joinville-da-lideranca\/#primaryimage","url":"https:\/\/www.notibras.com\/site\/wp-content\/uploads\/2014\/07\/abcfestagolnunoguimaraesgazeta.jpg","contentUrl":"https:\/\/www.notibras.com\/site\/wp-content\/uploads\/2014\/07\/abcfestagolnunoguimaraesgazeta.jpg","width":460,"height":340},{"@type":"BreadcrumbList","@id":"https:\/\/www.notibras.com\/site\/abc-briga-usa-garra-marca-vira-e-tira-o-joinville-da-lideranca\/#breadcrumb","itemListElement":[{"@type":"ListItem","position":1,"name":"In\u00edcio","item":"https:\/\/www.notibras.com\/site\/"},{"@type":"ListItem","position":2,"name":"ABC briga, usa garra, marca, vira e tira o Joinville da lideran\u00e7a"}]},{"@type":"WebSite","@id":"https:\/\/www.notibras.com\/site\/#website","url":"https:\/\/www.notibras.com\/site\/","name":"Notibras","description":"Not\u00edcias de Bras\u00edlia, do Brasil e do Mundo","publisher":{"@id":"https:\/\/www.notibras.com\/site\/#organization"},"potentialAction":[{"@type":"SearchAction","target":{"@type":"EntryPoint","urlTemplate":"https:\/\/www.notibras.com\/site\/?s={search_term_string}"},"query-input":{"@type":"PropertyValueSpecification","valueRequired":true,"valueName":"search_term_string"}}],"inLanguage":"pt-BR"},{"@type":"Organization","@id":"https:\/\/www.notibras.com\/site\/#organization","name":"Grupo Notibras de Comunica\u00e7\u00e3o","url":"https:\/\/www.notibras.com\/site\/","logo":{"@type":"ImageObject","inLanguage":"pt-BR","@id":"https:\/\/www.notibras.com\/site\/#\/schema\/logo\/image\/","url":"https:\/\/www.notibras.com\/site\/wp-content\/uploads\/2023\/01\/notibras23.png","contentUrl":"https:\/\/www.notibras.com\/site\/wp-content\/uploads\/2023\/01\/notibras23.png","width":350,"height":87,"caption":"Grupo Notibras de Comunica\u00e7\u00e3o"},"image":{"@id":"https:\/\/www.notibras.com\/site\/#\/schema\/logo\/image\/"},"sameAs":["https:\/\/www.facebook.com\/notibras\/","https:\/\/x.com\/Notibras","https:\/\/www.instagram.com\/notibras\/"]},{"@type":"Person","@id":"https:\/\/www.notibras.com\/site\/#\/schema\/person\/36ab0979449956132d3e5b517ea76ac8","name":"Reda\u00e7\u00e3o","image":{"@type":"ImageObject","inLanguage":"pt-BR","@id":"https:\/\/secure.gravatar.com\/avatar\/e0a867bdedb85fd243eadf09663511f96fc81e0720a4a42581f334ad4303aa6b?s=96&d=mm&r=g","url":"https:\/\/secure.gravatar.com\/avatar\/e0a867bdedb85fd243eadf09663511f96fc81e0720a4a42581f334ad4303aa6b?s=96&d=mm&r=g","contentUrl":"https:\/\/secure.gravatar.com\/avatar\/e0a867bdedb85fd243eadf09663511f96fc81e0720a4a42581f334ad4303aa6b?s=96&d=mm&r=g","caption":"Reda\u00e7\u00e3o"}}]}},"amp_enabled":true,"_links":{"self":[{"href":"https:\/\/www.notibras.com\/site\/wp-json\/wp\/v2\/posts\/16688","targetHints":{"allow":["GET"]}}],"collection":[{"href":"https:\/\/www.notibras.com\/site\/wp-json\/wp\/v2\/posts"}],"about":[{"href":"https:\/\/www.notibras.com\/site\/wp-json\/wp\/v2\/types\/post"}],"author":[{"embeddable":true,"href":"https:\/\/www.notibras.com\/site\/wp-json\/wp\/v2\/users\/2"}],"replies":[{"embeddable":true,"href":"https:\/\/www.notibras.com\/site\/wp-json\/wp\/v2\/comments?post=16688"}],"version-history":[{"count":0,"href":"https:\/\/www.notibras.com\/site\/wp-json\/wp\/v2\/posts\/16688\/revisions"}],"wp:featuredmedia":[{"embeddable":true,"href":"https:\/\/www.notibras.com\/site\/wp-json\/wp\/v2\/media\/16689"}],"wp:attachment":[{"href":"https:\/\/www.notibras.com\/site\/wp-json\/wp\/v2\/media?parent=16688"}],"wp:term":[{"taxonomy":"category","embeddable":true,"href":"https:\/\/www.notibras.com\/site\/wp-json\/wp\/v2\/categories?post=16688"},{"taxonomy":"post_tag","embeddable":true,"href":"https:\/\/www.notibras.com\/site\/wp-json\/wp\/v2\/tags?post=16688"}],"curies":[{"name":"wp","href":"https:\/\/api.w.org\/{rel}","templated":true}]}}