{"id":16691,"date":"2014-07-18T19:59:11","date_gmt":"2014-07-18T22:59:11","guid":{"rendered":"http:\/\/www.notibras.com\/site\/?p=16691"},"modified":"2014-07-19T00:01:28","modified_gmt":"2014-07-19T03:01:28","slug":"avai-derruba-ponte-preta-na-ressacada-com-golaco-de-carleto","status":"publish","type":"post","link":"https:\/\/www.notibras.com\/site\/avai-derruba-ponte-preta-na-ressacada-com-golaco-de-carleto\/","title":{"rendered":"Ava\u00ed derruba Ponte Preta na Ressacada com gola\u00e7o de Carleto"},"content":{"rendered":"<p>O retorno \u00e0 S\u00e9rie B ap\u00f3s a Copa do Mundo faz o torcedor do Ava\u00ed come\u00e7ar a sonhar com o acesso \u00e0 elite do futebol brasileiro.<\/p>\n<p>Nesta sexta-feira, na Ressacada, o time catarinense venceu mais uma. Desta vez, o triunfo, por 1 a 0, foi sobre a Ponte Preta, equipe que ocupava posto semelhante no in\u00edcio da rodada. Carleto foi o autor do gol da vit\u00f3ria.<\/p>\n<p class=\"text\">O resultado \u00e9 muito importante para o Ava\u00ed, que chega aos 20 pontos, alcan\u00e7a \u00e0 sexta coloca\u00e7\u00e3o e j\u00e1 come\u00e7a a ganhar for\u00e7a na briga pelo acesso \u00e0 primeira divis\u00e3o.<\/p>\n<blockquote>\n<p class=\"text\">A Ponte Preta, por sua vez, dois postos abaixo, soma 17 e se distancia dos quatro primeiros colocados nesta retomada da S\u00e9rie B.<\/p>\n<\/blockquote>\n<p class=\"text\">Na pr\u00f3xima rodada, as duas equipes t\u00eam compromissos dif\u00edceis. No dia 22, no outro s\u00e1bado, a Ponte Preta volta a jogar em casa, mas ter\u00e1 pela frente o embalado Vasco, que j\u00e1 come\u00e7a a visar o G-4 da competi\u00e7\u00e3o. O Ava\u00ed, por sua vez, encara um cl\u00e1ssico estadual, contra o Joinville, fora de casa.<\/p>\n","protected":false},"excerpt":{"rendered":"<p>O retorno \u00e0 S\u00e9rie B ap\u00f3s a Copa do Mundo faz o torcedor do Ava\u00ed come\u00e7ar a sonhar com o acesso \u00e0 elite do futebol brasileiro. Nesta sexta-feira, na Ressacada, o time catarinense venceu mais uma. Desta vez, o triunfo, por 1 a 0, foi sobre a Ponte Preta, equipe que ocupava posto semelhante no [&hellip;]<\/p>\n","protected":false},"author":2,"featured_media":16692,"comment_status":"open","ping_status":"closed","sticky":false,"template":"","format":"standard","meta":{"_acf_changed":false,"footnotes":""},"categories":[19,29],"tags":[],"class_list":["post-16691","post","type-post","status-publish","format-standard","has-post-thumbnail","hentry","category-esportes","category-futebol"],"acf":[],"yoast_head":"<!-- This site is optimized with the Yoast SEO plugin v27.2 - https:\/\/yoast.com\/product\/yoast-seo-wordpress\/ -->\n<title>Ava\u00ed derruba Ponte Preta na Ressacada com gola\u00e7o de Carleto - Notibras<\/title>\n<meta name=\"robots\" content=\"index, follow, max-snippet:-1, max-image-preview:large, max-video-preview:-1\" \/>\n<link rel=\"canonical\" href=\"https:\/\/www.notibras.com\/site\/avai-derruba-ponte-preta-na-ressacada-com-golaco-de-carleto\/\" \/>\n<meta property=\"og:locale\" content=\"pt_BR\" \/>\n<meta property=\"og:type\" content=\"article\" \/>\n<meta property=\"og:title\" content=\"Ava\u00ed derruba Ponte Preta na Ressacada com gola\u00e7o de Carleto - Notibras\" \/>\n<meta property=\"og:description\" content=\"O retorno \u00e0 S\u00e9rie B ap\u00f3s a Copa do Mundo faz o torcedor do Ava\u00ed come\u00e7ar a sonhar com o acesso \u00e0 elite do futebol brasileiro. Nesta sexta-feira, na Ressacada, o time catarinense venceu mais uma. Desta vez, o triunfo, por 1 a 0, foi sobre a Ponte Preta, equipe que ocupava posto semelhante no [&hellip;]\" \/>\n<meta property=\"og:url\" content=\"https:\/\/www.notibras.com\/site\/avai-derruba-ponte-preta-na-ressacada-com-golaco-de-carleto\/\" \/>\n<meta property=\"og:site_name\" content=\"Notibras\" \/>\n<meta property=\"article:publisher\" content=\"https:\/\/www.facebook.com\/notibras\/\" \/>\n<meta property=\"article:published_time\" content=\"2014-07-18T22:59:11+00:00\" \/>\n<meta property=\"article:modified_time\" content=\"2014-07-19T03:01:28+00:00\" \/>\n<meta property=\"og:image\" content=\"https:\/\/www.notibras.com\/site\/wp-content\/uploads\/2014\/07\/avai.jpg\" \/>\n\t<meta property=\"og:image:width\" content=\"460\" \/>\n\t<meta property=\"og:image:height\" content=\"340\" \/>\n\t<meta property=\"og:image:type\" content=\"image\/jpeg\" \/>\n<meta name=\"author\" content=\"Reda\u00e7\u00e3o\" \/>\n<meta name=\"twitter:card\" content=\"summary_large_image\" \/>\n<meta name=\"twitter:creator\" content=\"@Notibras\" \/>\n<meta name=\"twitter:site\" content=\"@Notibras\" \/>\n<meta name=\"twitter:label1\" content=\"Escrito por\" \/>\n\t<meta name=\"twitter:data1\" content=\"Reda\u00e7\u00e3o\" \/>\n\t<meta name=\"twitter:label2\" content=\"Est. tempo de leitura\" \/>\n\t<meta name=\"twitter:data2\" content=\"1 minuto\" \/>\n<script type=\"application\/ld+json\" class=\"yoast-schema-graph\">{\"@context\":\"https:\/\/schema.org\",\"@graph\":[{\"@type\":\"Article\",\"@id\":\"https:\/\/www.notibras.com\/site\/avai-derruba-ponte-preta-na-ressacada-com-golaco-de-carleto\/#article\",\"isPartOf\":{\"@id\":\"https:\/\/www.notibras.com\/site\/avai-derruba-ponte-preta-na-ressacada-com-golaco-de-carleto\/\"},\"author\":{\"name\":\"Reda\u00e7\u00e3o\",\"@id\":\"https:\/\/www.notibras.com\/site\/#\/schema\/person\/36ab0979449956132d3e5b517ea76ac8\"},\"headline\":\"Ava\u00ed derruba Ponte Preta na Ressacada com gola\u00e7o de Carleto\",\"datePublished\":\"2014-07-18T22:59:11+00:00\",\"dateModified\":\"2014-07-19T03:01:28+00:00\",\"mainEntityOfPage\":{\"@id\":\"https:\/\/www.notibras.com\/site\/avai-derruba-ponte-preta-na-ressacada-com-golaco-de-carleto\/\"},\"wordCount\":192,\"commentCount\":0,\"publisher\":{\"@id\":\"https:\/\/www.notibras.com\/site\/#organization\"},\"image\":{\"@id\":\"https:\/\/www.notibras.com\/site\/avai-derruba-ponte-preta-na-ressacada-com-golaco-de-carleto\/#primaryimage\"},\"thumbnailUrl\":\"https:\/\/www.notibras.com\/site\/wp-content\/uploads\/2014\/07\/avai.jpg\",\"articleSection\":[\"Esportes\",\"Futebol\"],\"inLanguage\":\"pt-BR\",\"potentialAction\":[{\"@type\":\"CommentAction\",\"name\":\"Comment\",\"target\":[\"https:\/\/www.notibras.com\/site\/avai-derruba-ponte-preta-na-ressacada-com-golaco-de-carleto\/#respond\"]}]},{\"@type\":\"WebPage\",\"@id\":\"https:\/\/www.notibras.com\/site\/avai-derruba-ponte-preta-na-ressacada-com-golaco-de-carleto\/\",\"url\":\"https:\/\/www.notibras.com\/site\/avai-derruba-ponte-preta-na-ressacada-com-golaco-de-carleto\/\",\"name\":\"Ava\u00ed derruba Ponte Preta na Ressacada com gola\u00e7o de Carleto - Notibras\",\"isPartOf\":{\"@id\":\"https:\/\/www.notibras.com\/site\/#website\"},\"primaryImageOfPage\":{\"@id\":\"https:\/\/www.notibras.com\/site\/avai-derruba-ponte-preta-na-ressacada-com-golaco-de-carleto\/#primaryimage\"},\"image\":{\"@id\":\"https:\/\/www.notibras.com\/site\/avai-derruba-ponte-preta-na-ressacada-com-golaco-de-carleto\/#primaryimage\"},\"thumbnailUrl\":\"https:\/\/www.notibras.com\/site\/wp-content\/uploads\/2014\/07\/avai.jpg\",\"datePublished\":\"2014-07-18T22:59:11+00:00\",\"dateModified\":\"2014-07-19T03:01:28+00:00\",\"breadcrumb\":{\"@id\":\"https:\/\/www.notibras.com\/site\/avai-derruba-ponte-preta-na-ressacada-com-golaco-de-carleto\/#breadcrumb\"},\"inLanguage\":\"pt-BR\",\"potentialAction\":[{\"@type\":\"ReadAction\",\"target\":[\"https:\/\/www.notibras.com\/site\/avai-derruba-ponte-preta-na-ressacada-com-golaco-de-carleto\/\"]}]},{\"@type\":\"ImageObject\",\"inLanguage\":\"pt-BR\",\"@id\":\"https:\/\/www.notibras.com\/site\/avai-derruba-ponte-preta-na-ressacada-com-golaco-de-carleto\/#primaryimage\",\"url\":\"https:\/\/www.notibras.com\/site\/wp-content\/uploads\/2014\/07\/avai.jpg\",\"contentUrl\":\"https:\/\/www.notibras.com\/site\/wp-content\/uploads\/2014\/07\/avai.jpg\",\"width\":460,\"height\":340},{\"@type\":\"BreadcrumbList\",\"@id\":\"https:\/\/www.notibras.com\/site\/avai-derruba-ponte-preta-na-ressacada-com-golaco-de-carleto\/#breadcrumb\",\"itemListElement\":[{\"@type\":\"ListItem\",\"position\":1,\"name\":\"In\u00edcio\",\"item\":\"https:\/\/www.notibras.com\/site\/\"},{\"@type\":\"ListItem\",\"position\":2,\"name\":\"Ava\u00ed derruba Ponte Preta na Ressacada com gola\u00e7o de Carleto\"}]},{\"@type\":\"WebSite\",\"@id\":\"https:\/\/www.notibras.com\/site\/#website\",\"url\":\"https:\/\/www.notibras.com\/site\/\",\"name\":\"Notibras\",\"description\":\"Not\u00edcias de Bras\u00edlia, do Brasil e do Mundo\",\"publisher\":{\"@id\":\"https:\/\/www.notibras.com\/site\/#organization\"},\"potentialAction\":[{\"@type\":\"SearchAction\",\"target\":{\"@type\":\"EntryPoint\",\"urlTemplate\":\"https:\/\/www.notibras.com\/site\/?s={search_term_string}\"},\"query-input\":{\"@type\":\"PropertyValueSpecification\",\"valueRequired\":true,\"valueName\":\"search_term_string\"}}],\"inLanguage\":\"pt-BR\"},{\"@type\":\"Organization\",\"@id\":\"https:\/\/www.notibras.com\/site\/#organization\",\"name\":\"Grupo Notibras de Comunica\u00e7\u00e3o\",\"url\":\"https:\/\/www.notibras.com\/site\/\",\"logo\":{\"@type\":\"ImageObject\",\"inLanguage\":\"pt-BR\",\"@id\":\"https:\/\/www.notibras.com\/site\/#\/schema\/logo\/image\/\",\"url\":\"https:\/\/www.notibras.com\/site\/wp-content\/uploads\/2023\/01\/notibras23.png\",\"contentUrl\":\"https:\/\/www.notibras.com\/site\/wp-content\/uploads\/2023\/01\/notibras23.png\",\"width\":350,\"height\":87,\"caption\":\"Grupo Notibras de Comunica\u00e7\u00e3o\"},\"image\":{\"@id\":\"https:\/\/www.notibras.com\/site\/#\/schema\/logo\/image\/\"},\"sameAs\":[\"https:\/\/www.facebook.com\/notibras\/\",\"https:\/\/x.com\/Notibras\",\"https:\/\/www.instagram.com\/notibras\/\"]},{\"@type\":\"Person\",\"@id\":\"https:\/\/www.notibras.com\/site\/#\/schema\/person\/36ab0979449956132d3e5b517ea76ac8\",\"name\":\"Reda\u00e7\u00e3o\",\"image\":{\"@type\":\"ImageObject\",\"inLanguage\":\"pt-BR\",\"@id\":\"https:\/\/secure.gravatar.com\/avatar\/e0a867bdedb85fd243eadf09663511f96fc81e0720a4a42581f334ad4303aa6b?s=96&d=mm&r=g\",\"url\":\"https:\/\/secure.gravatar.com\/avatar\/e0a867bdedb85fd243eadf09663511f96fc81e0720a4a42581f334ad4303aa6b?s=96&d=mm&r=g\",\"contentUrl\":\"https:\/\/secure.gravatar.com\/avatar\/e0a867bdedb85fd243eadf09663511f96fc81e0720a4a42581f334ad4303aa6b?s=96&d=mm&r=g\",\"caption\":\"Reda\u00e7\u00e3o\"}}]}<\/script>\n<!-- \/ Yoast SEO plugin. -->","yoast_head_json":{"title":"Ava\u00ed derruba Ponte Preta na Ressacada com gola\u00e7o de Carleto - Notibras","robots":{"index":"index","follow":"follow","max-snippet":"max-snippet:-1","max-image-preview":"max-image-preview:large","max-video-preview":"max-video-preview:-1"},"canonical":"https:\/\/www.notibras.com\/site\/avai-derruba-ponte-preta-na-ressacada-com-golaco-de-carleto\/","og_locale":"pt_BR","og_type":"article","og_title":"Ava\u00ed derruba Ponte Preta na Ressacada com gola\u00e7o de Carleto - Notibras","og_description":"O retorno \u00e0 S\u00e9rie B ap\u00f3s a Copa do Mundo faz o torcedor do Ava\u00ed come\u00e7ar a sonhar com o acesso \u00e0 elite do futebol brasileiro. Nesta sexta-feira, na Ressacada, o time catarinense venceu mais uma. Desta vez, o triunfo, por 1 a 0, foi sobre a Ponte Preta, equipe que ocupava posto semelhante no [&hellip;]","og_url":"https:\/\/www.notibras.com\/site\/avai-derruba-ponte-preta-na-ressacada-com-golaco-de-carleto\/","og_site_name":"Notibras","article_publisher":"https:\/\/www.facebook.com\/notibras\/","article_published_time":"2014-07-18T22:59:11+00:00","article_modified_time":"2014-07-19T03:01:28+00:00","og_image":[{"width":460,"height":340,"url":"https:\/\/www.notibras.com\/site\/wp-content\/uploads\/2014\/07\/avai.jpg","type":"image\/jpeg"}],"author":"Reda\u00e7\u00e3o","twitter_card":"summary_large_image","twitter_creator":"@Notibras","twitter_site":"@Notibras","twitter_misc":{"Escrito por":"Reda\u00e7\u00e3o","Est. tempo de leitura":"1 minuto"},"schema":{"@context":"https:\/\/schema.org","@graph":[{"@type":"Article","@id":"https:\/\/www.notibras.com\/site\/avai-derruba-ponte-preta-na-ressacada-com-golaco-de-carleto\/#article","isPartOf":{"@id":"https:\/\/www.notibras.com\/site\/avai-derruba-ponte-preta-na-ressacada-com-golaco-de-carleto\/"},"author":{"name":"Reda\u00e7\u00e3o","@id":"https:\/\/www.notibras.com\/site\/#\/schema\/person\/36ab0979449956132d3e5b517ea76ac8"},"headline":"Ava\u00ed derruba Ponte Preta na Ressacada com gola\u00e7o de Carleto","datePublished":"2014-07-18T22:59:11+00:00","dateModified":"2014-07-19T03:01:28+00:00","mainEntityOfPage":{"@id":"https:\/\/www.notibras.com\/site\/avai-derruba-ponte-preta-na-ressacada-com-golaco-de-carleto\/"},"wordCount":192,"commentCount":0,"publisher":{"@id":"https:\/\/www.notibras.com\/site\/#organization"},"image":{"@id":"https:\/\/www.notibras.com\/site\/avai-derruba-ponte-preta-na-ressacada-com-golaco-de-carleto\/#primaryimage"},"thumbnailUrl":"https:\/\/www.notibras.com\/site\/wp-content\/uploads\/2014\/07\/avai.jpg","articleSection":["Esportes","Futebol"],"inLanguage":"pt-BR","potentialAction":[{"@type":"CommentAction","name":"Comment","target":["https:\/\/www.notibras.com\/site\/avai-derruba-ponte-preta-na-ressacada-com-golaco-de-carleto\/#respond"]}]},{"@type":"WebPage","@id":"https:\/\/www.notibras.com\/site\/avai-derruba-ponte-preta-na-ressacada-com-golaco-de-carleto\/","url":"https:\/\/www.notibras.com\/site\/avai-derruba-ponte-preta-na-ressacada-com-golaco-de-carleto\/","name":"Ava\u00ed derruba Ponte Preta na Ressacada com gola\u00e7o de Carleto - Notibras","isPartOf":{"@id":"https:\/\/www.notibras.com\/site\/#website"},"primaryImageOfPage":{"@id":"https:\/\/www.notibras.com\/site\/avai-derruba-ponte-preta-na-ressacada-com-golaco-de-carleto\/#primaryimage"},"image":{"@id":"https:\/\/www.notibras.com\/site\/avai-derruba-ponte-preta-na-ressacada-com-golaco-de-carleto\/#primaryimage"},"thumbnailUrl":"https:\/\/www.notibras.com\/site\/wp-content\/uploads\/2014\/07\/avai.jpg","datePublished":"2014-07-18T22:59:11+00:00","dateModified":"2014-07-19T03:01:28+00:00","breadcrumb":{"@id":"https:\/\/www.notibras.com\/site\/avai-derruba-ponte-preta-na-ressacada-com-golaco-de-carleto\/#breadcrumb"},"inLanguage":"pt-BR","potentialAction":[{"@type":"ReadAction","target":["https:\/\/www.notibras.com\/site\/avai-derruba-ponte-preta-na-ressacada-com-golaco-de-carleto\/"]}]},{"@type":"ImageObject","inLanguage":"pt-BR","@id":"https:\/\/www.notibras.com\/site\/avai-derruba-ponte-preta-na-ressacada-com-golaco-de-carleto\/#primaryimage","url":"https:\/\/www.notibras.com\/site\/wp-content\/uploads\/2014\/07\/avai.jpg","contentUrl":"https:\/\/www.notibras.com\/site\/wp-content\/uploads\/2014\/07\/avai.jpg","width":460,"height":340},{"@type":"BreadcrumbList","@id":"https:\/\/www.notibras.com\/site\/avai-derruba-ponte-preta-na-ressacada-com-golaco-de-carleto\/#breadcrumb","itemListElement":[{"@type":"ListItem","position":1,"name":"In\u00edcio","item":"https:\/\/www.notibras.com\/site\/"},{"@type":"ListItem","position":2,"name":"Ava\u00ed derruba Ponte Preta na Ressacada com gola\u00e7o de Carleto"}]},{"@type":"WebSite","@id":"https:\/\/www.notibras.com\/site\/#website","url":"https:\/\/www.notibras.com\/site\/","name":"Notibras","description":"Not\u00edcias de Bras\u00edlia, do Brasil e do Mundo","publisher":{"@id":"https:\/\/www.notibras.com\/site\/#organization"},"potentialAction":[{"@type":"SearchAction","target":{"@type":"EntryPoint","urlTemplate":"https:\/\/www.notibras.com\/site\/?s={search_term_string}"},"query-input":{"@type":"PropertyValueSpecification","valueRequired":true,"valueName":"search_term_string"}}],"inLanguage":"pt-BR"},{"@type":"Organization","@id":"https:\/\/www.notibras.com\/site\/#organization","name":"Grupo Notibras de Comunica\u00e7\u00e3o","url":"https:\/\/www.notibras.com\/site\/","logo":{"@type":"ImageObject","inLanguage":"pt-BR","@id":"https:\/\/www.notibras.com\/site\/#\/schema\/logo\/image\/","url":"https:\/\/www.notibras.com\/site\/wp-content\/uploads\/2023\/01\/notibras23.png","contentUrl":"https:\/\/www.notibras.com\/site\/wp-content\/uploads\/2023\/01\/notibras23.png","width":350,"height":87,"caption":"Grupo Notibras de Comunica\u00e7\u00e3o"},"image":{"@id":"https:\/\/www.notibras.com\/site\/#\/schema\/logo\/image\/"},"sameAs":["https:\/\/www.facebook.com\/notibras\/","https:\/\/x.com\/Notibras","https:\/\/www.instagram.com\/notibras\/"]},{"@type":"Person","@id":"https:\/\/www.notibras.com\/site\/#\/schema\/person\/36ab0979449956132d3e5b517ea76ac8","name":"Reda\u00e7\u00e3o","image":{"@type":"ImageObject","inLanguage":"pt-BR","@id":"https:\/\/secure.gravatar.com\/avatar\/e0a867bdedb85fd243eadf09663511f96fc81e0720a4a42581f334ad4303aa6b?s=96&d=mm&r=g","url":"https:\/\/secure.gravatar.com\/avatar\/e0a867bdedb85fd243eadf09663511f96fc81e0720a4a42581f334ad4303aa6b?s=96&d=mm&r=g","contentUrl":"https:\/\/secure.gravatar.com\/avatar\/e0a867bdedb85fd243eadf09663511f96fc81e0720a4a42581f334ad4303aa6b?s=96&d=mm&r=g","caption":"Reda\u00e7\u00e3o"}}]}},"amp_enabled":true,"_links":{"self":[{"href":"https:\/\/www.notibras.com\/site\/wp-json\/wp\/v2\/posts\/16691","targetHints":{"allow":["GET"]}}],"collection":[{"href":"https:\/\/www.notibras.com\/site\/wp-json\/wp\/v2\/posts"}],"about":[{"href":"https:\/\/www.notibras.com\/site\/wp-json\/wp\/v2\/types\/post"}],"author":[{"embeddable":true,"href":"https:\/\/www.notibras.com\/site\/wp-json\/wp\/v2\/users\/2"}],"replies":[{"embeddable":true,"href":"https:\/\/www.notibras.com\/site\/wp-json\/wp\/v2\/comments?post=16691"}],"version-history":[{"count":0,"href":"https:\/\/www.notibras.com\/site\/wp-json\/wp\/v2\/posts\/16691\/revisions"}],"wp:featuredmedia":[{"embeddable":true,"href":"https:\/\/www.notibras.com\/site\/wp-json\/wp\/v2\/media\/16692"}],"wp:attachment":[{"href":"https:\/\/www.notibras.com\/site\/wp-json\/wp\/v2\/media?parent=16691"}],"wp:term":[{"taxonomy":"category","embeddable":true,"href":"https:\/\/www.notibras.com\/site\/wp-json\/wp\/v2\/categories?post=16691"},{"taxonomy":"post_tag","embeddable":true,"href":"https:\/\/www.notibras.com\/site\/wp-json\/wp\/v2\/tags?post=16691"}],"curies":[{"name":"wp","href":"https:\/\/api.w.org\/{rel}","templated":true}]}}