{"id":16697,"date":"2014-07-19T15:51:07","date_gmt":"2014-07-19T18:51:07","guid":{"rendered":"http:\/\/www.notibras.com\/site\/?p=16697"},"modified":"2014-07-19T15:51:07","modified_gmt":"2014-07-19T18:51:07","slug":"corpo-de-joao-ubaldo-e-sepultado-no-sao-joao-batista","status":"publish","type":"post","link":"https:\/\/www.notibras.com\/site\/corpo-de-joao-ubaldo-e-sepultado-no-sao-joao-batista\/","title":{"rendered":"Corpo de Jo\u00e3o Ubaldo \u00e9 sepultado no S\u00e3o Jo\u00e3o Batista"},"content":{"rendered":"<p>O corpo do escritor Jo\u00e3o Ubaldo Ribeiro\u00a0foi enterrado neste s\u00e1bado no mausol\u00e9u da ABL, no cemit\u00e9rio S\u00e3o Jo\u00e3o Batista, Rio de Janeiro, com uma camiseta com a imagem da sua terra natal, Itaparica, por baixo do fard\u00e3o da ABL.<\/p>\n<p>Segundo amigos do baiano, ele usava essa camisa dentro de casa, com frequ\u00eancia. Por cima do caix\u00e3o, foi colocada uma camisa do bloco de Carnaval Areia, que levou cerca de 5 mil pessoas \u00e0s ruas do Leblon esse ano.<\/p>\n<p>A cerim\u00f4nia\u00a0foi acompanhada por dezenas de familiares e amigos. Pouco antes de o caix\u00e3o ser baixado, a vi\u00fava, Berenice, pediu que a tampa fosse aberta, para se despedir pela \u00faltima vez do marido.<\/p>\n<blockquote>\n<p class=\"text\">Manuel Ribeiro, irm\u00e3o de Jo\u00e3o Ubaldo, disse que vai se lembrar dele como uma pessoa feliz. &#8220;Para mim, o que fica \u00e9 a imagem do sorriso dele&#8221;.<\/p>\n<\/blockquote>\n<p class=\"text\">J\u00e1 Bento Ribeiro, filho dele, afirmou que a obra do pai \u00e9 imortal. &#8220;Tenho certeza que as obras dele ser\u00e3o lidas e relidas por muito tempo&#8221;, disse. Segundo ele, o pai deixou um livro, com hist\u00f3rias do Leblon vistas por um baiano, inacabado.<\/p>\n<p>O poeta Geraldinho Carneiro lamentou n\u00e3o poder falar mais com o amigo, com quem produziu cerca de 50 trabalhos e com quem conversava muito. &#8220;Ele era de uma sinceridade fant\u00e1stica, de uma delicadeza&#8221;, lembrou o poeta.<\/p>\n<p class=\"text\">O vel\u00f3rio foi realizado\u00a0na Academia Brasileira de Letras (ABL), onde,\u00a0nesta manh\u00e3, tamb\u00e9m aconteceu uma cerim\u00f4nia religiosa de corpo presente pelo Monsenhor S\u00e9rgio Costa Couto, capel\u00e3o do Outeiro da Gl\u00f3ria.<\/p>\n","protected":false},"excerpt":{"rendered":"<p>O corpo do escritor Jo\u00e3o Ubaldo Ribeiro\u00a0foi enterrado neste s\u00e1bado no mausol\u00e9u da ABL, no cemit\u00e9rio S\u00e3o Jo\u00e3o Batista, Rio de Janeiro, com uma camiseta com a imagem da sua terra natal, Itaparica, por baixo do fard\u00e3o da ABL. Segundo amigos do baiano, ele usava essa camisa dentro de casa, com frequ\u00eancia. Por cima do [&hellip;]<\/p>\n","protected":false},"author":2,"featured_media":16698,"comment_status":"open","ping_status":"closed","sticky":false,"template":"","format":"standard","meta":{"_acf_changed":false,"footnotes":""},"categories":[16],"tags":[],"class_list":["post-16697","post","type-post","status-publish","format-standard","has-post-thumbnail","hentry","category-brasil"],"acf":[],"_links":{"self":[{"href":"https:\/\/www.notibras.com\/site\/wp-json\/wp\/v2\/posts\/16697","targetHints":{"allow":["GET"]}}],"collection":[{"href":"https:\/\/www.notibras.com\/site\/wp-json\/wp\/v2\/posts"}],"about":[{"href":"https:\/\/www.notibras.com\/site\/wp-json\/wp\/v2\/types\/post"}],"author":[{"embeddable":true,"href":"https:\/\/www.notibras.com\/site\/wp-json\/wp\/v2\/users\/2"}],"replies":[{"embeddable":true,"href":"https:\/\/www.notibras.com\/site\/wp-json\/wp\/v2\/comments?post=16697"}],"version-history":[{"count":0,"href":"https:\/\/www.notibras.com\/site\/wp-json\/wp\/v2\/posts\/16697\/revisions"}],"wp:featuredmedia":[{"embeddable":true,"href":"https:\/\/www.notibras.com\/site\/wp-json\/wp\/v2\/media\/16698"}],"wp:attachment":[{"href":"https:\/\/www.notibras.com\/site\/wp-json\/wp\/v2\/media?parent=16697"}],"wp:term":[{"taxonomy":"category","embeddable":true,"href":"https:\/\/www.notibras.com\/site\/wp-json\/wp\/v2\/categories?post=16697"},{"taxonomy":"post_tag","embeddable":true,"href":"https:\/\/www.notibras.com\/site\/wp-json\/wp\/v2\/tags?post=16697"}],"curies":[{"name":"wp","href":"https:\/\/api.w.org\/{rel}","templated":true}]}}