{"id":16700,"date":"2014-07-19T15:54:31","date_gmt":"2014-07-19T18:54:31","guid":{"rendered":"http:\/\/www.notibras.com\/site\/?p=16700"},"modified":"2014-07-20T10:14:20","modified_gmt":"2014-07-20T13:14:20","slug":"morre-rubem-alves-80-anos-o-escritor-teologo-da-esperanca","status":"publish","type":"post","link":"https:\/\/www.notibras.com\/site\/morre-rubem-alves-80-anos-o-escritor-teologo-da-esperanca\/","title":{"rendered":"Morre Rubem Alves, 80 anos, escritor te\u00f3logo da esperan\u00e7a"},"content":{"rendered":"<p>As 11h50 deste\u00a0s\u00e1bado (19), o escritor Rubem Alves, 80 anos, morreu em decorr\u00eancia de fal\u00eancia m\u00faltipla dos \u00f3rg\u00e3os. Antes disso, ainda nesta manh\u00e3, um boletim m\u00e9dico divulgado j\u00e1 dava conta da piora do quadro do pensador por conta de problemas com sua\u00a0condi\u00e7\u00e3o circulat\u00f3ria. O vel\u00f3rio ser\u00e1 realizado \u00e0s 19h deste s\u00e1bado na C\u00e2mara Municipal de Campinas, interior de S\u00e3o Paulo.<\/p>\n<p class=\"text\">Rubem estava\u00a0internado na Unidade de Terapia Intensiva (UTI) do Hospital Centro M\u00e9dico de Campinas. O paciente tamb\u00e9m j\u00e1 apresentava piora progressiva nas fun\u00e7\u00f5es renal e pulmonar.\u00a0Ele deu entrada na\u00a0unidade m\u00e9dica no dia 10 de julho de 2014 com um quadro de insufici\u00eancia respirat\u00f3ria devido a uma pneumonia.<\/p>\n<p class=\"text\">Rubem Alves nasceu na cidade de Boa Esperan\u00e7a, no interior de Minas Gerais, em 15 de setembro de 1933. Foi um pensador de muitas frentes: psicanalista, educador, te\u00f3logo e escritor brasileiro, tendo escrito livros e artigos com temas religiosos, educacionais, existenciais e infanto-juvenis. Muitas de suas obras foram publicadas em outros idiomas, como ingl\u00eas, franc\u00eas, italiano, espanhol, alem\u00e3o e romeno.<\/p>\n<p class=\"text\">Bacharel em teologia pelo Semin\u00e1rio Presbiteriano do Sul, em Campinas, Mestre em Teologia e Doutor em Filosofia (Ph.D.) pelo Semin\u00e1rio Teol\u00f3gico de Princeton (EUA) e psicanalista. Lecionou no Instituto Presbiteriano Gammon, na cidade de Lavras, Minas Gerais, no Semin\u00e1rio Presbiteriano de Campinas, na Faculdade de Filosofia, Ci\u00eancias e Letras de Rio Claro e na UNICAMP, onde recebeu o t\u00edtulo de Professor Em\u00e9rito.<\/p>\n<p class=\"text\">Ap\u00f3s ter ensinado por muitos anos em universidades, abriu um restaurante, j\u00e1 que a culin\u00e1ria era uma de suas paix\u00f5es e tema de alguns de seus textos. Vivia em Campinas, onde mantinha um grupo, chamado de Canoeiros, que se encontrava semanalmente para a leitura de poesias.<\/p>\n<p class=\"text\">Na cidade do interior paulista se tornou cidad\u00e3o honor\u00e1rio e recebeu a Medalha Carlos Gomes de contribui\u00e7\u00e3o \u00e0 cultura.<\/p>\n","protected":false},"excerpt":{"rendered":"<p>As 11h50 deste\u00a0s\u00e1bado (19), o escritor Rubem Alves, 80 anos, morreu em decorr\u00eancia de fal\u00eancia m\u00faltipla dos \u00f3rg\u00e3os. Antes disso, ainda nesta manh\u00e3, um boletim m\u00e9dico divulgado j\u00e1 dava conta da piora do quadro do pensador por conta de problemas com sua\u00a0condi\u00e7\u00e3o circulat\u00f3ria. O vel\u00f3rio ser\u00e1 realizado \u00e0s 19h deste s\u00e1bado na C\u00e2mara Municipal de [&hellip;]<\/p>\n","protected":false},"author":2,"featured_media":16701,"comment_status":"open","ping_status":"closed","sticky":false,"template":"","format":"standard","meta":{"_acf_changed":false,"footnotes":""},"categories":[16],"tags":[],"class_list":["post-16700","post","type-post","status-publish","format-standard","has-post-thumbnail","hentry","category-brasil"],"acf":[],"_links":{"self":[{"href":"https:\/\/www.notibras.com\/site\/wp-json\/wp\/v2\/posts\/16700","targetHints":{"allow":["GET"]}}],"collection":[{"href":"https:\/\/www.notibras.com\/site\/wp-json\/wp\/v2\/posts"}],"about":[{"href":"https:\/\/www.notibras.com\/site\/wp-json\/wp\/v2\/types\/post"}],"author":[{"embeddable":true,"href":"https:\/\/www.notibras.com\/site\/wp-json\/wp\/v2\/users\/2"}],"replies":[{"embeddable":true,"href":"https:\/\/www.notibras.com\/site\/wp-json\/wp\/v2\/comments?post=16700"}],"version-history":[{"count":0,"href":"https:\/\/www.notibras.com\/site\/wp-json\/wp\/v2\/posts\/16700\/revisions"}],"wp:featuredmedia":[{"embeddable":true,"href":"https:\/\/www.notibras.com\/site\/wp-json\/wp\/v2\/media\/16701"}],"wp:attachment":[{"href":"https:\/\/www.notibras.com\/site\/wp-json\/wp\/v2\/media?parent=16700"}],"wp:term":[{"taxonomy":"category","embeddable":true,"href":"https:\/\/www.notibras.com\/site\/wp-json\/wp\/v2\/categories?post=16700"},{"taxonomy":"post_tag","embeddable":true,"href":"https:\/\/www.notibras.com\/site\/wp-json\/wp\/v2\/tags?post=16700"}],"curies":[{"name":"wp","href":"https:\/\/api.w.org\/{rel}","templated":true}]}}