{"id":16712,"date":"2014-07-19T18:13:00","date_gmt":"2014-07-19T21:13:00","guid":{"rendered":"http:\/\/www.notibras.com\/site\/?p=16712"},"modified":"2014-07-19T18:13:00","modified_gmt":"2014-07-19T21:13:00","slug":"candidato-do-pt-usa-comite-que-custa-120-mil-de-aluguel-mensal","status":"publish","type":"post","link":"https:\/\/www.notibras.com\/site\/candidato-do-pt-usa-comite-que-custa-120-mil-de-aluguel-mensal\/","title":{"rendered":"Candidato do PT usa comit\u00ea que custa 120 mil de aluguel mensal"},"content":{"rendered":"<p>O comit\u00ea de campanha do candidato ao Governo do Estado Rui Costa (PT) foi inaugurado na noite da sexta-feira 18, em Salvador. O local fica no in\u00edcio da Av. Tancredo Neves, sentido Av. Magalh\u00e3es Neto, onde antes funcionava uma loja de materiais de constru\u00e7\u00e3o.<\/p>\n<p>De acordo com a assessoria do candidato, o im\u00f3vel possui cerca de 6,5 mil metros quadrados e tem aluguel mensal fixado entre R$ 100 mil e R$ 120 mil.<\/p>\n<p>Estiveram presentes no evento de inaugura\u00e7\u00e3o do comit\u00ea, al\u00e9m de Rui Costa, o candidato a vice-governador Jo\u00e3o Le\u00e3o (PP), o candidato a senador Otto Alencar (PSD) e o atual governador Jaques Wagner (PT).<\/p>\n<p>Rua Costa destacou a posi\u00e7\u00e3o estrat\u00e9gica do comit\u00ea, que facilitar\u00e1 os deslocamentos para quem sai ou chega no local.<\/p>\n<blockquote><p>&#8220;A facilidade para chegar, para estacionar e sair para a rua, para o corpo a corpo. A escolha tem a ver com a facilidade, para dos quatro cantos da cidade, e do estado, poderem chegar mais f\u00e1cil&#8221;, afirma.<\/p><\/blockquote>\n<p>A assessoria do candidato ainda informou que estruturas menores ser\u00e3o montadas em diversas cidades do interior baiano.<\/p>\n","protected":false},"excerpt":{"rendered":"<p>O comit\u00ea de campanha do candidato ao Governo do Estado Rui Costa (PT) foi inaugurado na noite da sexta-feira 18, em Salvador. O local fica no in\u00edcio da Av. Tancredo Neves, sentido Av. Magalh\u00e3es Neto, onde antes funcionava uma loja de materiais de constru\u00e7\u00e3o. De acordo com a assessoria do candidato, o im\u00f3vel possui cerca [&hellip;]<\/p>\n","protected":false},"author":2,"featured_media":16713,"comment_status":"open","ping_status":"closed","sticky":false,"template":"","format":"standard","meta":{"_acf_changed":false,"footnotes":""},"categories":[33],"tags":[],"class_list":["post-16712","post","type-post","status-publish","format-standard","has-post-thumbnail","hentry","category-eleicoes-2014"],"acf":[],"_links":{"self":[{"href":"https:\/\/www.notibras.com\/site\/wp-json\/wp\/v2\/posts\/16712","targetHints":{"allow":["GET"]}}],"collection":[{"href":"https:\/\/www.notibras.com\/site\/wp-json\/wp\/v2\/posts"}],"about":[{"href":"https:\/\/www.notibras.com\/site\/wp-json\/wp\/v2\/types\/post"}],"author":[{"embeddable":true,"href":"https:\/\/www.notibras.com\/site\/wp-json\/wp\/v2\/users\/2"}],"replies":[{"embeddable":true,"href":"https:\/\/www.notibras.com\/site\/wp-json\/wp\/v2\/comments?post=16712"}],"version-history":[{"count":0,"href":"https:\/\/www.notibras.com\/site\/wp-json\/wp\/v2\/posts\/16712\/revisions"}],"wp:featuredmedia":[{"embeddable":true,"href":"https:\/\/www.notibras.com\/site\/wp-json\/wp\/v2\/media\/16713"}],"wp:attachment":[{"href":"https:\/\/www.notibras.com\/site\/wp-json\/wp\/v2\/media?parent=16712"}],"wp:term":[{"taxonomy":"category","embeddable":true,"href":"https:\/\/www.notibras.com\/site\/wp-json\/wp\/v2\/categories?post=16712"},{"taxonomy":"post_tag","embeddable":true,"href":"https:\/\/www.notibras.com\/site\/wp-json\/wp\/v2\/tags?post=16712"}],"curies":[{"name":"wp","href":"https:\/\/api.w.org\/{rel}","templated":true}]}}