{"id":16720,"date":"2014-07-19T20:22:36","date_gmt":"2014-07-19T23:22:36","guid":{"rendered":"http:\/\/www.notibras.com\/site\/?p=16720"},"modified":"2014-07-19T20:42:48","modified_gmt":"2014-07-19T23:42:48","slug":"vasco-faz-dois-um-contra-e-amarga-empate-na-volta-a-sao-januario","status":"publish","type":"post","link":"https:\/\/www.notibras.com\/site\/vasco-faz-dois-um-contra-e-amarga-empate-na-volta-a-sao-januario\/","title":{"rendered":"Vasco faz dois (um contra) e amarga empate em casa"},"content":{"rendered":"<p>Uma trapalhada da defesa do Vasco da Gama custou ao clube carioca uma vit\u00f3ria neste s\u00e1bado, no duelo contra o Am\u00e9rica-RN, realizado em S\u00e3o Janu\u00e1rio. Os anfritri\u00f5es ficaram no empate por 1 a 1 com os potiguares em partida v\u00e1lida pela 11\u00aa rodada da S\u00e9rie B do Campeonato Brasileiro. Douglas marcou pelo time da casa e Diego Renan, contra, fez pelos visitantes.<\/p>\n<p class=\"text\">O empate levou o clube carioca aos 18 pontos, insuficientes para alcan\u00e7ar o grupo de acesso \u00e0 primeira divis\u00e3o nacional. A equipe treinada por Adilson Batista ficou na s\u00e9tima posi\u00e7\u00e3o, seguida pelo rival deste s\u00e1bado, que, com 17 pontos, subiu para a oitava coloca\u00e7\u00e3o.<\/p>\n<p class=\"text\">Douglas foi o respons\u00e1vel pelo primeiro gol da partida, aos 21min do primeiro tempo, em uma cobran\u00e7a de falta precisa da entrada da \u00e1rea, \u00e0 esquerda de Fernando Henrique, que sequer pulou para tentar defender.<\/p>\n<p class=\"text\">Dos p\u00e9s de Douglas saiu outro gol vasca\u00edno, anulado pela arbitragem por impedimento, aos 38min. O meia efetuou cruzamento da intermedi\u00e1ria na medida para Luan, de cabe\u00e7a, mandar para as redes, mas em posi\u00e7\u00e3o irregular, fato que o trio de arbitragem n\u00e3o deixou passar.<\/p>\n<p class=\"text\">O Am\u00e9rica teve chance de empatar no \u00faltimo minuto do tempo regulamentar da etapa inicial, quando Rodrigo Pimp\u00e3o lan\u00e7ou para J\u00e9ferson, que chegou batendo e s\u00f3 n\u00e3o marcou porque Martin Silva estava atento e efetuou a defesa.<\/p>\n<p class=\"text\">Mais relaxado no setor defensivo ap\u00f3s abrir o placar, o Vasco acabou sofrendo o empate aos 18min do segundo tempo: J\u00e9ferson avan\u00e7ou pela ponta esquerda e chutou cruzado no meio da defesa do time carioca. Diego Renan se atrapalhou com a bola e desviou para as pr\u00f3prias redes, marcando a favor do time potiguar.<\/p>\n<blockquote>\n<p class=\"text\">Em busca da recupera\u00e7\u00e3o da vantagem no marcador, o Vasco partiu para cima, mas pecou nas finaliza\u00e7\u00f5es e sequer fez Fernando Henrique trabalhar com dificuldades at\u00e9 os 43min, quando o goleiro fez uma sequ\u00eancia incr\u00edvel de defesas \u00e0 queima roupa, salvando a igualdade para os visitantes.<\/p>\n<\/blockquote>\n<p class=\"text\">Na 12\u00aa rodada, a equipe cruzmaltina viaja a Campinas para enfrentar a Ponte Preta no Mois\u00e9s Lucarelli, em partida marcada para o pr\u00f3ximo s\u00e1bado, \u00e0s 16h20 (de Bras\u00edlia). O Am\u00e9rica-RN retorna a Natal para receber, na sexta-feira, o vice-l\u00edder Am\u00e9rica-MG \u00e0s 21h.<\/p>\n","protected":false},"excerpt":{"rendered":"<p>Uma trapalhada da defesa do Vasco da Gama custou ao clube carioca uma vit\u00f3ria neste s\u00e1bado, no duelo contra o Am\u00e9rica-RN, realizado em S\u00e3o Janu\u00e1rio. Os anfritri\u00f5es ficaram no empate por 1 a 1 com os potiguares em partida v\u00e1lida pela 11\u00aa rodada da S\u00e9rie B do Campeonato Brasileiro. Douglas marcou pelo time da casa [&hellip;]<\/p>\n","protected":false},"author":2,"featured_media":16721,"comment_status":"open","ping_status":"closed","sticky":false,"template":"","format":"standard","meta":{"_acf_changed":false,"footnotes":""},"categories":[19,29],"tags":[],"class_list":["post-16720","post","type-post","status-publish","format-standard","has-post-thumbnail","hentry","category-esportes","category-futebol"],"acf":[],"yoast_head":"<!-- This site is optimized with the Yoast SEO plugin v27.2 - https:\/\/yoast.com\/product\/yoast-seo-wordpress\/ -->\n<title>Vasco faz dois (um contra) e amarga empate em casa - Notibras<\/title>\n<meta name=\"robots\" content=\"index, follow, max-snippet:-1, max-image-preview:large, max-video-preview:-1\" \/>\n<link rel=\"canonical\" href=\"https:\/\/www.notibras.com\/site\/vasco-faz-dois-um-contra-e-amarga-empate-na-volta-a-sao-januario\/\" \/>\n<meta property=\"og:locale\" content=\"pt_BR\" \/>\n<meta property=\"og:type\" content=\"article\" \/>\n<meta property=\"og:title\" content=\"Vasco faz dois (um contra) e amarga empate em casa - Notibras\" \/>\n<meta property=\"og:description\" content=\"Uma trapalhada da defesa do Vasco da Gama custou ao clube carioca uma vit\u00f3ria neste s\u00e1bado, no duelo contra o Am\u00e9rica-RN, realizado em S\u00e3o Janu\u00e1rio. Os anfritri\u00f5es ficaram no empate por 1 a 1 com os potiguares em partida v\u00e1lida pela 11\u00aa rodada da S\u00e9rie B do Campeonato Brasileiro. Douglas marcou pelo time da casa [&hellip;]\" \/>\n<meta property=\"og:url\" content=\"https:\/\/www.notibras.com\/site\/vasco-faz-dois-um-contra-e-amarga-empate-na-volta-a-sao-januario\/\" \/>\n<meta property=\"og:site_name\" content=\"Notibras\" \/>\n<meta property=\"article:publisher\" content=\"https:\/\/www.facebook.com\/notibras\/\" \/>\n<meta property=\"article:published_time\" content=\"2014-07-19T23:22:36+00:00\" \/>\n<meta property=\"article:modified_time\" content=\"2014-07-19T23:42:48+00:00\" \/>\n<meta property=\"og:image\" content=\"https:\/\/www.notibras.com\/site\/wp-content\/uploads\/2014\/07\/07americarncomemoraempatedhavidnormandofp.jpg\" \/>\n\t<meta property=\"og:image:width\" content=\"750\" \/>\n\t<meta property=\"og:image:height\" content=\"500\" \/>\n\t<meta property=\"og:image:type\" content=\"image\/jpeg\" \/>\n<meta name=\"author\" content=\"Reda\u00e7\u00e3o\" \/>\n<meta name=\"twitter:card\" content=\"summary_large_image\" \/>\n<meta name=\"twitter:creator\" content=\"@Notibras\" \/>\n<meta name=\"twitter:site\" content=\"@Notibras\" \/>\n<meta name=\"twitter:label1\" content=\"Escrito por\" \/>\n\t<meta name=\"twitter:data1\" content=\"Reda\u00e7\u00e3o\" \/>\n\t<meta name=\"twitter:label2\" content=\"Est. tempo de leitura\" \/>\n\t<meta name=\"twitter:data2\" content=\"2 minutos\" \/>\n<script type=\"application\/ld+json\" class=\"yoast-schema-graph\">{\"@context\":\"https:\/\/schema.org\",\"@graph\":[{\"@type\":\"Article\",\"@id\":\"https:\/\/www.notibras.com\/site\/vasco-faz-dois-um-contra-e-amarga-empate-na-volta-a-sao-januario\/#article\",\"isPartOf\":{\"@id\":\"https:\/\/www.notibras.com\/site\/vasco-faz-dois-um-contra-e-amarga-empate-na-volta-a-sao-januario\/\"},\"author\":{\"name\":\"Reda\u00e7\u00e3o\",\"@id\":\"https:\/\/www.notibras.com\/site\/#\/schema\/person\/36ab0979449956132d3e5b517ea76ac8\"},\"headline\":\"Vasco faz dois (um contra) e amarga empate em casa\",\"datePublished\":\"2014-07-19T23:22:36+00:00\",\"dateModified\":\"2014-07-19T23:42:48+00:00\",\"mainEntityOfPage\":{\"@id\":\"https:\/\/www.notibras.com\/site\/vasco-faz-dois-um-contra-e-amarga-empate-na-volta-a-sao-januario\/\"},\"wordCount\":407,\"commentCount\":0,\"publisher\":{\"@id\":\"https:\/\/www.notibras.com\/site\/#organization\"},\"image\":{\"@id\":\"https:\/\/www.notibras.com\/site\/vasco-faz-dois-um-contra-e-amarga-empate-na-volta-a-sao-januario\/#primaryimage\"},\"thumbnailUrl\":\"https:\/\/www.notibras.com\/site\/wp-content\/uploads\/2014\/07\/07americarncomemoraempatedhavidnormandofp.jpg\",\"articleSection\":[\"Esportes\",\"Futebol\"],\"inLanguage\":\"pt-BR\",\"potentialAction\":[{\"@type\":\"CommentAction\",\"name\":\"Comment\",\"target\":[\"https:\/\/www.notibras.com\/site\/vasco-faz-dois-um-contra-e-amarga-empate-na-volta-a-sao-januario\/#respond\"]}]},{\"@type\":\"WebPage\",\"@id\":\"https:\/\/www.notibras.com\/site\/vasco-faz-dois-um-contra-e-amarga-empate-na-volta-a-sao-januario\/\",\"url\":\"https:\/\/www.notibras.com\/site\/vasco-faz-dois-um-contra-e-amarga-empate-na-volta-a-sao-januario\/\",\"name\":\"Vasco faz dois (um contra) e amarga empate em casa - Notibras\",\"isPartOf\":{\"@id\":\"https:\/\/www.notibras.com\/site\/#website\"},\"primaryImageOfPage\":{\"@id\":\"https:\/\/www.notibras.com\/site\/vasco-faz-dois-um-contra-e-amarga-empate-na-volta-a-sao-januario\/#primaryimage\"},\"image\":{\"@id\":\"https:\/\/www.notibras.com\/site\/vasco-faz-dois-um-contra-e-amarga-empate-na-volta-a-sao-januario\/#primaryimage\"},\"thumbnailUrl\":\"https:\/\/www.notibras.com\/site\/wp-content\/uploads\/2014\/07\/07americarncomemoraempatedhavidnormandofp.jpg\",\"datePublished\":\"2014-07-19T23:22:36+00:00\",\"dateModified\":\"2014-07-19T23:42:48+00:00\",\"breadcrumb\":{\"@id\":\"https:\/\/www.notibras.com\/site\/vasco-faz-dois-um-contra-e-amarga-empate-na-volta-a-sao-januario\/#breadcrumb\"},\"inLanguage\":\"pt-BR\",\"potentialAction\":[{\"@type\":\"ReadAction\",\"target\":[\"https:\/\/www.notibras.com\/site\/vasco-faz-dois-um-contra-e-amarga-empate-na-volta-a-sao-januario\/\"]}]},{\"@type\":\"ImageObject\",\"inLanguage\":\"pt-BR\",\"@id\":\"https:\/\/www.notibras.com\/site\/vasco-faz-dois-um-contra-e-amarga-empate-na-volta-a-sao-januario\/#primaryimage\",\"url\":\"https:\/\/www.notibras.com\/site\/wp-content\/uploads\/2014\/07\/07americarncomemoraempatedhavidnormandofp.jpg\",\"contentUrl\":\"https:\/\/www.notibras.com\/site\/wp-content\/uploads\/2014\/07\/07americarncomemoraempatedhavidnormandofp.jpg\",\"width\":750,\"height\":500},{\"@type\":\"BreadcrumbList\",\"@id\":\"https:\/\/www.notibras.com\/site\/vasco-faz-dois-um-contra-e-amarga-empate-na-volta-a-sao-januario\/#breadcrumb\",\"itemListElement\":[{\"@type\":\"ListItem\",\"position\":1,\"name\":\"In\u00edcio\",\"item\":\"https:\/\/www.notibras.com\/site\/\"},{\"@type\":\"ListItem\",\"position\":2,\"name\":\"Vasco faz dois (um contra) e amarga empate em casa\"}]},{\"@type\":\"WebSite\",\"@id\":\"https:\/\/www.notibras.com\/site\/#website\",\"url\":\"https:\/\/www.notibras.com\/site\/\",\"name\":\"Notibras\",\"description\":\"Not\u00edcias de Bras\u00edlia, do Brasil e do Mundo\",\"publisher\":{\"@id\":\"https:\/\/www.notibras.com\/site\/#organization\"},\"potentialAction\":[{\"@type\":\"SearchAction\",\"target\":{\"@type\":\"EntryPoint\",\"urlTemplate\":\"https:\/\/www.notibras.com\/site\/?s={search_term_string}\"},\"query-input\":{\"@type\":\"PropertyValueSpecification\",\"valueRequired\":true,\"valueName\":\"search_term_string\"}}],\"inLanguage\":\"pt-BR\"},{\"@type\":\"Organization\",\"@id\":\"https:\/\/www.notibras.com\/site\/#organization\",\"name\":\"Grupo Notibras de Comunica\u00e7\u00e3o\",\"url\":\"https:\/\/www.notibras.com\/site\/\",\"logo\":{\"@type\":\"ImageObject\",\"inLanguage\":\"pt-BR\",\"@id\":\"https:\/\/www.notibras.com\/site\/#\/schema\/logo\/image\/\",\"url\":\"https:\/\/www.notibras.com\/site\/wp-content\/uploads\/2023\/01\/notibras23.png\",\"contentUrl\":\"https:\/\/www.notibras.com\/site\/wp-content\/uploads\/2023\/01\/notibras23.png\",\"width\":350,\"height\":87,\"caption\":\"Grupo Notibras de Comunica\u00e7\u00e3o\"},\"image\":{\"@id\":\"https:\/\/www.notibras.com\/site\/#\/schema\/logo\/image\/\"},\"sameAs\":[\"https:\/\/www.facebook.com\/notibras\/\",\"https:\/\/x.com\/Notibras\",\"https:\/\/www.instagram.com\/notibras\/\"]},{\"@type\":\"Person\",\"@id\":\"https:\/\/www.notibras.com\/site\/#\/schema\/person\/36ab0979449956132d3e5b517ea76ac8\",\"name\":\"Reda\u00e7\u00e3o\",\"image\":{\"@type\":\"ImageObject\",\"inLanguage\":\"pt-BR\",\"@id\":\"https:\/\/secure.gravatar.com\/avatar\/e0a867bdedb85fd243eadf09663511f96fc81e0720a4a42581f334ad4303aa6b?s=96&d=mm&r=g\",\"url\":\"https:\/\/secure.gravatar.com\/avatar\/e0a867bdedb85fd243eadf09663511f96fc81e0720a4a42581f334ad4303aa6b?s=96&d=mm&r=g\",\"contentUrl\":\"https:\/\/secure.gravatar.com\/avatar\/e0a867bdedb85fd243eadf09663511f96fc81e0720a4a42581f334ad4303aa6b?s=96&d=mm&r=g\",\"caption\":\"Reda\u00e7\u00e3o\"}}]}<\/script>\n<!-- \/ Yoast SEO plugin. -->","yoast_head_json":{"title":"Vasco faz dois (um contra) e amarga empate em casa - Notibras","robots":{"index":"index","follow":"follow","max-snippet":"max-snippet:-1","max-image-preview":"max-image-preview:large","max-video-preview":"max-video-preview:-1"},"canonical":"https:\/\/www.notibras.com\/site\/vasco-faz-dois-um-contra-e-amarga-empate-na-volta-a-sao-januario\/","og_locale":"pt_BR","og_type":"article","og_title":"Vasco faz dois (um contra) e amarga empate em casa - Notibras","og_description":"Uma trapalhada da defesa do Vasco da Gama custou ao clube carioca uma vit\u00f3ria neste s\u00e1bado, no duelo contra o Am\u00e9rica-RN, realizado em S\u00e3o Janu\u00e1rio. Os anfritri\u00f5es ficaram no empate por 1 a 1 com os potiguares em partida v\u00e1lida pela 11\u00aa rodada da S\u00e9rie B do Campeonato Brasileiro. Douglas marcou pelo time da casa [&hellip;]","og_url":"https:\/\/www.notibras.com\/site\/vasco-faz-dois-um-contra-e-amarga-empate-na-volta-a-sao-januario\/","og_site_name":"Notibras","article_publisher":"https:\/\/www.facebook.com\/notibras\/","article_published_time":"2014-07-19T23:22:36+00:00","article_modified_time":"2014-07-19T23:42:48+00:00","og_image":[{"width":750,"height":500,"url":"https:\/\/www.notibras.com\/site\/wp-content\/uploads\/2014\/07\/07americarncomemoraempatedhavidnormandofp.jpg","type":"image\/jpeg"}],"author":"Reda\u00e7\u00e3o","twitter_card":"summary_large_image","twitter_creator":"@Notibras","twitter_site":"@Notibras","twitter_misc":{"Escrito por":"Reda\u00e7\u00e3o","Est. tempo de leitura":"2 minutos"},"schema":{"@context":"https:\/\/schema.org","@graph":[{"@type":"Article","@id":"https:\/\/www.notibras.com\/site\/vasco-faz-dois-um-contra-e-amarga-empate-na-volta-a-sao-januario\/#article","isPartOf":{"@id":"https:\/\/www.notibras.com\/site\/vasco-faz-dois-um-contra-e-amarga-empate-na-volta-a-sao-januario\/"},"author":{"name":"Reda\u00e7\u00e3o","@id":"https:\/\/www.notibras.com\/site\/#\/schema\/person\/36ab0979449956132d3e5b517ea76ac8"},"headline":"Vasco faz dois (um contra) e amarga empate em casa","datePublished":"2014-07-19T23:22:36+00:00","dateModified":"2014-07-19T23:42:48+00:00","mainEntityOfPage":{"@id":"https:\/\/www.notibras.com\/site\/vasco-faz-dois-um-contra-e-amarga-empate-na-volta-a-sao-januario\/"},"wordCount":407,"commentCount":0,"publisher":{"@id":"https:\/\/www.notibras.com\/site\/#organization"},"image":{"@id":"https:\/\/www.notibras.com\/site\/vasco-faz-dois-um-contra-e-amarga-empate-na-volta-a-sao-januario\/#primaryimage"},"thumbnailUrl":"https:\/\/www.notibras.com\/site\/wp-content\/uploads\/2014\/07\/07americarncomemoraempatedhavidnormandofp.jpg","articleSection":["Esportes","Futebol"],"inLanguage":"pt-BR","potentialAction":[{"@type":"CommentAction","name":"Comment","target":["https:\/\/www.notibras.com\/site\/vasco-faz-dois-um-contra-e-amarga-empate-na-volta-a-sao-januario\/#respond"]}]},{"@type":"WebPage","@id":"https:\/\/www.notibras.com\/site\/vasco-faz-dois-um-contra-e-amarga-empate-na-volta-a-sao-januario\/","url":"https:\/\/www.notibras.com\/site\/vasco-faz-dois-um-contra-e-amarga-empate-na-volta-a-sao-januario\/","name":"Vasco faz dois (um contra) e amarga empate em casa - Notibras","isPartOf":{"@id":"https:\/\/www.notibras.com\/site\/#website"},"primaryImageOfPage":{"@id":"https:\/\/www.notibras.com\/site\/vasco-faz-dois-um-contra-e-amarga-empate-na-volta-a-sao-januario\/#primaryimage"},"image":{"@id":"https:\/\/www.notibras.com\/site\/vasco-faz-dois-um-contra-e-amarga-empate-na-volta-a-sao-januario\/#primaryimage"},"thumbnailUrl":"https:\/\/www.notibras.com\/site\/wp-content\/uploads\/2014\/07\/07americarncomemoraempatedhavidnormandofp.jpg","datePublished":"2014-07-19T23:22:36+00:00","dateModified":"2014-07-19T23:42:48+00:00","breadcrumb":{"@id":"https:\/\/www.notibras.com\/site\/vasco-faz-dois-um-contra-e-amarga-empate-na-volta-a-sao-januario\/#breadcrumb"},"inLanguage":"pt-BR","potentialAction":[{"@type":"ReadAction","target":["https:\/\/www.notibras.com\/site\/vasco-faz-dois-um-contra-e-amarga-empate-na-volta-a-sao-januario\/"]}]},{"@type":"ImageObject","inLanguage":"pt-BR","@id":"https:\/\/www.notibras.com\/site\/vasco-faz-dois-um-contra-e-amarga-empate-na-volta-a-sao-januario\/#primaryimage","url":"https:\/\/www.notibras.com\/site\/wp-content\/uploads\/2014\/07\/07americarncomemoraempatedhavidnormandofp.jpg","contentUrl":"https:\/\/www.notibras.com\/site\/wp-content\/uploads\/2014\/07\/07americarncomemoraempatedhavidnormandofp.jpg","width":750,"height":500},{"@type":"BreadcrumbList","@id":"https:\/\/www.notibras.com\/site\/vasco-faz-dois-um-contra-e-amarga-empate-na-volta-a-sao-januario\/#breadcrumb","itemListElement":[{"@type":"ListItem","position":1,"name":"In\u00edcio","item":"https:\/\/www.notibras.com\/site\/"},{"@type":"ListItem","position":2,"name":"Vasco faz dois (um contra) e amarga empate em casa"}]},{"@type":"WebSite","@id":"https:\/\/www.notibras.com\/site\/#website","url":"https:\/\/www.notibras.com\/site\/","name":"Notibras","description":"Not\u00edcias de Bras\u00edlia, do Brasil e do Mundo","publisher":{"@id":"https:\/\/www.notibras.com\/site\/#organization"},"potentialAction":[{"@type":"SearchAction","target":{"@type":"EntryPoint","urlTemplate":"https:\/\/www.notibras.com\/site\/?s={search_term_string}"},"query-input":{"@type":"PropertyValueSpecification","valueRequired":true,"valueName":"search_term_string"}}],"inLanguage":"pt-BR"},{"@type":"Organization","@id":"https:\/\/www.notibras.com\/site\/#organization","name":"Grupo Notibras de Comunica\u00e7\u00e3o","url":"https:\/\/www.notibras.com\/site\/","logo":{"@type":"ImageObject","inLanguage":"pt-BR","@id":"https:\/\/www.notibras.com\/site\/#\/schema\/logo\/image\/","url":"https:\/\/www.notibras.com\/site\/wp-content\/uploads\/2023\/01\/notibras23.png","contentUrl":"https:\/\/www.notibras.com\/site\/wp-content\/uploads\/2023\/01\/notibras23.png","width":350,"height":87,"caption":"Grupo Notibras de Comunica\u00e7\u00e3o"},"image":{"@id":"https:\/\/www.notibras.com\/site\/#\/schema\/logo\/image\/"},"sameAs":["https:\/\/www.facebook.com\/notibras\/","https:\/\/x.com\/Notibras","https:\/\/www.instagram.com\/notibras\/"]},{"@type":"Person","@id":"https:\/\/www.notibras.com\/site\/#\/schema\/person\/36ab0979449956132d3e5b517ea76ac8","name":"Reda\u00e7\u00e3o","image":{"@type":"ImageObject","inLanguage":"pt-BR","@id":"https:\/\/secure.gravatar.com\/avatar\/e0a867bdedb85fd243eadf09663511f96fc81e0720a4a42581f334ad4303aa6b?s=96&d=mm&r=g","url":"https:\/\/secure.gravatar.com\/avatar\/e0a867bdedb85fd243eadf09663511f96fc81e0720a4a42581f334ad4303aa6b?s=96&d=mm&r=g","contentUrl":"https:\/\/secure.gravatar.com\/avatar\/e0a867bdedb85fd243eadf09663511f96fc81e0720a4a42581f334ad4303aa6b?s=96&d=mm&r=g","caption":"Reda\u00e7\u00e3o"}}]}},"amp_enabled":true,"_links":{"self":[{"href":"https:\/\/www.notibras.com\/site\/wp-json\/wp\/v2\/posts\/16720","targetHints":{"allow":["GET"]}}],"collection":[{"href":"https:\/\/www.notibras.com\/site\/wp-json\/wp\/v2\/posts"}],"about":[{"href":"https:\/\/www.notibras.com\/site\/wp-json\/wp\/v2\/types\/post"}],"author":[{"embeddable":true,"href":"https:\/\/www.notibras.com\/site\/wp-json\/wp\/v2\/users\/2"}],"replies":[{"embeddable":true,"href":"https:\/\/www.notibras.com\/site\/wp-json\/wp\/v2\/comments?post=16720"}],"version-history":[{"count":0,"href":"https:\/\/www.notibras.com\/site\/wp-json\/wp\/v2\/posts\/16720\/revisions"}],"wp:featuredmedia":[{"embeddable":true,"href":"https:\/\/www.notibras.com\/site\/wp-json\/wp\/v2\/media\/16721"}],"wp:attachment":[{"href":"https:\/\/www.notibras.com\/site\/wp-json\/wp\/v2\/media?parent=16720"}],"wp:term":[{"taxonomy":"category","embeddable":true,"href":"https:\/\/www.notibras.com\/site\/wp-json\/wp\/v2\/categories?post=16720"},{"taxonomy":"post_tag","embeddable":true,"href":"https:\/\/www.notibras.com\/site\/wp-json\/wp\/v2\/tags?post=16720"}],"curies":[{"name":"wp","href":"https:\/\/api.w.org\/{rel}","templated":true}]}}