{"id":16759,"date":"2014-07-19T01:33:04","date_gmt":"2014-07-19T04:33:04","guid":{"rendered":"http:\/\/www.notibras.com\/site\/?p=16759"},"modified":"2014-07-20T01:37:31","modified_gmt":"2014-07-20T04:37:31","slug":"corpo-de-mulher-encontrado-no-mato-no-riacho-fundo-ii","status":"publish","type":"post","link":"https:\/\/www.notibras.com\/site\/corpo-de-mulher-encontrado-no-mato-no-riacho-fundo-ii\/","title":{"rendered":"Corpo de mulher encontrado no mato no Riacho Fundo II"},"content":{"rendered":"<p>O corpo de uma mulher foi encontrado em decomposi\u00e7\u00e3o na tarde de sexta-feita (18) no <span class=\"premium-tip\">Riacho Fundo II<\/span>. O cad\u00e1ver estava em uma mata do setor de ch\u00e1caras Ruralzinho, segundo a pol\u00edcia.<\/p>\n<p>De acordo com a Secretaria de Seguran\u00e7a P\u00fablica, o corpo foi encontrado por carroceiros que costumam colher capim na \u00e1rea para alimentar cavalos.<\/p>\n<blockquote><p>A mulher aparentava ter 35 anos. N\u00e3o h\u00e1 informa\u00e7\u00f5es sobre a causa da morte. A ocorr\u00eancia foi registrada na 29\u00aa DP, no Riacdo Fundo.<\/p><\/blockquote>\n","protected":false},"excerpt":{"rendered":"<p>O corpo de uma mulher foi encontrado em decomposi\u00e7\u00e3o na tarde de sexta-feita (18) no Riacho Fundo II. O cad\u00e1ver estava em uma mata do setor de ch\u00e1caras Ruralzinho, segundo a pol\u00edcia. De acordo com a Secretaria de Seguran\u00e7a P\u00fablica, o corpo foi encontrado por carroceiros que costumam colher capim na \u00e1rea para alimentar cavalos. [&hellip;]<\/p>\n","protected":false},"author":2,"featured_media":16760,"comment_status":"open","ping_status":"closed","sticky":false,"template":"","format":"standard","meta":{"_acf_changed":false,"footnotes":""},"categories":[1],"tags":[],"class_list":["post-16759","post","type-post","status-publish","format-standard","has-post-thumbnail","hentry","category-brasilia"],"acf":[],"_links":{"self":[{"href":"https:\/\/www.notibras.com\/site\/wp-json\/wp\/v2\/posts\/16759","targetHints":{"allow":["GET"]}}],"collection":[{"href":"https:\/\/www.notibras.com\/site\/wp-json\/wp\/v2\/posts"}],"about":[{"href":"https:\/\/www.notibras.com\/site\/wp-json\/wp\/v2\/types\/post"}],"author":[{"embeddable":true,"href":"https:\/\/www.notibras.com\/site\/wp-json\/wp\/v2\/users\/2"}],"replies":[{"embeddable":true,"href":"https:\/\/www.notibras.com\/site\/wp-json\/wp\/v2\/comments?post=16759"}],"version-history":[{"count":0,"href":"https:\/\/www.notibras.com\/site\/wp-json\/wp\/v2\/posts\/16759\/revisions"}],"wp:featuredmedia":[{"embeddable":true,"href":"https:\/\/www.notibras.com\/site\/wp-json\/wp\/v2\/media\/16760"}],"wp:attachment":[{"href":"https:\/\/www.notibras.com\/site\/wp-json\/wp\/v2\/media?parent=16759"}],"wp:term":[{"taxonomy":"category","embeddable":true,"href":"https:\/\/www.notibras.com\/site\/wp-json\/wp\/v2\/categories?post=16759"},{"taxonomy":"post_tag","embeddable":true,"href":"https:\/\/www.notibras.com\/site\/wp-json\/wp\/v2\/tags?post=16759"}],"curies":[{"name":"wp","href":"https:\/\/api.w.org\/{rel}","templated":true}]}}