{"id":16762,"date":"2014-07-20T01:42:17","date_gmt":"2014-07-20T04:42:17","guid":{"rendered":"http:\/\/www.notibras.com\/site\/?p=16762"},"modified":"2014-07-20T01:43:07","modified_gmt":"2014-07-20T04:43:07","slug":"familia-denuncia-roubo-de-flores-em-tumulo-de-cemiterio","status":"publish","type":"post","link":"https:\/\/www.notibras.com\/site\/familia-denuncia-roubo-de-flores-em-tumulo-de-cemiterio\/","title":{"rendered":"Fam\u00edlia denuncia roubo de coroas de flores em t\u00famulo de cemit\u00e9rio"},"content":{"rendered":"<p>Uma fam\u00edlia registrou um boletim de ocorr\u00eancia de furto de flores usadas no enterro de uma parente no Cemit\u00e9rio Campo da Esperan\u00e7a, em Bras\u00edlia. O enterro ocorreu no domingo, mas, no dia seguinte, quando familiares retornaram ao cemit\u00e9rio, as flores n\u00e3o estavam no t\u00famulo.<\/p>\n<p>Cada uma das tr\u00eas coroas de flores usadas no funeral custou R$ 300. Amigos da fam\u00edlia tamb\u00e9m compraram coroas e flores avulsas. A ocorr\u00eancia policial foi registrada na segunda-feira.<strong><br \/>\n<\/strong><\/p>\n<p>A fam\u00edlia, que pediu para n\u00e3o se identificar, entrou em contato com a administra\u00e7\u00e3o do cemit\u00e9rio, e disse que foi informada de que a responsabilidade pela sepultura era do jardineiro contratado pelos parentes da pessoa morta. \u201cDisseram que n\u00e3o podiam fazer nada\u201d, afirmou uma pessoa da fam\u00edlia.<\/p>\n<blockquote><p>O jardineiro contratado pelos familiares disse que, ao chegar ao t\u00famulo na manh\u00e3 seguinte ao enterro, as flores j\u00e1 n\u00e3o estavam mais l\u00e1. Segundo ele, \u00e9 comum o furto de flores no local, que acabam sendo revendidas para outras fam\u00edlias usarem em funerais.<\/p><\/blockquote>\n<p>A administra\u00e7\u00e3o do Campo da Esperan\u00e7a informou que as coroas postas pela fam\u00edlia no t\u00famulo n\u00e3o foram retiradas por funcion\u00e1rios do cemit\u00e9rio. De acordo com a administra\u00e7\u00e3o, o jazigo fica em uma \u00e1rea antiga do cemit\u00e9rio e que o jardineiro contratado pelos familiares para limpeza e manuten\u00e7\u00e3o da campa n\u00e3o tem v\u00ednculo com a Campo da Esperan\u00e7a.<\/p>\n","protected":false},"excerpt":{"rendered":"<p>Uma fam\u00edlia registrou um boletim de ocorr\u00eancia de furto de flores usadas no enterro de uma parente no Cemit\u00e9rio Campo da Esperan\u00e7a, em Bras\u00edlia. O enterro ocorreu no domingo, mas, no dia seguinte, quando familiares retornaram ao cemit\u00e9rio, as flores n\u00e3o estavam no t\u00famulo. Cada uma das tr\u00eas coroas de flores usadas no funeral custou [&hellip;]<\/p>\n","protected":false},"author":2,"featured_media":16763,"comment_status":"open","ping_status":"closed","sticky":false,"template":"","format":"standard","meta":{"_acf_changed":false,"footnotes":""},"categories":[1],"tags":[],"class_list":["post-16762","post","type-post","status-publish","format-standard","has-post-thumbnail","hentry","category-brasilia"],"acf":[],"_links":{"self":[{"href":"https:\/\/www.notibras.com\/site\/wp-json\/wp\/v2\/posts\/16762","targetHints":{"allow":["GET"]}}],"collection":[{"href":"https:\/\/www.notibras.com\/site\/wp-json\/wp\/v2\/posts"}],"about":[{"href":"https:\/\/www.notibras.com\/site\/wp-json\/wp\/v2\/types\/post"}],"author":[{"embeddable":true,"href":"https:\/\/www.notibras.com\/site\/wp-json\/wp\/v2\/users\/2"}],"replies":[{"embeddable":true,"href":"https:\/\/www.notibras.com\/site\/wp-json\/wp\/v2\/comments?post=16762"}],"version-history":[{"count":0,"href":"https:\/\/www.notibras.com\/site\/wp-json\/wp\/v2\/posts\/16762\/revisions"}],"wp:featuredmedia":[{"embeddable":true,"href":"https:\/\/www.notibras.com\/site\/wp-json\/wp\/v2\/media\/16763"}],"wp:attachment":[{"href":"https:\/\/www.notibras.com\/site\/wp-json\/wp\/v2\/media?parent=16762"}],"wp:term":[{"taxonomy":"category","embeddable":true,"href":"https:\/\/www.notibras.com\/site\/wp-json\/wp\/v2\/categories?post=16762"},{"taxonomy":"post_tag","embeddable":true,"href":"https:\/\/www.notibras.com\/site\/wp-json\/wp\/v2\/tags?post=16762"}],"curies":[{"name":"wp","href":"https:\/\/api.w.org\/{rel}","templated":true}]}}