{"id":16779,"date":"2014-07-20T11:00:05","date_gmt":"2014-07-20T14:00:05","guid":{"rendered":"http:\/\/www.notibras.com\/site\/?p=16779"},"modified":"2014-07-20T12:21:29","modified_gmt":"2014-07-20T15:21:29","slug":"no-ibobe-gauchos-dao-37-a-ana-amelia-contra-31-de-tarso-genro","status":"publish","type":"post","link":"https:\/\/www.notibras.com\/site\/no-ibobe-gauchos-dao-37-a-ana-amelia-contra-31-de-tarso-genro\/","title":{"rendered":"No Ibobe, ga\u00fachos d\u00e3o 37% a Ana Am\u00e9lia contra 31% de Tarso Genro"},"content":{"rendered":"<p>Primeira pesquisa Ibope para o governo do Rio Grande do Sul ap\u00f3s o in\u00edcio da campanha eleitoral, divulgada neste s\u00e1bado, aponta a candidata do PP, a senadora Ana Am\u00e9lia Lemos, na lideran\u00e7a, com 37% das inten\u00e7\u00f5es de voto.<\/p>\n<p>Em segundo lugar est\u00e1 o governador Tarso Genro (PT), com 31%, de acordo com informa\u00e7\u00f5es publicadas pelo Zero Hora.<\/p>\n<blockquote>\n<p class=\"text\">Os demais candidatos aparecem distantes dos dois primeiros colocados. Jos\u00e9 Ivo Sartori (PMDB) aparece com 4% e Vieira da Cunha (PDT) tem 2%.<\/p>\n<\/blockquote>\n<p class=\"text\">Os candidatos Jo\u00e3o Carlos Rodrigues (PMN) e Roberto Robaina (PSOL) somam 1% das inten\u00e7\u00f5es de votos. Apesar de citados, os candidatos Estivalete (PRTB) e Humberto Carvalho (PCB) n\u00e3o alcan\u00e7aram percentual m\u00ednimo na pesquisa.<\/p>\n<p class=\"text\">Os que declararam que v\u00e3o votar branco ou nulo s\u00e3o 9%. J\u00e1 outros 15% n\u00e3o souberam responder.<\/p>\n<p class=\"text\">Na corrida pelo Senado, o candidato Lasier Martins (PDT) aparece na lideran\u00e7a, com 31% das inten\u00e7\u00f5es de voto. Ol\u00edvio Dutra (PT) vem logo atr\u00e1s, com 28%. Como a margem de erro da pesquisa \u00e9 de tr\u00eas pontos percentuais, para mais ou para menos, h\u00e1 empate t\u00e9cnico entre os candidatos.<\/p>\n<p class=\"text\">A pesquisa apontou que o candidato Beto Albuquerque (PSB) tem 10%, Simone Leite (PP), 3%, J\u00falio Flores (PSTU), 2%, Ciro Machado (PMN), 1%. Indecisos somam 16% e os que declaram que voto branco ou nulo s\u00e3o 9%.<\/p>\n<p class=\"text\">Encomendada pelo Grupo RBS, a pesquisa foi feita entre os dias 13 e 16 de julho, com 812 entrevistados. A margem de erro \u00e9 de tr\u00eas pontos percentuais, para mais ou para menos.<\/p>\n<p class=\"text\">A pesquisa est\u00e1 registrada no Tribunal Regional Eleitoral do Rio Grande do Sul (TRE-RS) sob o n\u00famero 00006\/2014 e no Tribunal Superior Eleitoral (TSE) sob o protocolo 00224\/2014.<\/p>\n","protected":false},"excerpt":{"rendered":"<p>Primeira pesquisa Ibope para o governo do Rio Grande do Sul ap\u00f3s o in\u00edcio da campanha eleitoral, divulgada neste s\u00e1bado, aponta a candidata do PP, a senadora Ana Am\u00e9lia Lemos, na lideran\u00e7a, com 37% das inten\u00e7\u00f5es de voto. Em segundo lugar est\u00e1 o governador Tarso Genro (PT), com 31%, de acordo com informa\u00e7\u00f5es publicadas pelo [&hellip;]<\/p>\n","protected":false},"author":2,"featured_media":16780,"comment_status":"open","ping_status":"closed","sticky":false,"template":"","format":"standard","meta":{"_acf_changed":false,"footnotes":""},"categories":[33],"tags":[],"class_list":["post-16779","post","type-post","status-publish","format-standard","has-post-thumbnail","hentry","category-eleicoes-2014"],"acf":[],"_links":{"self":[{"href":"https:\/\/www.notibras.com\/site\/wp-json\/wp\/v2\/posts\/16779","targetHints":{"allow":["GET"]}}],"collection":[{"href":"https:\/\/www.notibras.com\/site\/wp-json\/wp\/v2\/posts"}],"about":[{"href":"https:\/\/www.notibras.com\/site\/wp-json\/wp\/v2\/types\/post"}],"author":[{"embeddable":true,"href":"https:\/\/www.notibras.com\/site\/wp-json\/wp\/v2\/users\/2"}],"replies":[{"embeddable":true,"href":"https:\/\/www.notibras.com\/site\/wp-json\/wp\/v2\/comments?post=16779"}],"version-history":[{"count":0,"href":"https:\/\/www.notibras.com\/site\/wp-json\/wp\/v2\/posts\/16779\/revisions"}],"wp:featuredmedia":[{"embeddable":true,"href":"https:\/\/www.notibras.com\/site\/wp-json\/wp\/v2\/media\/16780"}],"wp:attachment":[{"href":"https:\/\/www.notibras.com\/site\/wp-json\/wp\/v2\/media?parent=16779"}],"wp:term":[{"taxonomy":"category","embeddable":true,"href":"https:\/\/www.notibras.com\/site\/wp-json\/wp\/v2\/categories?post=16779"},{"taxonomy":"post_tag","embeddable":true,"href":"https:\/\/www.notibras.com\/site\/wp-json\/wp\/v2\/tags?post=16779"}],"curies":[{"name":"wp","href":"https:\/\/api.w.org\/{rel}","templated":true}]}}