{"id":16786,"date":"2014-07-20T17:31:05","date_gmt":"2014-07-20T20:31:05","guid":{"rendered":"http:\/\/www.notibras.com\/site\/?p=16786"},"modified":"2014-07-20T20:21:26","modified_gmt":"2014-07-20T23:21:26","slug":"liliane-a-herdeira-solta-o-verbo-a-ultima-palavra-e-dela-bye-pt","status":"publish","type":"post","link":"https:\/\/www.notibras.com\/site\/liliane-a-herdeira-solta-o-verbo-a-ultima-palavra-e-dela-bye-pt\/","title":{"rendered":"Liliane, a herdeira, solta o verbo. A \u00faltima palavra \u00e9 dela. Bye PT"},"content":{"rendered":"<p>Uma conversa de Agnelo com Roriz, sem intermedi\u00e1rios, como pretendia o governador, foi recha\u00e7ada logo que a ideia vazou, h\u00e1 cerca de uma semana. Ningu\u00e9m est\u00e1 autorizado a negociar acordos pol\u00edticos em nome do patriarca, apressa-se em enfatizar Liliane Roriz. E sublinha, como quem escreve com letras mai\u00fasculas, destacadas em negrito: \u201cMuito menos com o PT, com o Agnelo\u201d. O governador, conclui-se, est\u00e1 politicamente morto.<\/p>\n","protected":false},"excerpt":{"rendered":"<p>Uma conversa de Agnelo com Roriz, sem intermedi\u00e1rios, como pretendia o governador, foi recha\u00e7ada logo que a ideia vazou, h\u00e1 cerca de uma semana. Ningu\u00e9m est\u00e1 autorizado a negociar acordos pol\u00edticos em nome do patriarca, apressa-se em enfatizar Liliane Roriz. E sublinha, como quem escreve com letras mai\u00fasculas, destacadas em negrito: \u201cMuito menos com o [&hellip;]<\/p>\n","protected":false},"author":2,"featured_media":16787,"comment_status":"open","ping_status":"closed","sticky":false,"template":"","format":"standard","meta":{"_acf_changed":false,"footnotes":""},"categories":[26],"tags":[],"class_list":["post-16786","post","type-post","status-publish","format-standard","has-post-thumbnail","hentry","category-eleicoes-2022"],"acf":[],"_links":{"self":[{"href":"https:\/\/www.notibras.com\/site\/wp-json\/wp\/v2\/posts\/16786","targetHints":{"allow":["GET"]}}],"collection":[{"href":"https:\/\/www.notibras.com\/site\/wp-json\/wp\/v2\/posts"}],"about":[{"href":"https:\/\/www.notibras.com\/site\/wp-json\/wp\/v2\/types\/post"}],"author":[{"embeddable":true,"href":"https:\/\/www.notibras.com\/site\/wp-json\/wp\/v2\/users\/2"}],"replies":[{"embeddable":true,"href":"https:\/\/www.notibras.com\/site\/wp-json\/wp\/v2\/comments?post=16786"}],"version-history":[{"count":0,"href":"https:\/\/www.notibras.com\/site\/wp-json\/wp\/v2\/posts\/16786\/revisions"}],"wp:featuredmedia":[{"embeddable":true,"href":"https:\/\/www.notibras.com\/site\/wp-json\/wp\/v2\/media\/16787"}],"wp:attachment":[{"href":"https:\/\/www.notibras.com\/site\/wp-json\/wp\/v2\/media?parent=16786"}],"wp:term":[{"taxonomy":"category","embeddable":true,"href":"https:\/\/www.notibras.com\/site\/wp-json\/wp\/v2\/categories?post=16786"},{"taxonomy":"post_tag","embeddable":true,"href":"https:\/\/www.notibras.com\/site\/wp-json\/wp\/v2\/tags?post=16786"}],"curies":[{"name":"wp","href":"https:\/\/api.w.org\/{rel}","templated":true}]}}