{"id":16802,"date":"2014-07-20T18:07:42","date_gmt":"2014-07-20T21:07:42","guid":{"rendered":"http:\/\/www.notibras.com\/site\/?p=16802"},"modified":"2014-07-20T19:48:18","modified_gmt":"2014-07-20T22:48:18","slug":"entre-20-mil-candidatos-mp-quer-1-mil-800-fora-faltam-os-paulistas","status":"publish","type":"post","link":"https:\/\/www.notibras.com\/site\/entre-20-mil-candidatos-mp-quer-1-mil-800-fora-faltam-os-paulistas\/","title":{"rendered":"Entre 20 mil candidatos, MP quer 1 mil 800 fora. Faltam os paulistas"},"content":{"rendered":"<p>At\u00e9 agora, 1 mil 850 candidaturas \u00e0s elei\u00e7\u00f5es deste ano em todo o Pa\u00eds foram contestadas pelo Minist\u00e9rio P\u00fablico Eleitoral, que analisou 20 mil pedidos de registro. Est\u00e1 faltando uma an\u00e1lise dos candidatos de S\u00e3o Paulo. As a\u00e7\u00f5es de impugna\u00e7\u00e3o apontaram irregularidades que podem impedir as candidaturas ap\u00f3s julgamento da Justi\u00e7a Eleitoral.<\/p>\n<p>Dentre os problemas verificados est\u00e3o 367 casos relativos \u00e0 Lei da Ficha Limpa, que torna ineleg\u00edveis os candidatos que tiveram suas contas de exerc\u00edcio de cargos ou fun\u00e7\u00f5es p\u00fablicas rejeitadas por irregularidade insan\u00e1vel que tenha sido enquadrada como improbidade administrativa. Al\u00e9m disso, a legisla\u00e7\u00e3o tamb\u00e9m barra os pol\u00edticos que tenham sido condenados por \u00f3rg\u00e3os colegiados do Judici\u00e1rio. Os candidatos que tiveram as candidaturas impugnadas t\u00eam sete dias para contestar a impugna\u00e7\u00e3o.<\/p>\n<p>Ap\u00f3s as a\u00e7\u00f5es apresentadas pelo MP, a Justi\u00e7a Eleitoral ter\u00e1 que julgar todos os registros, mesmo aqueles que n\u00e3o foram contestados, at\u00e9 o dia 21 de agosto. Assim, o judici\u00e1rio poder\u00e1 cancelar ou n\u00e3o uma candidatura. Ao todo, o pa\u00eds tem mais de 24 mil candidatos a presidente, governador, senador e deputado federal, estadual ou distrital.<\/p>\n<blockquote><p>Quem tiver o registro negado poder\u00e1 ainda recorrer da decis\u00e3o. Enquanto aguarda o julgamento do recurso, o candidato pode continuar a campanha e o nome ser\u00e1 mantido na urna eletr\u00f4nica. Se a decis\u00e3o pelo indeferimento ocorrer ap\u00f3s a elei\u00e7\u00e3o e a diploma\u00e7\u00e3o do candidato, o diploma ser\u00e1 declarado nulo.<\/p><\/blockquote>\n","protected":false},"excerpt":{"rendered":"<p>At\u00e9 agora, 1 mil 850 candidaturas \u00e0s elei\u00e7\u00f5es deste ano em todo o Pa\u00eds foram contestadas pelo Minist\u00e9rio P\u00fablico Eleitoral, que analisou 20 mil pedidos de registro. Est\u00e1 faltando uma an\u00e1lise dos candidatos de S\u00e3o Paulo. As a\u00e7\u00f5es de impugna\u00e7\u00e3o apontaram irregularidades que podem impedir as candidaturas ap\u00f3s julgamento da Justi\u00e7a Eleitoral. Dentre os problemas [&hellip;]<\/p>\n","protected":false},"author":2,"featured_media":16848,"comment_status":"open","ping_status":"closed","sticky":false,"template":"","format":"standard","meta":{"_acf_changed":false,"footnotes":""},"categories":[33],"tags":[],"class_list":["post-16802","post","type-post","status-publish","format-standard","has-post-thumbnail","hentry","category-eleicoes-2014"],"acf":[],"_links":{"self":[{"href":"https:\/\/www.notibras.com\/site\/wp-json\/wp\/v2\/posts\/16802","targetHints":{"allow":["GET"]}}],"collection":[{"href":"https:\/\/www.notibras.com\/site\/wp-json\/wp\/v2\/posts"}],"about":[{"href":"https:\/\/www.notibras.com\/site\/wp-json\/wp\/v2\/types\/post"}],"author":[{"embeddable":true,"href":"https:\/\/www.notibras.com\/site\/wp-json\/wp\/v2\/users\/2"}],"replies":[{"embeddable":true,"href":"https:\/\/www.notibras.com\/site\/wp-json\/wp\/v2\/comments?post=16802"}],"version-history":[{"count":0,"href":"https:\/\/www.notibras.com\/site\/wp-json\/wp\/v2\/posts\/16802\/revisions"}],"wp:featuredmedia":[{"embeddable":true,"href":"https:\/\/www.notibras.com\/site\/wp-json\/wp\/v2\/media\/16848"}],"wp:attachment":[{"href":"https:\/\/www.notibras.com\/site\/wp-json\/wp\/v2\/media?parent=16802"}],"wp:term":[{"taxonomy":"category","embeddable":true,"href":"https:\/\/www.notibras.com\/site\/wp-json\/wp\/v2\/categories?post=16802"},{"taxonomy":"post_tag","embeddable":true,"href":"https:\/\/www.notibras.com\/site\/wp-json\/wp\/v2\/tags?post=16802"}],"curies":[{"name":"wp","href":"https:\/\/api.w.org\/{rel}","templated":true}]}}