{"id":16806,"date":"2014-07-20T18:12:35","date_gmt":"2014-07-20T21:12:35","guid":{"rendered":"http:\/\/www.notibras.com\/site\/?p=16806"},"modified":"2014-07-21T09:41:16","modified_gmt":"2014-07-21T12:41:16","slug":"flamengo-cai-de-4-para-o-inter-e-lanterna-acenda-caminho-da-segundona","status":"publish","type":"post","link":"https:\/\/www.notibras.com\/site\/flamengo-cai-de-4-para-o-inter-e-lanterna-acenda-caminho-da-segundona\/","title":{"rendered":"Flamengo cai de 4 para o Inter e lanterna d\u00e1 rumo da Segundona"},"content":{"rendered":"<p>A primeira partida do Internacional no Beira-Rio ap\u00f3s a Copa do Mundo teve roteiro perfeito para a torcida colorada. A equipe fez homenagem a Fernand\u00e3o e correspondeu dentro de campo e aplicou f\u00e1ceis 4 a 0 sobre o Flamengo, ainda afundado na lanterna do Campeonato Brasileiro.<\/p>\n<p>Rafael Moura, D&#8217;Alessandro, Fabr\u00edcio e Alex marcaram os gols do time da casa, que contou tamb\u00e9m com a expuls\u00e3o do rubro-negro Chic\u00e3o no fim do primeiro tempo.<\/p>\n<blockquote>\n<p class=\"text\">A vit\u00f3ria fez o Inter saltar para 19 pontos na tabela, forte na briga por uma das vagas para a Copa Libertadores do ano que vem. J\u00e1 o Flamengo segue parado nos sete pontos e ocupa a \u00faltima posi\u00e7\u00e3o, mas tem apenas dois de desvantagem para o Bahia, primeiro time fora da zona do rebaixamento.<\/p>\n<\/blockquote>\n<p class=\"text\">O clima j\u00e1 estava bastante favor\u00e1vel ao time ga\u00facho mesmo antes do apito inicial. Com os 50 mil lugares do Beira-Rio quase inteiramente ocupados, a festa colorada foi bonita para o eterno \u00eddolo Fernand\u00e3o, contando com 30 mil m\u00e1scaras do ex-atacante distribu\u00eddas para a torcida. Quando a bola rolou, imediatamente o Inter tomou a iniciativa, com Ar\u00e1nguiz e D&#8217;Alessandro controlando o ritmo.<\/p>\n<p class=\"text\">Rafael Moura perdeu grande chance de cabe\u00e7a quando Felipe saiu mal do gol, mas n\u00e3o perdoou na segunda oportunidade que teve. Aos 11min, D&#8217;Alessandro cobrou falta na \u00e1rea, Juan desviou para o meio e o centroavante colorado se antecipou a Chic\u00e3o para desviar para o gol vazio. Na comemora\u00e7\u00e3o, reverenciou a camisa 9 de Fernand\u00e3o \u00e0 beira do gramado.<\/p>\n<p class=\"text\">O chileno Ar\u00e1nguiz n\u00e3o resistiu a uma les\u00e3o sofrida logo nos primeiros minutos e foi substitu\u00eddo pelo argentino Luque pouco depois. O Flamengo chegou a ensaiar alguns contra-ataques perigosos comandados pelo capit\u00e3o L\u00e9o Moura, que atuou no meio-campo neste domingo.<\/p>\n<p class=\"text\">Mas o time de Ney Franco n\u00e3o conseguiu incomodar o goleiro Dida e ainda levou outro gol no fim do primeiro tempo: Mugni errou ao tentar afastar o perigo da \u00e1rea, Chic\u00e3o deu um carrinho desproporcional em Fabr\u00edcio e acabou expulso. D&#8217;Alessandro bateu o p\u00eanalti sem chances para Felipe e fez 2 a 0.<\/p>\n<p class=\"text\">Na segunda etapa, com vantagem no marcador e no n\u00famero de jogadores, o Internacional foi senhor da partida. O terceiro gol chegou aos 12min, quando D&#8217;Alessandro cruzou da direita e Fabr\u00edcio pegou um lindo chute cruzado, de primeira, para vencer Felipe. Embalada pelos gritos de &#8220;ol\u00e9&#8221; da torcida, a equipe ga\u00facha passou a administrar a vantagem e rodar a bola no ataque.<\/p>\n<p class=\"text\">Ainda deu tempo para transformar a vit\u00f3ria em goleada aos 33min. Fabr\u00edcio cruzou da esquerda e Alex, que entrou no lugar do discreto Luque, apareceu de surpresa para desviar para as redes. Foi o golpe de miseric\u00f3rdia no ap\u00e1tico time do Flamengo, que tentar\u00e1 se recuperar no pr\u00f3ximo domingo, no cl\u00e1ssico contra o Botafogo, no Maracan\u00e3. J\u00e1 o Inter pega o Bahia, s\u00e1bado, na Fonte Nova.<\/p>\n","protected":false},"excerpt":{"rendered":"<p>A primeira partida do Internacional no Beira-Rio ap\u00f3s a Copa do Mundo teve roteiro perfeito para a torcida colorada. A equipe fez homenagem a Fernand\u00e3o e correspondeu dentro de campo e aplicou f\u00e1ceis 4 a 0 sobre o Flamengo, ainda afundado na lanterna do Campeonato Brasileiro. Rafael Moura, D&#8217;Alessandro, Fabr\u00edcio e Alex marcaram os gols [&hellip;]<\/p>\n","protected":false},"author":2,"featured_media":16807,"comment_status":"open","ping_status":"closed","sticky":false,"template":"","format":"standard","meta":{"_acf_changed":false,"footnotes":""},"categories":[19,29],"tags":[],"class_list":["post-16806","post","type-post","status-publish","format-standard","has-post-thumbnail","hentry","category-esportes","category-futebol"],"acf":[],"yoast_head":"<!-- This site is optimized with the Yoast SEO plugin v27.2 - https:\/\/yoast.com\/product\/yoast-seo-wordpress\/ -->\n<title>Flamengo cai de 4 para o Inter e lanterna d\u00e1 rumo da Segundona - Notibras<\/title>\n<meta name=\"robots\" content=\"index, follow, max-snippet:-1, max-image-preview:large, max-video-preview:-1\" \/>\n<link rel=\"canonical\" href=\"https:\/\/www.notibras.com\/site\/flamengo-cai-de-4-para-o-inter-e-lanterna-acenda-caminho-da-segundona\/\" \/>\n<meta property=\"og:locale\" content=\"pt_BR\" \/>\n<meta property=\"og:type\" content=\"article\" \/>\n<meta property=\"og:title\" content=\"Flamengo cai de 4 para o Inter e lanterna d\u00e1 rumo da Segundona - Notibras\" \/>\n<meta property=\"og:description\" content=\"A primeira partida do Internacional no Beira-Rio ap\u00f3s a Copa do Mundo teve roteiro perfeito para a torcida colorada. A equipe fez homenagem a Fernand\u00e3o e correspondeu dentro de campo e aplicou f\u00e1ceis 4 a 0 sobre o Flamengo, ainda afundado na lanterna do Campeonato Brasileiro. Rafael Moura, D&#8217;Alessandro, Fabr\u00edcio e Alex marcaram os gols [&hellip;]\" \/>\n<meta property=\"og:url\" content=\"https:\/\/www.notibras.com\/site\/flamengo-cai-de-4-para-o-inter-e-lanterna-acenda-caminho-da-segundona\/\" \/>\n<meta property=\"og:site_name\" content=\"Notibras\" \/>\n<meta property=\"article:publisher\" content=\"https:\/\/www.facebook.com\/notibras\/\" \/>\n<meta property=\"article:published_time\" content=\"2014-07-20T21:12:35+00:00\" \/>\n<meta property=\"article:modified_time\" content=\"2014-07-21T12:41:16+00:00\" \/>\n<meta property=\"og:image\" content=\"https:\/\/www.notibras.com\/site\/wp-content\/uploads\/2014\/07\/06dalessandrocomemoragolgetty.jpg\" \/>\n\t<meta property=\"og:image:width\" content=\"750\" \/>\n\t<meta property=\"og:image:height\" content=\"500\" \/>\n\t<meta property=\"og:image:type\" content=\"image\/jpeg\" \/>\n<meta name=\"author\" content=\"Reda\u00e7\u00e3o\" \/>\n<meta name=\"twitter:card\" content=\"summary_large_image\" \/>\n<meta name=\"twitter:creator\" content=\"@Notibras\" \/>\n<meta name=\"twitter:site\" content=\"@Notibras\" \/>\n<meta name=\"twitter:label1\" content=\"Escrito por\" \/>\n\t<meta name=\"twitter:data1\" content=\"Reda\u00e7\u00e3o\" \/>\n\t<meta name=\"twitter:label2\" content=\"Est. tempo de leitura\" \/>\n\t<meta name=\"twitter:data2\" content=\"3 minutos\" \/>\n<script type=\"application\/ld+json\" class=\"yoast-schema-graph\">{\"@context\":\"https:\/\/schema.org\",\"@graph\":[{\"@type\":\"Article\",\"@id\":\"https:\/\/www.notibras.com\/site\/flamengo-cai-de-4-para-o-inter-e-lanterna-acenda-caminho-da-segundona\/#article\",\"isPartOf\":{\"@id\":\"https:\/\/www.notibras.com\/site\/flamengo-cai-de-4-para-o-inter-e-lanterna-acenda-caminho-da-segundona\/\"},\"author\":{\"name\":\"Reda\u00e7\u00e3o\",\"@id\":\"https:\/\/www.notibras.com\/site\/#\/schema\/person\/36ab0979449956132d3e5b517ea76ac8\"},\"headline\":\"Flamengo cai de 4 para o Inter e lanterna d\u00e1 rumo da Segundona\",\"datePublished\":\"2014-07-20T21:12:35+00:00\",\"dateModified\":\"2014-07-21T12:41:16+00:00\",\"mainEntityOfPage\":{\"@id\":\"https:\/\/www.notibras.com\/site\/flamengo-cai-de-4-para-o-inter-e-lanterna-acenda-caminho-da-segundona\/\"},\"wordCount\":514,\"commentCount\":0,\"publisher\":{\"@id\":\"https:\/\/www.notibras.com\/site\/#organization\"},\"image\":{\"@id\":\"https:\/\/www.notibras.com\/site\/flamengo-cai-de-4-para-o-inter-e-lanterna-acenda-caminho-da-segundona\/#primaryimage\"},\"thumbnailUrl\":\"https:\/\/www.notibras.com\/site\/wp-content\/uploads\/2014\/07\/06dalessandrocomemoragolgetty.jpg\",\"articleSection\":[\"Esportes\",\"Futebol\"],\"inLanguage\":\"pt-BR\",\"potentialAction\":[{\"@type\":\"CommentAction\",\"name\":\"Comment\",\"target\":[\"https:\/\/www.notibras.com\/site\/flamengo-cai-de-4-para-o-inter-e-lanterna-acenda-caminho-da-segundona\/#respond\"]}]},{\"@type\":\"WebPage\",\"@id\":\"https:\/\/www.notibras.com\/site\/flamengo-cai-de-4-para-o-inter-e-lanterna-acenda-caminho-da-segundona\/\",\"url\":\"https:\/\/www.notibras.com\/site\/flamengo-cai-de-4-para-o-inter-e-lanterna-acenda-caminho-da-segundona\/\",\"name\":\"Flamengo cai de 4 para o Inter e lanterna d\u00e1 rumo da Segundona - Notibras\",\"isPartOf\":{\"@id\":\"https:\/\/www.notibras.com\/site\/#website\"},\"primaryImageOfPage\":{\"@id\":\"https:\/\/www.notibras.com\/site\/flamengo-cai-de-4-para-o-inter-e-lanterna-acenda-caminho-da-segundona\/#primaryimage\"},\"image\":{\"@id\":\"https:\/\/www.notibras.com\/site\/flamengo-cai-de-4-para-o-inter-e-lanterna-acenda-caminho-da-segundona\/#primaryimage\"},\"thumbnailUrl\":\"https:\/\/www.notibras.com\/site\/wp-content\/uploads\/2014\/07\/06dalessandrocomemoragolgetty.jpg\",\"datePublished\":\"2014-07-20T21:12:35+00:00\",\"dateModified\":\"2014-07-21T12:41:16+00:00\",\"breadcrumb\":{\"@id\":\"https:\/\/www.notibras.com\/site\/flamengo-cai-de-4-para-o-inter-e-lanterna-acenda-caminho-da-segundona\/#breadcrumb\"},\"inLanguage\":\"pt-BR\",\"potentialAction\":[{\"@type\":\"ReadAction\",\"target\":[\"https:\/\/www.notibras.com\/site\/flamengo-cai-de-4-para-o-inter-e-lanterna-acenda-caminho-da-segundona\/\"]}]},{\"@type\":\"ImageObject\",\"inLanguage\":\"pt-BR\",\"@id\":\"https:\/\/www.notibras.com\/site\/flamengo-cai-de-4-para-o-inter-e-lanterna-acenda-caminho-da-segundona\/#primaryimage\",\"url\":\"https:\/\/www.notibras.com\/site\/wp-content\/uploads\/2014\/07\/06dalessandrocomemoragolgetty.jpg\",\"contentUrl\":\"https:\/\/www.notibras.com\/site\/wp-content\/uploads\/2014\/07\/06dalessandrocomemoragolgetty.jpg\",\"width\":750,\"height\":500},{\"@type\":\"BreadcrumbList\",\"@id\":\"https:\/\/www.notibras.com\/site\/flamengo-cai-de-4-para-o-inter-e-lanterna-acenda-caminho-da-segundona\/#breadcrumb\",\"itemListElement\":[{\"@type\":\"ListItem\",\"position\":1,\"name\":\"In\u00edcio\",\"item\":\"https:\/\/www.notibras.com\/site\/\"},{\"@type\":\"ListItem\",\"position\":2,\"name\":\"Flamengo cai de 4 para o Inter e lanterna d\u00e1 rumo da Segundona\"}]},{\"@type\":\"WebSite\",\"@id\":\"https:\/\/www.notibras.com\/site\/#website\",\"url\":\"https:\/\/www.notibras.com\/site\/\",\"name\":\"Notibras\",\"description\":\"Not\u00edcias de Bras\u00edlia, do Brasil e do Mundo\",\"publisher\":{\"@id\":\"https:\/\/www.notibras.com\/site\/#organization\"},\"potentialAction\":[{\"@type\":\"SearchAction\",\"target\":{\"@type\":\"EntryPoint\",\"urlTemplate\":\"https:\/\/www.notibras.com\/site\/?s={search_term_string}\"},\"query-input\":{\"@type\":\"PropertyValueSpecification\",\"valueRequired\":true,\"valueName\":\"search_term_string\"}}],\"inLanguage\":\"pt-BR\"},{\"@type\":\"Organization\",\"@id\":\"https:\/\/www.notibras.com\/site\/#organization\",\"name\":\"Grupo Notibras de Comunica\u00e7\u00e3o\",\"url\":\"https:\/\/www.notibras.com\/site\/\",\"logo\":{\"@type\":\"ImageObject\",\"inLanguage\":\"pt-BR\",\"@id\":\"https:\/\/www.notibras.com\/site\/#\/schema\/logo\/image\/\",\"url\":\"https:\/\/www.notibras.com\/site\/wp-content\/uploads\/2023\/01\/notibras23.png\",\"contentUrl\":\"https:\/\/www.notibras.com\/site\/wp-content\/uploads\/2023\/01\/notibras23.png\",\"width\":350,\"height\":87,\"caption\":\"Grupo Notibras de Comunica\u00e7\u00e3o\"},\"image\":{\"@id\":\"https:\/\/www.notibras.com\/site\/#\/schema\/logo\/image\/\"},\"sameAs\":[\"https:\/\/www.facebook.com\/notibras\/\",\"https:\/\/x.com\/Notibras\",\"https:\/\/www.instagram.com\/notibras\/\"]},{\"@type\":\"Person\",\"@id\":\"https:\/\/www.notibras.com\/site\/#\/schema\/person\/36ab0979449956132d3e5b517ea76ac8\",\"name\":\"Reda\u00e7\u00e3o\",\"image\":{\"@type\":\"ImageObject\",\"inLanguage\":\"pt-BR\",\"@id\":\"https:\/\/secure.gravatar.com\/avatar\/e0a867bdedb85fd243eadf09663511f96fc81e0720a4a42581f334ad4303aa6b?s=96&d=mm&r=g\",\"url\":\"https:\/\/secure.gravatar.com\/avatar\/e0a867bdedb85fd243eadf09663511f96fc81e0720a4a42581f334ad4303aa6b?s=96&d=mm&r=g\",\"contentUrl\":\"https:\/\/secure.gravatar.com\/avatar\/e0a867bdedb85fd243eadf09663511f96fc81e0720a4a42581f334ad4303aa6b?s=96&d=mm&r=g\",\"caption\":\"Reda\u00e7\u00e3o\"}}]}<\/script>\n<!-- \/ Yoast SEO plugin. -->","yoast_head_json":{"title":"Flamengo cai de 4 para o Inter e lanterna d\u00e1 rumo da Segundona - Notibras","robots":{"index":"index","follow":"follow","max-snippet":"max-snippet:-1","max-image-preview":"max-image-preview:large","max-video-preview":"max-video-preview:-1"},"canonical":"https:\/\/www.notibras.com\/site\/flamengo-cai-de-4-para-o-inter-e-lanterna-acenda-caminho-da-segundona\/","og_locale":"pt_BR","og_type":"article","og_title":"Flamengo cai de 4 para o Inter e lanterna d\u00e1 rumo da Segundona - Notibras","og_description":"A primeira partida do Internacional no Beira-Rio ap\u00f3s a Copa do Mundo teve roteiro perfeito para a torcida colorada. A equipe fez homenagem a Fernand\u00e3o e correspondeu dentro de campo e aplicou f\u00e1ceis 4 a 0 sobre o Flamengo, ainda afundado na lanterna do Campeonato Brasileiro. Rafael Moura, D&#8217;Alessandro, Fabr\u00edcio e Alex marcaram os gols [&hellip;]","og_url":"https:\/\/www.notibras.com\/site\/flamengo-cai-de-4-para-o-inter-e-lanterna-acenda-caminho-da-segundona\/","og_site_name":"Notibras","article_publisher":"https:\/\/www.facebook.com\/notibras\/","article_published_time":"2014-07-20T21:12:35+00:00","article_modified_time":"2014-07-21T12:41:16+00:00","og_image":[{"width":750,"height":500,"url":"https:\/\/www.notibras.com\/site\/wp-content\/uploads\/2014\/07\/06dalessandrocomemoragolgetty.jpg","type":"image\/jpeg"}],"author":"Reda\u00e7\u00e3o","twitter_card":"summary_large_image","twitter_creator":"@Notibras","twitter_site":"@Notibras","twitter_misc":{"Escrito por":"Reda\u00e7\u00e3o","Est. tempo de leitura":"3 minutos"},"schema":{"@context":"https:\/\/schema.org","@graph":[{"@type":"Article","@id":"https:\/\/www.notibras.com\/site\/flamengo-cai-de-4-para-o-inter-e-lanterna-acenda-caminho-da-segundona\/#article","isPartOf":{"@id":"https:\/\/www.notibras.com\/site\/flamengo-cai-de-4-para-o-inter-e-lanterna-acenda-caminho-da-segundona\/"},"author":{"name":"Reda\u00e7\u00e3o","@id":"https:\/\/www.notibras.com\/site\/#\/schema\/person\/36ab0979449956132d3e5b517ea76ac8"},"headline":"Flamengo cai de 4 para o Inter e lanterna d\u00e1 rumo da Segundona","datePublished":"2014-07-20T21:12:35+00:00","dateModified":"2014-07-21T12:41:16+00:00","mainEntityOfPage":{"@id":"https:\/\/www.notibras.com\/site\/flamengo-cai-de-4-para-o-inter-e-lanterna-acenda-caminho-da-segundona\/"},"wordCount":514,"commentCount":0,"publisher":{"@id":"https:\/\/www.notibras.com\/site\/#organization"},"image":{"@id":"https:\/\/www.notibras.com\/site\/flamengo-cai-de-4-para-o-inter-e-lanterna-acenda-caminho-da-segundona\/#primaryimage"},"thumbnailUrl":"https:\/\/www.notibras.com\/site\/wp-content\/uploads\/2014\/07\/06dalessandrocomemoragolgetty.jpg","articleSection":["Esportes","Futebol"],"inLanguage":"pt-BR","potentialAction":[{"@type":"CommentAction","name":"Comment","target":["https:\/\/www.notibras.com\/site\/flamengo-cai-de-4-para-o-inter-e-lanterna-acenda-caminho-da-segundona\/#respond"]}]},{"@type":"WebPage","@id":"https:\/\/www.notibras.com\/site\/flamengo-cai-de-4-para-o-inter-e-lanterna-acenda-caminho-da-segundona\/","url":"https:\/\/www.notibras.com\/site\/flamengo-cai-de-4-para-o-inter-e-lanterna-acenda-caminho-da-segundona\/","name":"Flamengo cai de 4 para o Inter e lanterna d\u00e1 rumo da Segundona - Notibras","isPartOf":{"@id":"https:\/\/www.notibras.com\/site\/#website"},"primaryImageOfPage":{"@id":"https:\/\/www.notibras.com\/site\/flamengo-cai-de-4-para-o-inter-e-lanterna-acenda-caminho-da-segundona\/#primaryimage"},"image":{"@id":"https:\/\/www.notibras.com\/site\/flamengo-cai-de-4-para-o-inter-e-lanterna-acenda-caminho-da-segundona\/#primaryimage"},"thumbnailUrl":"https:\/\/www.notibras.com\/site\/wp-content\/uploads\/2014\/07\/06dalessandrocomemoragolgetty.jpg","datePublished":"2014-07-20T21:12:35+00:00","dateModified":"2014-07-21T12:41:16+00:00","breadcrumb":{"@id":"https:\/\/www.notibras.com\/site\/flamengo-cai-de-4-para-o-inter-e-lanterna-acenda-caminho-da-segundona\/#breadcrumb"},"inLanguage":"pt-BR","potentialAction":[{"@type":"ReadAction","target":["https:\/\/www.notibras.com\/site\/flamengo-cai-de-4-para-o-inter-e-lanterna-acenda-caminho-da-segundona\/"]}]},{"@type":"ImageObject","inLanguage":"pt-BR","@id":"https:\/\/www.notibras.com\/site\/flamengo-cai-de-4-para-o-inter-e-lanterna-acenda-caminho-da-segundona\/#primaryimage","url":"https:\/\/www.notibras.com\/site\/wp-content\/uploads\/2014\/07\/06dalessandrocomemoragolgetty.jpg","contentUrl":"https:\/\/www.notibras.com\/site\/wp-content\/uploads\/2014\/07\/06dalessandrocomemoragolgetty.jpg","width":750,"height":500},{"@type":"BreadcrumbList","@id":"https:\/\/www.notibras.com\/site\/flamengo-cai-de-4-para-o-inter-e-lanterna-acenda-caminho-da-segundona\/#breadcrumb","itemListElement":[{"@type":"ListItem","position":1,"name":"In\u00edcio","item":"https:\/\/www.notibras.com\/site\/"},{"@type":"ListItem","position":2,"name":"Flamengo cai de 4 para o Inter e lanterna d\u00e1 rumo da Segundona"}]},{"@type":"WebSite","@id":"https:\/\/www.notibras.com\/site\/#website","url":"https:\/\/www.notibras.com\/site\/","name":"Notibras","description":"Not\u00edcias de Bras\u00edlia, do Brasil e do Mundo","publisher":{"@id":"https:\/\/www.notibras.com\/site\/#organization"},"potentialAction":[{"@type":"SearchAction","target":{"@type":"EntryPoint","urlTemplate":"https:\/\/www.notibras.com\/site\/?s={search_term_string}"},"query-input":{"@type":"PropertyValueSpecification","valueRequired":true,"valueName":"search_term_string"}}],"inLanguage":"pt-BR"},{"@type":"Organization","@id":"https:\/\/www.notibras.com\/site\/#organization","name":"Grupo Notibras de Comunica\u00e7\u00e3o","url":"https:\/\/www.notibras.com\/site\/","logo":{"@type":"ImageObject","inLanguage":"pt-BR","@id":"https:\/\/www.notibras.com\/site\/#\/schema\/logo\/image\/","url":"https:\/\/www.notibras.com\/site\/wp-content\/uploads\/2023\/01\/notibras23.png","contentUrl":"https:\/\/www.notibras.com\/site\/wp-content\/uploads\/2023\/01\/notibras23.png","width":350,"height":87,"caption":"Grupo Notibras de Comunica\u00e7\u00e3o"},"image":{"@id":"https:\/\/www.notibras.com\/site\/#\/schema\/logo\/image\/"},"sameAs":["https:\/\/www.facebook.com\/notibras\/","https:\/\/x.com\/Notibras","https:\/\/www.instagram.com\/notibras\/"]},{"@type":"Person","@id":"https:\/\/www.notibras.com\/site\/#\/schema\/person\/36ab0979449956132d3e5b517ea76ac8","name":"Reda\u00e7\u00e3o","image":{"@type":"ImageObject","inLanguage":"pt-BR","@id":"https:\/\/secure.gravatar.com\/avatar\/e0a867bdedb85fd243eadf09663511f96fc81e0720a4a42581f334ad4303aa6b?s=96&d=mm&r=g","url":"https:\/\/secure.gravatar.com\/avatar\/e0a867bdedb85fd243eadf09663511f96fc81e0720a4a42581f334ad4303aa6b?s=96&d=mm&r=g","contentUrl":"https:\/\/secure.gravatar.com\/avatar\/e0a867bdedb85fd243eadf09663511f96fc81e0720a4a42581f334ad4303aa6b?s=96&d=mm&r=g","caption":"Reda\u00e7\u00e3o"}}]}},"amp_enabled":true,"_links":{"self":[{"href":"https:\/\/www.notibras.com\/site\/wp-json\/wp\/v2\/posts\/16806","targetHints":{"allow":["GET"]}}],"collection":[{"href":"https:\/\/www.notibras.com\/site\/wp-json\/wp\/v2\/posts"}],"about":[{"href":"https:\/\/www.notibras.com\/site\/wp-json\/wp\/v2\/types\/post"}],"author":[{"embeddable":true,"href":"https:\/\/www.notibras.com\/site\/wp-json\/wp\/v2\/users\/2"}],"replies":[{"embeddable":true,"href":"https:\/\/www.notibras.com\/site\/wp-json\/wp\/v2\/comments?post=16806"}],"version-history":[{"count":0,"href":"https:\/\/www.notibras.com\/site\/wp-json\/wp\/v2\/posts\/16806\/revisions"}],"wp:featuredmedia":[{"embeddable":true,"href":"https:\/\/www.notibras.com\/site\/wp-json\/wp\/v2\/media\/16807"}],"wp:attachment":[{"href":"https:\/\/www.notibras.com\/site\/wp-json\/wp\/v2\/media?parent=16806"}],"wp:term":[{"taxonomy":"category","embeddable":true,"href":"https:\/\/www.notibras.com\/site\/wp-json\/wp\/v2\/categories?post=16806"},{"taxonomy":"post_tag","embeddable":true,"href":"https:\/\/www.notibras.com\/site\/wp-json\/wp\/v2\/tags?post=16806"}],"curies":[{"name":"wp","href":"https:\/\/api.w.org\/{rel}","templated":true}]}}