{"id":16811,"date":"2014-07-20T18:18:42","date_gmt":"2014-07-20T21:18:42","guid":{"rendered":"http:\/\/www.notibras.com\/site\/?p=16811"},"modified":"2014-07-20T18:18:42","modified_gmt":"2014-07-20T21:18:42","slug":"cruzeiro-lider-esboca-goleada-mas-fica-no-2-a-1-contra-palmeiras","status":"publish","type":"post","link":"https:\/\/www.notibras.com\/site\/cruzeiro-lider-esboca-goleada-mas-fica-no-2-a-1-contra-palmeiras\/","title":{"rendered":"Cruzeiro, l\u00edder, esbo\u00e7a goleada mas fica no 2 a 1 contra Palmeiras"},"content":{"rendered":"<p>O jogo deste domingo no Pacaembu come\u00e7ou com sinais de goleada: o Cruzeiro mostrou sua efici\u00eancia habitual e\u00a0fez dois gols em dez minutos de jogo. Mas o Palmeiras reagiu com ra\u00e7a, marca\u00e7\u00e3o forte e criatividade no ataque. De nada adiantou: o time mineiro aguentou a press\u00e3o, superou os sustos e venceu por 2 a 1. Com isso, segue l\u00edder do Campeonato Brasileiro, com 25 pontos. J\u00e1 o Palmeiras est\u00e1 com 13 e n\u00e3o vence h\u00e1 cinco jogos.<\/p>\n<p class=\"text\">A escala\u00e7\u00e3o dos times j\u00e1 indicava um jogo animado no Pacaembu, pois\u00a0ambos\u00a0tinham tr\u00eas atacantes. Mas apenas o ataque do Cruzeiro come\u00e7ou bem. O time criou tr\u00eas chances de gol e aproveitou duas vezes. Primeiro Marquinhos foi lan\u00e7ado pela direita e ganhou na corrida contra William Matheus. Foi at\u00e9 a linha de fundo, tocou para tr\u00e1s, onde apareceu Ricardo Goulart para marcar. Logo depois, em uma falta cobrada da intermedi\u00e1ria, Manoel marcou de cabe\u00e7a.<\/p>\n<p class=\"text\">O Cruzeiro ainda teve outra grande chance de gol, mas F\u00e1bio fez defesa frente a frente com Everton Ribeiro. Foi o ponto de virada da partida: a partir de ent\u00e3o, o\u00a0Palmeiras se acalmou e obrigou o Cruzeiro a recuar. Conformado com o 2 a 0, o time mineiro se preocupou apenas em marcar e passou a tomar sustos.<\/p>\n<p class=\"text\">Aos 32min, ap\u00f3s tabela entre Mendieta e Leandro, a finaliza\u00e7\u00e3o do atacante foi defendida por F\u00e1bio. O rebote sobrou para Henrique, que estava livre e chutou de forma bizarra. Outra grande chance surgiu aos 38min, novamente com Leandro, mas ele tamb\u00e9m chutou muito torto.<\/p>\n<p class=\"text\">Para o segundo tempo o Cruzeiro s\u00f3 fez uma substitui\u00e7\u00e3o para evitar expuls\u00e3o &#8211; trocou o amarelado Lucas Silva por Willian Farias -, ent\u00e3o nada mudou na partida. O Palmeiras continuou melhor e s\u00f3 era parado com faltas. E foi em uma delas que saiu o gol: ap\u00f3s cruzamento, o rec\u00e9m-contratado Tobio desviou com o p\u00e9 para as redes.<\/p>\n<p class=\"text\">O gol levou o jogo para dois extremos: o Palmeiras se mandou para o ataque com tudo. O Cruzeiro recuou de todas formas e\u00a0at\u00e9 fez &#8220;cera&#8221; para o tempo passar. O resultado disso foi \u00f3bvio: o time da casa teve grandes chances, com Henrique e Mouche, mas tamb\u00e9m sofreu contra-ataques. Em um deles o Cruzeiro reclamou de p\u00eanalti de Renato em Goulart. Em outro o goleiro F\u00e1bio salvou uma grande chance de Tinga. Nos \u00faltimos minutos, o Palmeiras criou alguma press\u00e3o na base do desespero e\u00a0tamb\u00e9m reclamou de um p\u00eanalti em Diogo, mas nada foi marcado.<\/p>\n","protected":false},"excerpt":{"rendered":"<p>O jogo deste domingo no Pacaembu come\u00e7ou com sinais de goleada: o Cruzeiro mostrou sua efici\u00eancia habitual e\u00a0fez dois gols em dez minutos de jogo. Mas o Palmeiras reagiu com ra\u00e7a, marca\u00e7\u00e3o forte e criatividade no ataque. De nada adiantou: o time mineiro aguentou a press\u00e3o, superou os sustos e venceu por 2 a 1. [&hellip;]<\/p>\n","protected":false},"author":2,"featured_media":16812,"comment_status":"open","ping_status":"closed","sticky":false,"template":"","format":"standard","meta":{"_acf_changed":false,"footnotes":""},"categories":[19,29],"tags":[],"class_list":["post-16811","post","type-post","status-publish","format-standard","has-post-thumbnail","hentry","category-esportes","category-futebol"],"acf":[],"yoast_head":"<!-- This site is optimized with the Yoast SEO plugin v27.2 - https:\/\/yoast.com\/product\/yoast-seo-wordpress\/ -->\n<title>Cruzeiro, l\u00edder, esbo\u00e7a goleada mas fica no 2 a 1 contra Palmeiras - Notibras<\/title>\n<meta name=\"robots\" content=\"index, follow, max-snippet:-1, max-image-preview:large, max-video-preview:-1\" \/>\n<link rel=\"canonical\" href=\"https:\/\/www.notibras.com\/site\/cruzeiro-lider-esboca-goleada-mas-fica-no-2-a-1-contra-palmeiras\/\" \/>\n<meta property=\"og:locale\" content=\"pt_BR\" \/>\n<meta property=\"og:type\" content=\"article\" \/>\n<meta property=\"og:title\" content=\"Cruzeiro, l\u00edder, esbo\u00e7a goleada mas fica no 2 a 1 contra Palmeiras - Notibras\" \/>\n<meta property=\"og:description\" content=\"O jogo deste domingo no Pacaembu come\u00e7ou com sinais de goleada: o Cruzeiro mostrou sua efici\u00eancia habitual e\u00a0fez dois gols em dez minutos de jogo. Mas o Palmeiras reagiu com ra\u00e7a, marca\u00e7\u00e3o forte e criatividade no ataque. De nada adiantou: o time mineiro aguentou a press\u00e3o, superou os sustos e venceu por 2 a 1. [&hellip;]\" \/>\n<meta property=\"og:url\" content=\"https:\/\/www.notibras.com\/site\/cruzeiro-lider-esboca-goleada-mas-fica-no-2-a-1-contra-palmeiras\/\" \/>\n<meta property=\"og:site_name\" content=\"Notibras\" \/>\n<meta property=\"article:publisher\" content=\"https:\/\/www.facebook.com\/notibras\/\" \/>\n<meta property=\"article:published_time\" content=\"2014-07-20T21:18:42+00:00\" \/>\n<meta property=\"og:image\" content=\"https:\/\/www.notibras.com\/site\/wp-content\/uploads\/2014\/07\/01mmorenomarcaluciompereiraterra.jpg\" \/>\n\t<meta property=\"og:image:width\" content=\"751\" \/>\n\t<meta property=\"og:image:height\" content=\"500\" \/>\n\t<meta property=\"og:image:type\" content=\"image\/jpeg\" \/>\n<meta name=\"author\" content=\"Reda\u00e7\u00e3o\" \/>\n<meta name=\"twitter:card\" content=\"summary_large_image\" \/>\n<meta name=\"twitter:creator\" content=\"@Notibras\" \/>\n<meta name=\"twitter:site\" content=\"@Notibras\" \/>\n<meta name=\"twitter:label1\" content=\"Escrito por\" \/>\n\t<meta name=\"twitter:data1\" content=\"Reda\u00e7\u00e3o\" \/>\n\t<meta name=\"twitter:label2\" content=\"Est. tempo de leitura\" \/>\n\t<meta name=\"twitter:data2\" content=\"2 minutos\" \/>\n<script type=\"application\/ld+json\" class=\"yoast-schema-graph\">{\"@context\":\"https:\/\/schema.org\",\"@graph\":[{\"@type\":\"Article\",\"@id\":\"https:\/\/www.notibras.com\/site\/cruzeiro-lider-esboca-goleada-mas-fica-no-2-a-1-contra-palmeiras\/#article\",\"isPartOf\":{\"@id\":\"https:\/\/www.notibras.com\/site\/cruzeiro-lider-esboca-goleada-mas-fica-no-2-a-1-contra-palmeiras\/\"},\"author\":{\"name\":\"Reda\u00e7\u00e3o\",\"@id\":\"https:\/\/www.notibras.com\/site\/#\/schema\/person\/36ab0979449956132d3e5b517ea76ac8\"},\"headline\":\"Cruzeiro, l\u00edder, esbo\u00e7a goleada mas fica no 2 a 1 contra Palmeiras\",\"datePublished\":\"2014-07-20T21:18:42+00:00\",\"mainEntityOfPage\":{\"@id\":\"https:\/\/www.notibras.com\/site\/cruzeiro-lider-esboca-goleada-mas-fica-no-2-a-1-contra-palmeiras\/\"},\"wordCount\":451,\"commentCount\":0,\"publisher\":{\"@id\":\"https:\/\/www.notibras.com\/site\/#organization\"},\"image\":{\"@id\":\"https:\/\/www.notibras.com\/site\/cruzeiro-lider-esboca-goleada-mas-fica-no-2-a-1-contra-palmeiras\/#primaryimage\"},\"thumbnailUrl\":\"https:\/\/www.notibras.com\/site\/wp-content\/uploads\/2014\/07\/01mmorenomarcaluciompereiraterra.jpg\",\"articleSection\":[\"Esportes\",\"Futebol\"],\"inLanguage\":\"pt-BR\",\"potentialAction\":[{\"@type\":\"CommentAction\",\"name\":\"Comment\",\"target\":[\"https:\/\/www.notibras.com\/site\/cruzeiro-lider-esboca-goleada-mas-fica-no-2-a-1-contra-palmeiras\/#respond\"]}]},{\"@type\":\"WebPage\",\"@id\":\"https:\/\/www.notibras.com\/site\/cruzeiro-lider-esboca-goleada-mas-fica-no-2-a-1-contra-palmeiras\/\",\"url\":\"https:\/\/www.notibras.com\/site\/cruzeiro-lider-esboca-goleada-mas-fica-no-2-a-1-contra-palmeiras\/\",\"name\":\"Cruzeiro, l\u00edder, esbo\u00e7a goleada mas fica no 2 a 1 contra Palmeiras - Notibras\",\"isPartOf\":{\"@id\":\"https:\/\/www.notibras.com\/site\/#website\"},\"primaryImageOfPage\":{\"@id\":\"https:\/\/www.notibras.com\/site\/cruzeiro-lider-esboca-goleada-mas-fica-no-2-a-1-contra-palmeiras\/#primaryimage\"},\"image\":{\"@id\":\"https:\/\/www.notibras.com\/site\/cruzeiro-lider-esboca-goleada-mas-fica-no-2-a-1-contra-palmeiras\/#primaryimage\"},\"thumbnailUrl\":\"https:\/\/www.notibras.com\/site\/wp-content\/uploads\/2014\/07\/01mmorenomarcaluciompereiraterra.jpg\",\"datePublished\":\"2014-07-20T21:18:42+00:00\",\"breadcrumb\":{\"@id\":\"https:\/\/www.notibras.com\/site\/cruzeiro-lider-esboca-goleada-mas-fica-no-2-a-1-contra-palmeiras\/#breadcrumb\"},\"inLanguage\":\"pt-BR\",\"potentialAction\":[{\"@type\":\"ReadAction\",\"target\":[\"https:\/\/www.notibras.com\/site\/cruzeiro-lider-esboca-goleada-mas-fica-no-2-a-1-contra-palmeiras\/\"]}]},{\"@type\":\"ImageObject\",\"inLanguage\":\"pt-BR\",\"@id\":\"https:\/\/www.notibras.com\/site\/cruzeiro-lider-esboca-goleada-mas-fica-no-2-a-1-contra-palmeiras\/#primaryimage\",\"url\":\"https:\/\/www.notibras.com\/site\/wp-content\/uploads\/2014\/07\/01mmorenomarcaluciompereiraterra.jpg\",\"contentUrl\":\"https:\/\/www.notibras.com\/site\/wp-content\/uploads\/2014\/07\/01mmorenomarcaluciompereiraterra.jpg\",\"width\":751,\"height\":500},{\"@type\":\"BreadcrumbList\",\"@id\":\"https:\/\/www.notibras.com\/site\/cruzeiro-lider-esboca-goleada-mas-fica-no-2-a-1-contra-palmeiras\/#breadcrumb\",\"itemListElement\":[{\"@type\":\"ListItem\",\"position\":1,\"name\":\"In\u00edcio\",\"item\":\"https:\/\/www.notibras.com\/site\/\"},{\"@type\":\"ListItem\",\"position\":2,\"name\":\"Cruzeiro, l\u00edder, esbo\u00e7a goleada mas fica no 2 a 1 contra Palmeiras\"}]},{\"@type\":\"WebSite\",\"@id\":\"https:\/\/www.notibras.com\/site\/#website\",\"url\":\"https:\/\/www.notibras.com\/site\/\",\"name\":\"Notibras\",\"description\":\"Not\u00edcias de Bras\u00edlia, do Brasil e do Mundo\",\"publisher\":{\"@id\":\"https:\/\/www.notibras.com\/site\/#organization\"},\"potentialAction\":[{\"@type\":\"SearchAction\",\"target\":{\"@type\":\"EntryPoint\",\"urlTemplate\":\"https:\/\/www.notibras.com\/site\/?s={search_term_string}\"},\"query-input\":{\"@type\":\"PropertyValueSpecification\",\"valueRequired\":true,\"valueName\":\"search_term_string\"}}],\"inLanguage\":\"pt-BR\"},{\"@type\":\"Organization\",\"@id\":\"https:\/\/www.notibras.com\/site\/#organization\",\"name\":\"Grupo Notibras de Comunica\u00e7\u00e3o\",\"url\":\"https:\/\/www.notibras.com\/site\/\",\"logo\":{\"@type\":\"ImageObject\",\"inLanguage\":\"pt-BR\",\"@id\":\"https:\/\/www.notibras.com\/site\/#\/schema\/logo\/image\/\",\"url\":\"https:\/\/www.notibras.com\/site\/wp-content\/uploads\/2023\/01\/notibras23.png\",\"contentUrl\":\"https:\/\/www.notibras.com\/site\/wp-content\/uploads\/2023\/01\/notibras23.png\",\"width\":350,\"height\":87,\"caption\":\"Grupo Notibras de Comunica\u00e7\u00e3o\"},\"image\":{\"@id\":\"https:\/\/www.notibras.com\/site\/#\/schema\/logo\/image\/\"},\"sameAs\":[\"https:\/\/www.facebook.com\/notibras\/\",\"https:\/\/x.com\/Notibras\",\"https:\/\/www.instagram.com\/notibras\/\"]},{\"@type\":\"Person\",\"@id\":\"https:\/\/www.notibras.com\/site\/#\/schema\/person\/36ab0979449956132d3e5b517ea76ac8\",\"name\":\"Reda\u00e7\u00e3o\",\"image\":{\"@type\":\"ImageObject\",\"inLanguage\":\"pt-BR\",\"@id\":\"https:\/\/secure.gravatar.com\/avatar\/e0a867bdedb85fd243eadf09663511f96fc81e0720a4a42581f334ad4303aa6b?s=96&d=mm&r=g\",\"url\":\"https:\/\/secure.gravatar.com\/avatar\/e0a867bdedb85fd243eadf09663511f96fc81e0720a4a42581f334ad4303aa6b?s=96&d=mm&r=g\",\"contentUrl\":\"https:\/\/secure.gravatar.com\/avatar\/e0a867bdedb85fd243eadf09663511f96fc81e0720a4a42581f334ad4303aa6b?s=96&d=mm&r=g\",\"caption\":\"Reda\u00e7\u00e3o\"}}]}<\/script>\n<!-- \/ Yoast SEO plugin. -->","yoast_head_json":{"title":"Cruzeiro, l\u00edder, esbo\u00e7a goleada mas fica no 2 a 1 contra Palmeiras - Notibras","robots":{"index":"index","follow":"follow","max-snippet":"max-snippet:-1","max-image-preview":"max-image-preview:large","max-video-preview":"max-video-preview:-1"},"canonical":"https:\/\/www.notibras.com\/site\/cruzeiro-lider-esboca-goleada-mas-fica-no-2-a-1-contra-palmeiras\/","og_locale":"pt_BR","og_type":"article","og_title":"Cruzeiro, l\u00edder, esbo\u00e7a goleada mas fica no 2 a 1 contra Palmeiras - Notibras","og_description":"O jogo deste domingo no Pacaembu come\u00e7ou com sinais de goleada: o Cruzeiro mostrou sua efici\u00eancia habitual e\u00a0fez dois gols em dez minutos de jogo. Mas o Palmeiras reagiu com ra\u00e7a, marca\u00e7\u00e3o forte e criatividade no ataque. De nada adiantou: o time mineiro aguentou a press\u00e3o, superou os sustos e venceu por 2 a 1. [&hellip;]","og_url":"https:\/\/www.notibras.com\/site\/cruzeiro-lider-esboca-goleada-mas-fica-no-2-a-1-contra-palmeiras\/","og_site_name":"Notibras","article_publisher":"https:\/\/www.facebook.com\/notibras\/","article_published_time":"2014-07-20T21:18:42+00:00","og_image":[{"width":751,"height":500,"url":"https:\/\/www.notibras.com\/site\/wp-content\/uploads\/2014\/07\/01mmorenomarcaluciompereiraterra.jpg","type":"image\/jpeg"}],"author":"Reda\u00e7\u00e3o","twitter_card":"summary_large_image","twitter_creator":"@Notibras","twitter_site":"@Notibras","twitter_misc":{"Escrito por":"Reda\u00e7\u00e3o","Est. tempo de leitura":"2 minutos"},"schema":{"@context":"https:\/\/schema.org","@graph":[{"@type":"Article","@id":"https:\/\/www.notibras.com\/site\/cruzeiro-lider-esboca-goleada-mas-fica-no-2-a-1-contra-palmeiras\/#article","isPartOf":{"@id":"https:\/\/www.notibras.com\/site\/cruzeiro-lider-esboca-goleada-mas-fica-no-2-a-1-contra-palmeiras\/"},"author":{"name":"Reda\u00e7\u00e3o","@id":"https:\/\/www.notibras.com\/site\/#\/schema\/person\/36ab0979449956132d3e5b517ea76ac8"},"headline":"Cruzeiro, l\u00edder, esbo\u00e7a goleada mas fica no 2 a 1 contra Palmeiras","datePublished":"2014-07-20T21:18:42+00:00","mainEntityOfPage":{"@id":"https:\/\/www.notibras.com\/site\/cruzeiro-lider-esboca-goleada-mas-fica-no-2-a-1-contra-palmeiras\/"},"wordCount":451,"commentCount":0,"publisher":{"@id":"https:\/\/www.notibras.com\/site\/#organization"},"image":{"@id":"https:\/\/www.notibras.com\/site\/cruzeiro-lider-esboca-goleada-mas-fica-no-2-a-1-contra-palmeiras\/#primaryimage"},"thumbnailUrl":"https:\/\/www.notibras.com\/site\/wp-content\/uploads\/2014\/07\/01mmorenomarcaluciompereiraterra.jpg","articleSection":["Esportes","Futebol"],"inLanguage":"pt-BR","potentialAction":[{"@type":"CommentAction","name":"Comment","target":["https:\/\/www.notibras.com\/site\/cruzeiro-lider-esboca-goleada-mas-fica-no-2-a-1-contra-palmeiras\/#respond"]}]},{"@type":"WebPage","@id":"https:\/\/www.notibras.com\/site\/cruzeiro-lider-esboca-goleada-mas-fica-no-2-a-1-contra-palmeiras\/","url":"https:\/\/www.notibras.com\/site\/cruzeiro-lider-esboca-goleada-mas-fica-no-2-a-1-contra-palmeiras\/","name":"Cruzeiro, l\u00edder, esbo\u00e7a goleada mas fica no 2 a 1 contra Palmeiras - Notibras","isPartOf":{"@id":"https:\/\/www.notibras.com\/site\/#website"},"primaryImageOfPage":{"@id":"https:\/\/www.notibras.com\/site\/cruzeiro-lider-esboca-goleada-mas-fica-no-2-a-1-contra-palmeiras\/#primaryimage"},"image":{"@id":"https:\/\/www.notibras.com\/site\/cruzeiro-lider-esboca-goleada-mas-fica-no-2-a-1-contra-palmeiras\/#primaryimage"},"thumbnailUrl":"https:\/\/www.notibras.com\/site\/wp-content\/uploads\/2014\/07\/01mmorenomarcaluciompereiraterra.jpg","datePublished":"2014-07-20T21:18:42+00:00","breadcrumb":{"@id":"https:\/\/www.notibras.com\/site\/cruzeiro-lider-esboca-goleada-mas-fica-no-2-a-1-contra-palmeiras\/#breadcrumb"},"inLanguage":"pt-BR","potentialAction":[{"@type":"ReadAction","target":["https:\/\/www.notibras.com\/site\/cruzeiro-lider-esboca-goleada-mas-fica-no-2-a-1-contra-palmeiras\/"]}]},{"@type":"ImageObject","inLanguage":"pt-BR","@id":"https:\/\/www.notibras.com\/site\/cruzeiro-lider-esboca-goleada-mas-fica-no-2-a-1-contra-palmeiras\/#primaryimage","url":"https:\/\/www.notibras.com\/site\/wp-content\/uploads\/2014\/07\/01mmorenomarcaluciompereiraterra.jpg","contentUrl":"https:\/\/www.notibras.com\/site\/wp-content\/uploads\/2014\/07\/01mmorenomarcaluciompereiraterra.jpg","width":751,"height":500},{"@type":"BreadcrumbList","@id":"https:\/\/www.notibras.com\/site\/cruzeiro-lider-esboca-goleada-mas-fica-no-2-a-1-contra-palmeiras\/#breadcrumb","itemListElement":[{"@type":"ListItem","position":1,"name":"In\u00edcio","item":"https:\/\/www.notibras.com\/site\/"},{"@type":"ListItem","position":2,"name":"Cruzeiro, l\u00edder, esbo\u00e7a goleada mas fica no 2 a 1 contra Palmeiras"}]},{"@type":"WebSite","@id":"https:\/\/www.notibras.com\/site\/#website","url":"https:\/\/www.notibras.com\/site\/","name":"Notibras","description":"Not\u00edcias de Bras\u00edlia, do Brasil e do Mundo","publisher":{"@id":"https:\/\/www.notibras.com\/site\/#organization"},"potentialAction":[{"@type":"SearchAction","target":{"@type":"EntryPoint","urlTemplate":"https:\/\/www.notibras.com\/site\/?s={search_term_string}"},"query-input":{"@type":"PropertyValueSpecification","valueRequired":true,"valueName":"search_term_string"}}],"inLanguage":"pt-BR"},{"@type":"Organization","@id":"https:\/\/www.notibras.com\/site\/#organization","name":"Grupo Notibras de Comunica\u00e7\u00e3o","url":"https:\/\/www.notibras.com\/site\/","logo":{"@type":"ImageObject","inLanguage":"pt-BR","@id":"https:\/\/www.notibras.com\/site\/#\/schema\/logo\/image\/","url":"https:\/\/www.notibras.com\/site\/wp-content\/uploads\/2023\/01\/notibras23.png","contentUrl":"https:\/\/www.notibras.com\/site\/wp-content\/uploads\/2023\/01\/notibras23.png","width":350,"height":87,"caption":"Grupo Notibras de Comunica\u00e7\u00e3o"},"image":{"@id":"https:\/\/www.notibras.com\/site\/#\/schema\/logo\/image\/"},"sameAs":["https:\/\/www.facebook.com\/notibras\/","https:\/\/x.com\/Notibras","https:\/\/www.instagram.com\/notibras\/"]},{"@type":"Person","@id":"https:\/\/www.notibras.com\/site\/#\/schema\/person\/36ab0979449956132d3e5b517ea76ac8","name":"Reda\u00e7\u00e3o","image":{"@type":"ImageObject","inLanguage":"pt-BR","@id":"https:\/\/secure.gravatar.com\/avatar\/e0a867bdedb85fd243eadf09663511f96fc81e0720a4a42581f334ad4303aa6b?s=96&d=mm&r=g","url":"https:\/\/secure.gravatar.com\/avatar\/e0a867bdedb85fd243eadf09663511f96fc81e0720a4a42581f334ad4303aa6b?s=96&d=mm&r=g","contentUrl":"https:\/\/secure.gravatar.com\/avatar\/e0a867bdedb85fd243eadf09663511f96fc81e0720a4a42581f334ad4303aa6b?s=96&d=mm&r=g","caption":"Reda\u00e7\u00e3o"}}]}},"amp_enabled":true,"_links":{"self":[{"href":"https:\/\/www.notibras.com\/site\/wp-json\/wp\/v2\/posts\/16811","targetHints":{"allow":["GET"]}}],"collection":[{"href":"https:\/\/www.notibras.com\/site\/wp-json\/wp\/v2\/posts"}],"about":[{"href":"https:\/\/www.notibras.com\/site\/wp-json\/wp\/v2\/types\/post"}],"author":[{"embeddable":true,"href":"https:\/\/www.notibras.com\/site\/wp-json\/wp\/v2\/users\/2"}],"replies":[{"embeddable":true,"href":"https:\/\/www.notibras.com\/site\/wp-json\/wp\/v2\/comments?post=16811"}],"version-history":[{"count":0,"href":"https:\/\/www.notibras.com\/site\/wp-json\/wp\/v2\/posts\/16811\/revisions"}],"wp:featuredmedia":[{"embeddable":true,"href":"https:\/\/www.notibras.com\/site\/wp-json\/wp\/v2\/media\/16812"}],"wp:attachment":[{"href":"https:\/\/www.notibras.com\/site\/wp-json\/wp\/v2\/media?parent=16811"}],"wp:term":[{"taxonomy":"category","embeddable":true,"href":"https:\/\/www.notibras.com\/site\/wp-json\/wp\/v2\/categories?post=16811"},{"taxonomy":"post_tag","embeddable":true,"href":"https:\/\/www.notibras.com\/site\/wp-json\/wp\/v2\/tags?post=16811"}],"curies":[{"name":"wp","href":"https:\/\/api.w.org\/{rel}","templated":true}]}}