{"id":16814,"date":"2014-07-20T18:00:05","date_gmt":"2014-07-20T21:00:05","guid":{"rendered":"http:\/\/www.notibras.com\/site\/?p=16814"},"modified":"2014-07-20T18:55:37","modified_gmt":"2014-07-20T21:55:37","slug":"corinthians-vai-a-bahia-mas-para-na-retranca-do-vitoria-e-no-0-a-0","status":"publish","type":"post","link":"https:\/\/www.notibras.com\/site\/corinthians-vai-a-bahia-mas-para-na-retranca-do-vitoria-e-no-0-a-0\/","title":{"rendered":"Corinthians vai a Bahia mas para na retranca do Vit\u00f3ria e no 0 a 0"},"content":{"rendered":"<p>O Corinthians pressionou, foi amea\u00e7ado pelo Vit\u00f3ria e saiu com um ponto na bagagem, neste domingo, em Salvador. Em partida disputada no Est\u00e1dio Barrad\u00e3o, as duas equipes\u00a0ficaram no 0 a 0, resultado que \u00e9 mais favor\u00e1vel ao Cruzeiro. Ainda vice-l\u00edder do Campeonato Brasileiro, o time corintiano perdeu terreno na busca pela primeira posi\u00e7\u00e3o.<\/p>\n<p class=\"text\">Com o triunfo, o Corinthians alcan\u00e7ou 20 pontos, mas agora assiste \u00e0 lideran\u00e7a ainda mais tranquila do atual campe\u00e3o. No Pacaembu, o Cruzeiro levou a melhor sobre o Palmeiras e agora tem 25 pontos na primeira posi\u00e7\u00e3o. Sem ganhar dentro de casa, o Vit\u00f3ria segue na zona de rebaixamento e com sete pontos somados.<\/p>\n<p class=\"text\">Apesar do empate sem gols, os goleiros trabalharam bastante em Salvador. A equipe corintiana teve bons momentos no in\u00edcio e no fim do jogo, mas esbarrou em Wilson, especialmente nos minutos decisivos. C\u00e1ssio tamb\u00e9m exibiu seguran\u00e7a nos momentos positivos do Vit\u00f3ria, e assim os atacantes dos dois times\u00a0sa\u00edram insatisfeitos neste domingo.<\/p>\n<p class=\"text\">Atr\u00e1s da reabilita\u00e7\u00e3o, as duas equipes ter\u00e3o miss\u00f5es complicadas no pr\u00f3ximo fim de semana. O Vit\u00f3ria viaja para enfrentar o Crici\u00fama no s\u00e1bado, \u00e0s 18h30 (de Bras\u00edlia). No dia seguinte, a Arena Corinthians recebe seu primeiro cl\u00e1ssico, justamente entre o time da casa e o Palmeiras. Jadson, por terceiro cart\u00e3o amarelo, ser\u00e1 desfalque para Mano Menezes.<\/p>\n<p class=\"text\">Embalado pela vit\u00f3ria sobre o Internacional na \u00faltima quinta-feira, o Corinthians teve o controle do jogo no Barrad\u00e3o durante boa parte do primeiro tempo. Contra um Vit\u00f3ria fragilizado e na luta contra o rebaixamento, a equipe corintiana se imp\u00f4s e ditou o ritmo, mas tamb\u00e9m criou muito pouco. Ao longo de 45 minutos, na pr\u00e1tica, foram duas as oportunidades para abrir o marcador.<\/p>\n<p class=\"text\">\n","protected":false},"excerpt":{"rendered":"<p>O Corinthians pressionou, foi amea\u00e7ado pelo Vit\u00f3ria e saiu com um ponto na bagagem, neste domingo, em Salvador. Em partida disputada no Est\u00e1dio Barrad\u00e3o, as duas equipes\u00a0ficaram no 0 a 0, resultado que \u00e9 mais favor\u00e1vel ao Cruzeiro. Ainda vice-l\u00edder do Campeonato Brasileiro, o time corintiano perdeu terreno na busca pela primeira posi\u00e7\u00e3o. Com o [&hellip;]<\/p>\n","protected":false},"author":2,"featured_media":16815,"comment_status":"open","ping_status":"closed","sticky":false,"template":"","format":"standard","meta":{"_acf_changed":false,"footnotes":""},"categories":[19,29],"tags":[],"class_list":["post-16814","post","type-post","status-publish","format-standard","has-post-thumbnail","hentry","category-esportes","category-futebol"],"acf":[],"yoast_head":"<!-- This site is optimized with the Yoast SEO plugin v27.2 - https:\/\/yoast.com\/product\/yoast-seo-wordpress\/ -->\n<title>Corinthians vai a Bahia mas para na retranca do Vit\u00f3ria e no 0 a 0 - Notibras<\/title>\n<meta name=\"robots\" content=\"index, follow, max-snippet:-1, max-image-preview:large, max-video-preview:-1\" \/>\n<link rel=\"canonical\" href=\"https:\/\/www.notibras.com\/site\/corinthians-vai-a-bahia-mas-para-na-retranca-do-vitoria-e-no-0-a-0\/\" \/>\n<meta property=\"og:locale\" content=\"pt_BR\" \/>\n<meta property=\"og:type\" content=\"article\" \/>\n<meta property=\"og:title\" content=\"Corinthians vai a Bahia mas para na retranca do Vit\u00f3ria e no 0 a 0 - Notibras\" \/>\n<meta property=\"og:description\" content=\"O Corinthians pressionou, foi amea\u00e7ado pelo Vit\u00f3ria e saiu com um ponto na bagagem, neste domingo, em Salvador. Em partida disputada no Est\u00e1dio Barrad\u00e3o, as duas equipes\u00a0ficaram no 0 a 0, resultado que \u00e9 mais favor\u00e1vel ao Cruzeiro. Ainda vice-l\u00edder do Campeonato Brasileiro, o time corintiano perdeu terreno na busca pela primeira posi\u00e7\u00e3o. Com o [&hellip;]\" \/>\n<meta property=\"og:url\" content=\"https:\/\/www.notibras.com\/site\/corinthians-vai-a-bahia-mas-para-na-retranca-do-vitoria-e-no-0-a-0\/\" \/>\n<meta property=\"og:site_name\" content=\"Notibras\" \/>\n<meta property=\"article:publisher\" content=\"https:\/\/www.facebook.com\/notibras\/\" \/>\n<meta property=\"article:published_time\" content=\"2014-07-20T21:00:05+00:00\" \/>\n<meta property=\"article:modified_time\" content=\"2014-07-20T21:55:37+00:00\" \/>\n<meta property=\"og:image\" content=\"https:\/\/www.notibras.com\/site\/wp-content\/uploads\/2014\/07\/esp.11.jpg\" \/>\n\t<meta property=\"og:image:width\" content=\"750\" \/>\n\t<meta property=\"og:image:height\" content=\"500\" \/>\n\t<meta property=\"og:image:type\" content=\"image\/jpeg\" \/>\n<meta name=\"author\" content=\"Reda\u00e7\u00e3o\" \/>\n<meta name=\"twitter:card\" content=\"summary_large_image\" \/>\n<meta name=\"twitter:creator\" content=\"@Notibras\" \/>\n<meta name=\"twitter:site\" content=\"@Notibras\" \/>\n<meta name=\"twitter:label1\" content=\"Escrito por\" \/>\n\t<meta name=\"twitter:data1\" content=\"Reda\u00e7\u00e3o\" \/>\n\t<meta name=\"twitter:label2\" content=\"Est. tempo de leitura\" \/>\n\t<meta name=\"twitter:data2\" content=\"2 minutos\" \/>\n<script type=\"application\/ld+json\" class=\"yoast-schema-graph\">{\"@context\":\"https:\/\/schema.org\",\"@graph\":[{\"@type\":\"Article\",\"@id\":\"https:\/\/www.notibras.com\/site\/corinthians-vai-a-bahia-mas-para-na-retranca-do-vitoria-e-no-0-a-0\/#article\",\"isPartOf\":{\"@id\":\"https:\/\/www.notibras.com\/site\/corinthians-vai-a-bahia-mas-para-na-retranca-do-vitoria-e-no-0-a-0\/\"},\"author\":{\"name\":\"Reda\u00e7\u00e3o\",\"@id\":\"https:\/\/www.notibras.com\/site\/#\/schema\/person\/36ab0979449956132d3e5b517ea76ac8\"},\"headline\":\"Corinthians vai a Bahia mas para na retranca do Vit\u00f3ria e no 0 a 0\",\"datePublished\":\"2014-07-20T21:00:05+00:00\",\"dateModified\":\"2014-07-20T21:55:37+00:00\",\"mainEntityOfPage\":{\"@id\":\"https:\/\/www.notibras.com\/site\/corinthians-vai-a-bahia-mas-para-na-retranca-do-vitoria-e-no-0-a-0\/\"},\"wordCount\":321,\"commentCount\":0,\"publisher\":{\"@id\":\"https:\/\/www.notibras.com\/site\/#organization\"},\"image\":{\"@id\":\"https:\/\/www.notibras.com\/site\/corinthians-vai-a-bahia-mas-para-na-retranca-do-vitoria-e-no-0-a-0\/#primaryimage\"},\"thumbnailUrl\":\"https:\/\/www.notibras.com\/site\/wp-content\/uploads\/2014\/07\/esp.11.jpg\",\"articleSection\":[\"Esportes\",\"Futebol\"],\"inLanguage\":\"pt-BR\",\"potentialAction\":[{\"@type\":\"CommentAction\",\"name\":\"Comment\",\"target\":[\"https:\/\/www.notibras.com\/site\/corinthians-vai-a-bahia-mas-para-na-retranca-do-vitoria-e-no-0-a-0\/#respond\"]}]},{\"@type\":\"WebPage\",\"@id\":\"https:\/\/www.notibras.com\/site\/corinthians-vai-a-bahia-mas-para-na-retranca-do-vitoria-e-no-0-a-0\/\",\"url\":\"https:\/\/www.notibras.com\/site\/corinthians-vai-a-bahia-mas-para-na-retranca-do-vitoria-e-no-0-a-0\/\",\"name\":\"Corinthians vai a Bahia mas para na retranca do Vit\u00f3ria e no 0 a 0 - Notibras\",\"isPartOf\":{\"@id\":\"https:\/\/www.notibras.com\/site\/#website\"},\"primaryImageOfPage\":{\"@id\":\"https:\/\/www.notibras.com\/site\/corinthians-vai-a-bahia-mas-para-na-retranca-do-vitoria-e-no-0-a-0\/#primaryimage\"},\"image\":{\"@id\":\"https:\/\/www.notibras.com\/site\/corinthians-vai-a-bahia-mas-para-na-retranca-do-vitoria-e-no-0-a-0\/#primaryimage\"},\"thumbnailUrl\":\"https:\/\/www.notibras.com\/site\/wp-content\/uploads\/2014\/07\/esp.11.jpg\",\"datePublished\":\"2014-07-20T21:00:05+00:00\",\"dateModified\":\"2014-07-20T21:55:37+00:00\",\"breadcrumb\":{\"@id\":\"https:\/\/www.notibras.com\/site\/corinthians-vai-a-bahia-mas-para-na-retranca-do-vitoria-e-no-0-a-0\/#breadcrumb\"},\"inLanguage\":\"pt-BR\",\"potentialAction\":[{\"@type\":\"ReadAction\",\"target\":[\"https:\/\/www.notibras.com\/site\/corinthians-vai-a-bahia-mas-para-na-retranca-do-vitoria-e-no-0-a-0\/\"]}]},{\"@type\":\"ImageObject\",\"inLanguage\":\"pt-BR\",\"@id\":\"https:\/\/www.notibras.com\/site\/corinthians-vai-a-bahia-mas-para-na-retranca-do-vitoria-e-no-0-a-0\/#primaryimage\",\"url\":\"https:\/\/www.notibras.com\/site\/wp-content\/uploads\/2014\/07\/esp.11.jpg\",\"contentUrl\":\"https:\/\/www.notibras.com\/site\/wp-content\/uploads\/2014\/07\/esp.11.jpg\",\"width\":750,\"height\":500},{\"@type\":\"BreadcrumbList\",\"@id\":\"https:\/\/www.notibras.com\/site\/corinthians-vai-a-bahia-mas-para-na-retranca-do-vitoria-e-no-0-a-0\/#breadcrumb\",\"itemListElement\":[{\"@type\":\"ListItem\",\"position\":1,\"name\":\"In\u00edcio\",\"item\":\"https:\/\/www.notibras.com\/site\/\"},{\"@type\":\"ListItem\",\"position\":2,\"name\":\"Corinthians vai a Bahia mas para na retranca do Vit\u00f3ria e no 0 a 0\"}]},{\"@type\":\"WebSite\",\"@id\":\"https:\/\/www.notibras.com\/site\/#website\",\"url\":\"https:\/\/www.notibras.com\/site\/\",\"name\":\"Notibras\",\"description\":\"Not\u00edcias de Bras\u00edlia, do Brasil e do Mundo\",\"publisher\":{\"@id\":\"https:\/\/www.notibras.com\/site\/#organization\"},\"potentialAction\":[{\"@type\":\"SearchAction\",\"target\":{\"@type\":\"EntryPoint\",\"urlTemplate\":\"https:\/\/www.notibras.com\/site\/?s={search_term_string}\"},\"query-input\":{\"@type\":\"PropertyValueSpecification\",\"valueRequired\":true,\"valueName\":\"search_term_string\"}}],\"inLanguage\":\"pt-BR\"},{\"@type\":\"Organization\",\"@id\":\"https:\/\/www.notibras.com\/site\/#organization\",\"name\":\"Grupo Notibras de Comunica\u00e7\u00e3o\",\"url\":\"https:\/\/www.notibras.com\/site\/\",\"logo\":{\"@type\":\"ImageObject\",\"inLanguage\":\"pt-BR\",\"@id\":\"https:\/\/www.notibras.com\/site\/#\/schema\/logo\/image\/\",\"url\":\"https:\/\/www.notibras.com\/site\/wp-content\/uploads\/2023\/01\/notibras23.png\",\"contentUrl\":\"https:\/\/www.notibras.com\/site\/wp-content\/uploads\/2023\/01\/notibras23.png\",\"width\":350,\"height\":87,\"caption\":\"Grupo Notibras de Comunica\u00e7\u00e3o\"},\"image\":{\"@id\":\"https:\/\/www.notibras.com\/site\/#\/schema\/logo\/image\/\"},\"sameAs\":[\"https:\/\/www.facebook.com\/notibras\/\",\"https:\/\/x.com\/Notibras\",\"https:\/\/www.instagram.com\/notibras\/\"]},{\"@type\":\"Person\",\"@id\":\"https:\/\/www.notibras.com\/site\/#\/schema\/person\/36ab0979449956132d3e5b517ea76ac8\",\"name\":\"Reda\u00e7\u00e3o\",\"image\":{\"@type\":\"ImageObject\",\"inLanguage\":\"pt-BR\",\"@id\":\"https:\/\/secure.gravatar.com\/avatar\/e0a867bdedb85fd243eadf09663511f96fc81e0720a4a42581f334ad4303aa6b?s=96&d=mm&r=g\",\"url\":\"https:\/\/secure.gravatar.com\/avatar\/e0a867bdedb85fd243eadf09663511f96fc81e0720a4a42581f334ad4303aa6b?s=96&d=mm&r=g\",\"contentUrl\":\"https:\/\/secure.gravatar.com\/avatar\/e0a867bdedb85fd243eadf09663511f96fc81e0720a4a42581f334ad4303aa6b?s=96&d=mm&r=g\",\"caption\":\"Reda\u00e7\u00e3o\"}}]}<\/script>\n<!-- \/ Yoast SEO plugin. -->","yoast_head_json":{"title":"Corinthians vai a Bahia mas para na retranca do Vit\u00f3ria e no 0 a 0 - Notibras","robots":{"index":"index","follow":"follow","max-snippet":"max-snippet:-1","max-image-preview":"max-image-preview:large","max-video-preview":"max-video-preview:-1"},"canonical":"https:\/\/www.notibras.com\/site\/corinthians-vai-a-bahia-mas-para-na-retranca-do-vitoria-e-no-0-a-0\/","og_locale":"pt_BR","og_type":"article","og_title":"Corinthians vai a Bahia mas para na retranca do Vit\u00f3ria e no 0 a 0 - Notibras","og_description":"O Corinthians pressionou, foi amea\u00e7ado pelo Vit\u00f3ria e saiu com um ponto na bagagem, neste domingo, em Salvador. Em partida disputada no Est\u00e1dio Barrad\u00e3o, as duas equipes\u00a0ficaram no 0 a 0, resultado que \u00e9 mais favor\u00e1vel ao Cruzeiro. Ainda vice-l\u00edder do Campeonato Brasileiro, o time corintiano perdeu terreno na busca pela primeira posi\u00e7\u00e3o. Com o [&hellip;]","og_url":"https:\/\/www.notibras.com\/site\/corinthians-vai-a-bahia-mas-para-na-retranca-do-vitoria-e-no-0-a-0\/","og_site_name":"Notibras","article_publisher":"https:\/\/www.facebook.com\/notibras\/","article_published_time":"2014-07-20T21:00:05+00:00","article_modified_time":"2014-07-20T21:55:37+00:00","og_image":[{"width":750,"height":500,"url":"https:\/\/www.notibras.com\/site\/wp-content\/uploads\/2014\/07\/esp.11.jpg","type":"image\/jpeg"}],"author":"Reda\u00e7\u00e3o","twitter_card":"summary_large_image","twitter_creator":"@Notibras","twitter_site":"@Notibras","twitter_misc":{"Escrito por":"Reda\u00e7\u00e3o","Est. tempo de leitura":"2 minutos"},"schema":{"@context":"https:\/\/schema.org","@graph":[{"@type":"Article","@id":"https:\/\/www.notibras.com\/site\/corinthians-vai-a-bahia-mas-para-na-retranca-do-vitoria-e-no-0-a-0\/#article","isPartOf":{"@id":"https:\/\/www.notibras.com\/site\/corinthians-vai-a-bahia-mas-para-na-retranca-do-vitoria-e-no-0-a-0\/"},"author":{"name":"Reda\u00e7\u00e3o","@id":"https:\/\/www.notibras.com\/site\/#\/schema\/person\/36ab0979449956132d3e5b517ea76ac8"},"headline":"Corinthians vai a Bahia mas para na retranca do Vit\u00f3ria e no 0 a 0","datePublished":"2014-07-20T21:00:05+00:00","dateModified":"2014-07-20T21:55:37+00:00","mainEntityOfPage":{"@id":"https:\/\/www.notibras.com\/site\/corinthians-vai-a-bahia-mas-para-na-retranca-do-vitoria-e-no-0-a-0\/"},"wordCount":321,"commentCount":0,"publisher":{"@id":"https:\/\/www.notibras.com\/site\/#organization"},"image":{"@id":"https:\/\/www.notibras.com\/site\/corinthians-vai-a-bahia-mas-para-na-retranca-do-vitoria-e-no-0-a-0\/#primaryimage"},"thumbnailUrl":"https:\/\/www.notibras.com\/site\/wp-content\/uploads\/2014\/07\/esp.11.jpg","articleSection":["Esportes","Futebol"],"inLanguage":"pt-BR","potentialAction":[{"@type":"CommentAction","name":"Comment","target":["https:\/\/www.notibras.com\/site\/corinthians-vai-a-bahia-mas-para-na-retranca-do-vitoria-e-no-0-a-0\/#respond"]}]},{"@type":"WebPage","@id":"https:\/\/www.notibras.com\/site\/corinthians-vai-a-bahia-mas-para-na-retranca-do-vitoria-e-no-0-a-0\/","url":"https:\/\/www.notibras.com\/site\/corinthians-vai-a-bahia-mas-para-na-retranca-do-vitoria-e-no-0-a-0\/","name":"Corinthians vai a Bahia mas para na retranca do Vit\u00f3ria e no 0 a 0 - Notibras","isPartOf":{"@id":"https:\/\/www.notibras.com\/site\/#website"},"primaryImageOfPage":{"@id":"https:\/\/www.notibras.com\/site\/corinthians-vai-a-bahia-mas-para-na-retranca-do-vitoria-e-no-0-a-0\/#primaryimage"},"image":{"@id":"https:\/\/www.notibras.com\/site\/corinthians-vai-a-bahia-mas-para-na-retranca-do-vitoria-e-no-0-a-0\/#primaryimage"},"thumbnailUrl":"https:\/\/www.notibras.com\/site\/wp-content\/uploads\/2014\/07\/esp.11.jpg","datePublished":"2014-07-20T21:00:05+00:00","dateModified":"2014-07-20T21:55:37+00:00","breadcrumb":{"@id":"https:\/\/www.notibras.com\/site\/corinthians-vai-a-bahia-mas-para-na-retranca-do-vitoria-e-no-0-a-0\/#breadcrumb"},"inLanguage":"pt-BR","potentialAction":[{"@type":"ReadAction","target":["https:\/\/www.notibras.com\/site\/corinthians-vai-a-bahia-mas-para-na-retranca-do-vitoria-e-no-0-a-0\/"]}]},{"@type":"ImageObject","inLanguage":"pt-BR","@id":"https:\/\/www.notibras.com\/site\/corinthians-vai-a-bahia-mas-para-na-retranca-do-vitoria-e-no-0-a-0\/#primaryimage","url":"https:\/\/www.notibras.com\/site\/wp-content\/uploads\/2014\/07\/esp.11.jpg","contentUrl":"https:\/\/www.notibras.com\/site\/wp-content\/uploads\/2014\/07\/esp.11.jpg","width":750,"height":500},{"@type":"BreadcrumbList","@id":"https:\/\/www.notibras.com\/site\/corinthians-vai-a-bahia-mas-para-na-retranca-do-vitoria-e-no-0-a-0\/#breadcrumb","itemListElement":[{"@type":"ListItem","position":1,"name":"In\u00edcio","item":"https:\/\/www.notibras.com\/site\/"},{"@type":"ListItem","position":2,"name":"Corinthians vai a Bahia mas para na retranca do Vit\u00f3ria e no 0 a 0"}]},{"@type":"WebSite","@id":"https:\/\/www.notibras.com\/site\/#website","url":"https:\/\/www.notibras.com\/site\/","name":"Notibras","description":"Not\u00edcias de Bras\u00edlia, do Brasil e do Mundo","publisher":{"@id":"https:\/\/www.notibras.com\/site\/#organization"},"potentialAction":[{"@type":"SearchAction","target":{"@type":"EntryPoint","urlTemplate":"https:\/\/www.notibras.com\/site\/?s={search_term_string}"},"query-input":{"@type":"PropertyValueSpecification","valueRequired":true,"valueName":"search_term_string"}}],"inLanguage":"pt-BR"},{"@type":"Organization","@id":"https:\/\/www.notibras.com\/site\/#organization","name":"Grupo Notibras de Comunica\u00e7\u00e3o","url":"https:\/\/www.notibras.com\/site\/","logo":{"@type":"ImageObject","inLanguage":"pt-BR","@id":"https:\/\/www.notibras.com\/site\/#\/schema\/logo\/image\/","url":"https:\/\/www.notibras.com\/site\/wp-content\/uploads\/2023\/01\/notibras23.png","contentUrl":"https:\/\/www.notibras.com\/site\/wp-content\/uploads\/2023\/01\/notibras23.png","width":350,"height":87,"caption":"Grupo Notibras de Comunica\u00e7\u00e3o"},"image":{"@id":"https:\/\/www.notibras.com\/site\/#\/schema\/logo\/image\/"},"sameAs":["https:\/\/www.facebook.com\/notibras\/","https:\/\/x.com\/Notibras","https:\/\/www.instagram.com\/notibras\/"]},{"@type":"Person","@id":"https:\/\/www.notibras.com\/site\/#\/schema\/person\/36ab0979449956132d3e5b517ea76ac8","name":"Reda\u00e7\u00e3o","image":{"@type":"ImageObject","inLanguage":"pt-BR","@id":"https:\/\/secure.gravatar.com\/avatar\/e0a867bdedb85fd243eadf09663511f96fc81e0720a4a42581f334ad4303aa6b?s=96&d=mm&r=g","url":"https:\/\/secure.gravatar.com\/avatar\/e0a867bdedb85fd243eadf09663511f96fc81e0720a4a42581f334ad4303aa6b?s=96&d=mm&r=g","contentUrl":"https:\/\/secure.gravatar.com\/avatar\/e0a867bdedb85fd243eadf09663511f96fc81e0720a4a42581f334ad4303aa6b?s=96&d=mm&r=g","caption":"Reda\u00e7\u00e3o"}}]}},"amp_enabled":true,"_links":{"self":[{"href":"https:\/\/www.notibras.com\/site\/wp-json\/wp\/v2\/posts\/16814","targetHints":{"allow":["GET"]}}],"collection":[{"href":"https:\/\/www.notibras.com\/site\/wp-json\/wp\/v2\/posts"}],"about":[{"href":"https:\/\/www.notibras.com\/site\/wp-json\/wp\/v2\/types\/post"}],"author":[{"embeddable":true,"href":"https:\/\/www.notibras.com\/site\/wp-json\/wp\/v2\/users\/2"}],"replies":[{"embeddable":true,"href":"https:\/\/www.notibras.com\/site\/wp-json\/wp\/v2\/comments?post=16814"}],"version-history":[{"count":0,"href":"https:\/\/www.notibras.com\/site\/wp-json\/wp\/v2\/posts\/16814\/revisions"}],"wp:featuredmedia":[{"embeddable":true,"href":"https:\/\/www.notibras.com\/site\/wp-json\/wp\/v2\/media\/16815"}],"wp:attachment":[{"href":"https:\/\/www.notibras.com\/site\/wp-json\/wp\/v2\/media?parent=16814"}],"wp:term":[{"taxonomy":"category","embeddable":true,"href":"https:\/\/www.notibras.com\/site\/wp-json\/wp\/v2\/categories?post=16814"},{"taxonomy":"post_tag","embeddable":true,"href":"https:\/\/www.notibras.com\/site\/wp-json\/wp\/v2\/tags?post=16814"}],"curies":[{"name":"wp","href":"https:\/\/api.w.org\/{rel}","templated":true}]}}