{"id":16838,"date":"2014-07-20T19:30:13","date_gmt":"2014-07-20T22:30:13","guid":{"rendered":"http:\/\/www.notibras.com\/site\/?p=16838"},"modified":"2016-07-30T16:58:39","modified_gmt":"2016-07-30T19:58:39","slug":"buraco-misterioso-na-siberia-gera-polemica-entre-cientistas-russos","status":"publish","type":"post","link":"https:\/\/www.notibras.com\/site\/buraco-misterioso-na-siberia-gera-polemica-entre-cientistas-russos\/","title":{"rendered":"Buraco misterioso na Sib\u00e9ria gera pol\u00eamica entre cientistas russos"},"content":{"rendered":"<p>Um buraco de at\u00e9 80 metros de largura foi avistado por helic\u00f3pteros na Pen\u00ednsula de Yamal, na R\u00fassia, informou o jornal <em>Siberian Times<\/em>.<\/p>\n<p class=\"text\">Um grupo de cientistas foi enviado ao local para recolher amostras do solo e da \u00e1gua do local\u00a0e\u00a0analisar a depress\u00e3o.<\/p>\n<p class=\"text\">A causa do surgimento do buraco em Yamal &#8211; que significa &#8220;Fim do Mundo&#8221; no extremo norte da Sib\u00e9ria &#8211; \u00a0ainda \u00e9 desconhecida, mas h\u00e1 suspeitas de que o aquecimento global tenha sido o\u00a0respons\u00e1vel.<\/p>\n<p class=\"text\">Anna Kurchatova, do Centro de Pesquisa Cient\u00edfica do Sub \u00c1rtico, acredita que a cratera foi formada por \u00e1gua, sal e g\u00e1s provenientes de uma explos\u00e3o subterr\u00e2nea, que teria sido resultado do aquecimento global.<\/p>\n<p class=\"text\">Ela aponta que g\u00e1s se acumulou\u00a0no\u00a0gelo, misturado com areia e sal embaixo\u00a0da superf\u00edcie. O aquecimento\u00a0global teria provocado o\u00a0derretimento desse gelo, liberando g\u00e1s e\u00a0causando assim um efeito\u00a0similar ao do estouro de uma tampa de garrafa de champagne.<\/p>\n<p class=\"text\">Especula-se tamb\u00e9m que um objeto espacial, possivelmente\u00a0um meteorito, tenha provocado a rachadura do solo,\u00a0localizada a cerca de 30 quil\u00f4metros do maior campo de g\u00e1s de Yamal, o Bovanenkovo.<\/p>\n<p class=\"text\">Especialistas est\u00e3o confiantes de que, em breve, surgir\u00e1, uma explica\u00e7\u00e3o cient\u00edfica para o fato, minando os rumores de que o buraco seria a evid\u00eancia da chegada de um OVNI, um objeto voador n\u00e3o identificado, na Terra.<\/p>\n","protected":false},"excerpt":{"rendered":"<p>Um buraco de at\u00e9 80 metros de largura foi avistado por helic\u00f3pteros na Pen\u00ednsula de Yamal, na R\u00fassia, informou o jornal Siberian Times. Um grupo de cientistas foi enviado ao local para recolher amostras do solo e da \u00e1gua do local\u00a0e\u00a0analisar a depress\u00e3o. A causa do surgimento do buraco em Yamal &#8211; que significa &#8220;Fim [&hellip;]<\/p>\n","protected":false},"author":2,"featured_media":16839,"comment_status":"open","ping_status":"closed","sticky":false,"template":"","format":"standard","meta":{"_acf_changed":false,"footnotes":""},"categories":[71],"tags":[],"class_list":["post-16838","post","type-post","status-publish","format-standard","has-post-thumbnail","hentry","category-curiosidades"],"acf":[],"_links":{"self":[{"href":"https:\/\/www.notibras.com\/site\/wp-json\/wp\/v2\/posts\/16838","targetHints":{"allow":["GET"]}}],"collection":[{"href":"https:\/\/www.notibras.com\/site\/wp-json\/wp\/v2\/posts"}],"about":[{"href":"https:\/\/www.notibras.com\/site\/wp-json\/wp\/v2\/types\/post"}],"author":[{"embeddable":true,"href":"https:\/\/www.notibras.com\/site\/wp-json\/wp\/v2\/users\/2"}],"replies":[{"embeddable":true,"href":"https:\/\/www.notibras.com\/site\/wp-json\/wp\/v2\/comments?post=16838"}],"version-history":[{"count":1,"href":"https:\/\/www.notibras.com\/site\/wp-json\/wp\/v2\/posts\/16838\/revisions"}],"predecessor-version":[{"id":110024,"href":"https:\/\/www.notibras.com\/site\/wp-json\/wp\/v2\/posts\/16838\/revisions\/110024"}],"wp:featuredmedia":[{"embeddable":true,"href":"https:\/\/www.notibras.com\/site\/wp-json\/wp\/v2\/media\/16839"}],"wp:attachment":[{"href":"https:\/\/www.notibras.com\/site\/wp-json\/wp\/v2\/media?parent=16838"}],"wp:term":[{"taxonomy":"category","embeddable":true,"href":"https:\/\/www.notibras.com\/site\/wp-json\/wp\/v2\/categories?post=16838"},{"taxonomy":"post_tag","embeddable":true,"href":"https:\/\/www.notibras.com\/site\/wp-json\/wp\/v2\/tags?post=16838"}],"curies":[{"name":"wp","href":"https:\/\/api.w.org\/{rel}","templated":true}]}}