{"id":16895,"date":"2014-07-21T09:50:54","date_gmt":"2014-07-21T12:50:54","guid":{"rendered":"http:\/\/www.notibras.com\/site\/?p=16895"},"modified":"2014-07-22T01:15:24","modified_gmt":"2014-07-22T04:15:24","slug":"israel-continua-massacre-em-gaza-e-mata-sete-criancas-da-mesma-familia","status":"publish","type":"post","link":"https:\/\/www.notibras.com\/site\/israel-continua-massacre-em-gaza-e-mata-sete-criancas-da-mesma-familia\/","title":{"rendered":"Israel massacra Gaza e mata sete crian\u00e7as de uma mesma fam\u00edlia"},"content":{"rendered":"<p>As autoridades m\u00e9dicas da Faixa de Gaza informaram que nove palestinos da mesma fam\u00edlia, sendo sete crian\u00e7as, morreram nesta segunda (21) ap\u00f3s um ataque a\u00e9reo da avia\u00e7\u00e3o israelense. Segundo o porta-voz do Servi\u00e7o de Emerg\u00eancia, Ashraf Al Qudra, as v\u00edtimas foram mortas quando avi\u00f5es atacaram a casa onde estavam.<\/p>\n<p>Nesta segunda tamb\u00e9m foram encontrados corpos de 16 pessoas mortas em ataques a\u00e9reos ocorridos ontem (20) \u2013 dia mais sangrento desde o in\u00edcio da ofensiva militar israelense na regi\u00e3o. Com as novas mortes, o n\u00famero de pessoas mortas chegou a 502, e n\u00e3o para de crescer. As for\u00e7as militares israelenses tiveram 18 baixas.<\/p>\n<blockquote><p>O Conselho de Seguran\u00e7a das Na\u00e7\u00f5es Unidas manifestou ontem preocupa\u00e7\u00e3o com o n\u00famero crescente de mortes na Faixa de Gaza e lan\u00e7ou um apelo por um cessar-fogo imediato. O embaixador Eugene Richard Gasana, que lidera o \u00f3rg\u00e3o de 15 Estados, disse que os membros do Conselho de Seguran\u00e7a manifestaram preocupa\u00e7\u00e3o sobre crescimento do n\u00famero de v\u00edtimas e \u201cpediram o fim das hostilidades\u201d entre Israel e Gaza.<\/p><\/blockquote>\n","protected":false},"excerpt":{"rendered":"<p>As autoridades m\u00e9dicas da Faixa de Gaza informaram que nove palestinos da mesma fam\u00edlia, sendo sete crian\u00e7as, morreram nesta segunda (21) ap\u00f3s um ataque a\u00e9reo da avia\u00e7\u00e3o israelense. Segundo o porta-voz do Servi\u00e7o de Emerg\u00eancia, Ashraf Al Qudra, as v\u00edtimas foram mortas quando avi\u00f5es atacaram a casa onde estavam. Nesta segunda tamb\u00e9m foram encontrados corpos [&hellip;]<\/p>\n","protected":false},"author":2,"featured_media":16899,"comment_status":"open","ping_status":"closed","sticky":false,"template":"","format":"standard","meta":{"_acf_changed":false,"footnotes":""},"categories":[17],"tags":[],"class_list":["post-16895","post","type-post","status-publish","format-standard","has-post-thumbnail","hentry","category-mundo"],"acf":[],"_links":{"self":[{"href":"https:\/\/www.notibras.com\/site\/wp-json\/wp\/v2\/posts\/16895","targetHints":{"allow":["GET"]}}],"collection":[{"href":"https:\/\/www.notibras.com\/site\/wp-json\/wp\/v2\/posts"}],"about":[{"href":"https:\/\/www.notibras.com\/site\/wp-json\/wp\/v2\/types\/post"}],"author":[{"embeddable":true,"href":"https:\/\/www.notibras.com\/site\/wp-json\/wp\/v2\/users\/2"}],"replies":[{"embeddable":true,"href":"https:\/\/www.notibras.com\/site\/wp-json\/wp\/v2\/comments?post=16895"}],"version-history":[{"count":0,"href":"https:\/\/www.notibras.com\/site\/wp-json\/wp\/v2\/posts\/16895\/revisions"}],"wp:featuredmedia":[{"embeddable":true,"href":"https:\/\/www.notibras.com\/site\/wp-json\/wp\/v2\/media\/16899"}],"wp:attachment":[{"href":"https:\/\/www.notibras.com\/site\/wp-json\/wp\/v2\/media?parent=16895"}],"wp:term":[{"taxonomy":"category","embeddable":true,"href":"https:\/\/www.notibras.com\/site\/wp-json\/wp\/v2\/categories?post=16895"},{"taxonomy":"post_tag","embeddable":true,"href":"https:\/\/www.notibras.com\/site\/wp-json\/wp\/v2\/tags?post=16895"}],"curies":[{"name":"wp","href":"https:\/\/api.w.org\/{rel}","templated":true}]}}