{"id":16989,"date":"2014-07-21T19:35:50","date_gmt":"2014-07-21T22:35:50","guid":{"rendered":"http:\/\/www.notibras.com\/site\/?p=16989"},"modified":"2014-07-21T19:36:36","modified_gmt":"2014-07-21T22:36:36","slug":"h-de-homem-de-honra-de-honesto-sai-do-nome-de-lindbergh","status":"publish","type":"post","link":"https:\/\/www.notibras.com\/site\/h-de-homem-de-honra-de-honesto-sai-do-nome-de-lindbergh\/","title":{"rendered":"H (de homem, de honra, de honesto) sai do nome de Lindbergh Farias"},"content":{"rendered":"<p>O candidato ao governo do Rio Lindbergh Farias (PT) retirou do seu material de campanha o \u201cH\u201d. O senador petista virou \u201cLindberg\u201d, sem em seu site, conta do Twitter, Facebook, e Instagram. \u00c9 sem \u201cH\u201d, ali\u00e1s, que o nome do candidato vai aparecer nas urnas no dia das elei\u00e7\u00f5es.<\/p>\n<p class=\"text\">A assessoria de Lindbergh afirma que a mudan\u00e7a aconteceu apenas no material de campanha e que no registro civil, a letra continua no nome. E diz que a escolha nada tem a ver com numerologia.<\/p>\n<blockquote>\n<p class=\"text\">\u00c9 para tornar o nome \u201cmais simples\u201d para o eleitor, afirma a assessoria, sem saber explicar sobre como exatamente a vida do eleitor \u00e9 facilitada com a supress\u00e3o do \u201cH\u201d.<\/p>\n<\/blockquote>\n<p class=\"text\">O candidato ao governo, que foi prefeito de Nova Igua\u00e7u, na Baixada Fluminense, por seis anos, e foi eleito senador em 2010, frequentemente tem seu nome pronunciado de forma errada. H\u00e1 quem diga que ele n\u00e3o fica chateado.\u00a0Um de seus advers\u00e1rios ao governo, por exemplo, insiste em cham\u00e1-lo de \u201cLindembergh\u201d, com o \u201cEM\u201d acrescentado ao nome original, quase como um deboche ao concorrente.<\/p>\n<p class=\"text\">Foi sem o \u201cH\u201d que o nome do candidato ao governo do PT apareceu nas urnas em 2008, quando ele se candidatou \u00e0 prefeitura de Nova Igua\u00e7u em 2004 e em 2008, e quando concorreu ao Senado, em 2010. Mas passado o pleito, o petista volta a usar o \u201cH\u201d: \u00e9 com a letra muda que \u00e9 grafado o seu nome na sua biografia no site do Senado.<\/p>\n","protected":false},"excerpt":{"rendered":"<p>O candidato ao governo do Rio Lindbergh Farias (PT) retirou do seu material de campanha o \u201cH\u201d. O senador petista virou \u201cLindberg\u201d, sem em seu site, conta do Twitter, Facebook, e Instagram. \u00c9 sem \u201cH\u201d, ali\u00e1s, que o nome do candidato vai aparecer nas urnas no dia das elei\u00e7\u00f5es. A assessoria de Lindbergh afirma que [&hellip;]<\/p>\n","protected":false},"author":2,"featured_media":16990,"comment_status":"open","ping_status":"closed","sticky":false,"template":"","format":"standard","meta":{"_acf_changed":false,"footnotes":""},"categories":[33],"tags":[],"class_list":["post-16989","post","type-post","status-publish","format-standard","has-post-thumbnail","hentry","category-eleicoes-2014"],"acf":[],"yoast_head":"<!-- This site is optimized with the Yoast SEO plugin v27.2 - https:\/\/yoast.com\/product\/yoast-seo-wordpress\/ -->\n<title>H (de homem, de honra, de honesto) sai do nome de Lindbergh Farias - Notibras<\/title>\n<meta name=\"robots\" content=\"index, follow, max-snippet:-1, max-image-preview:large, max-video-preview:-1\" \/>\n<link rel=\"canonical\" href=\"https:\/\/www.notibras.com\/site\/h-de-homem-de-honra-de-honesto-sai-do-nome-de-lindbergh\/\" \/>\n<meta property=\"og:locale\" content=\"pt_BR\" \/>\n<meta property=\"og:type\" content=\"article\" \/>\n<meta property=\"og:title\" content=\"H (de homem, de honra, de honesto) sai do nome de Lindbergh Farias - Notibras\" \/>\n<meta property=\"og:description\" content=\"O candidato ao governo do Rio Lindbergh Farias (PT) retirou do seu material de campanha o \u201cH\u201d. O senador petista virou \u201cLindberg\u201d, sem em seu site, conta do Twitter, Facebook, e Instagram. \u00c9 sem \u201cH\u201d, ali\u00e1s, que o nome do candidato vai aparecer nas urnas no dia das elei\u00e7\u00f5es. A assessoria de Lindbergh afirma que [&hellip;]\" \/>\n<meta property=\"og:url\" content=\"https:\/\/www.notibras.com\/site\/h-de-homem-de-honra-de-honesto-sai-do-nome-de-lindbergh\/\" \/>\n<meta property=\"og:site_name\" content=\"Notibras\" \/>\n<meta property=\"article:publisher\" content=\"https:\/\/www.facebook.com\/notibras\/\" \/>\n<meta property=\"article:published_time\" content=\"2014-07-21T22:35:50+00:00\" \/>\n<meta property=\"article:modified_time\" content=\"2014-07-21T22:36:36+00:00\" \/>\n<meta property=\"og:image\" content=\"https:\/\/www.notibras.com\/site\/wp-content\/uploads\/2014\/07\/ele31.jpg\" \/>\n\t<meta property=\"og:image:width\" content=\"460\" \/>\n\t<meta property=\"og:image:height\" content=\"340\" \/>\n\t<meta property=\"og:image:type\" content=\"image\/jpeg\" \/>\n<meta name=\"author\" content=\"Reda\u00e7\u00e3o\" \/>\n<meta name=\"twitter:card\" content=\"summary_large_image\" \/>\n<meta name=\"twitter:creator\" content=\"@Notibras\" \/>\n<meta name=\"twitter:site\" content=\"@Notibras\" \/>\n<meta name=\"twitter:label1\" content=\"Escrito por\" \/>\n\t<meta name=\"twitter:data1\" content=\"Reda\u00e7\u00e3o\" \/>\n\t<meta name=\"twitter:label2\" content=\"Est. tempo de leitura\" \/>\n\t<meta name=\"twitter:data2\" content=\"1 minuto\" \/>\n<script type=\"application\/ld+json\" class=\"yoast-schema-graph\">{\"@context\":\"https:\/\/schema.org\",\"@graph\":[{\"@type\":\"Article\",\"@id\":\"https:\/\/www.notibras.com\/site\/h-de-homem-de-honra-de-honesto-sai-do-nome-de-lindbergh\/#article\",\"isPartOf\":{\"@id\":\"https:\/\/www.notibras.com\/site\/h-de-homem-de-honra-de-honesto-sai-do-nome-de-lindbergh\/\"},\"author\":{\"name\":\"Reda\u00e7\u00e3o\",\"@id\":\"https:\/\/www.notibras.com\/site\/#\/schema\/person\/36ab0979449956132d3e5b517ea76ac8\"},\"headline\":\"H (de homem, de honra, de honesto) sai do nome de Lindbergh Farias\",\"datePublished\":\"2014-07-21T22:35:50+00:00\",\"dateModified\":\"2014-07-21T22:36:36+00:00\",\"mainEntityOfPage\":{\"@id\":\"https:\/\/www.notibras.com\/site\/h-de-homem-de-honra-de-honesto-sai-do-nome-de-lindbergh\/\"},\"wordCount\":257,\"commentCount\":0,\"publisher\":{\"@id\":\"https:\/\/www.notibras.com\/site\/#organization\"},\"image\":{\"@id\":\"https:\/\/www.notibras.com\/site\/h-de-homem-de-honra-de-honesto-sai-do-nome-de-lindbergh\/#primaryimage\"},\"thumbnailUrl\":\"https:\/\/www.notibras.com\/site\/wp-content\/uploads\/2014\/07\/ele31.jpg\",\"articleSection\":[\"Elei\u00e7\u00f5es 2014\"],\"inLanguage\":\"pt-BR\",\"potentialAction\":[{\"@type\":\"CommentAction\",\"name\":\"Comment\",\"target\":[\"https:\/\/www.notibras.com\/site\/h-de-homem-de-honra-de-honesto-sai-do-nome-de-lindbergh\/#respond\"]}]},{\"@type\":\"WebPage\",\"@id\":\"https:\/\/www.notibras.com\/site\/h-de-homem-de-honra-de-honesto-sai-do-nome-de-lindbergh\/\",\"url\":\"https:\/\/www.notibras.com\/site\/h-de-homem-de-honra-de-honesto-sai-do-nome-de-lindbergh\/\",\"name\":\"H (de homem, de honra, de honesto) sai do nome de Lindbergh Farias - Notibras\",\"isPartOf\":{\"@id\":\"https:\/\/www.notibras.com\/site\/#website\"},\"primaryImageOfPage\":{\"@id\":\"https:\/\/www.notibras.com\/site\/h-de-homem-de-honra-de-honesto-sai-do-nome-de-lindbergh\/#primaryimage\"},\"image\":{\"@id\":\"https:\/\/www.notibras.com\/site\/h-de-homem-de-honra-de-honesto-sai-do-nome-de-lindbergh\/#primaryimage\"},\"thumbnailUrl\":\"https:\/\/www.notibras.com\/site\/wp-content\/uploads\/2014\/07\/ele31.jpg\",\"datePublished\":\"2014-07-21T22:35:50+00:00\",\"dateModified\":\"2014-07-21T22:36:36+00:00\",\"breadcrumb\":{\"@id\":\"https:\/\/www.notibras.com\/site\/h-de-homem-de-honra-de-honesto-sai-do-nome-de-lindbergh\/#breadcrumb\"},\"inLanguage\":\"pt-BR\",\"potentialAction\":[{\"@type\":\"ReadAction\",\"target\":[\"https:\/\/www.notibras.com\/site\/h-de-homem-de-honra-de-honesto-sai-do-nome-de-lindbergh\/\"]}]},{\"@type\":\"ImageObject\",\"inLanguage\":\"pt-BR\",\"@id\":\"https:\/\/www.notibras.com\/site\/h-de-homem-de-honra-de-honesto-sai-do-nome-de-lindbergh\/#primaryimage\",\"url\":\"https:\/\/www.notibras.com\/site\/wp-content\/uploads\/2014\/07\/ele31.jpg\",\"contentUrl\":\"https:\/\/www.notibras.com\/site\/wp-content\/uploads\/2014\/07\/ele31.jpg\",\"width\":460,\"height\":340},{\"@type\":\"BreadcrumbList\",\"@id\":\"https:\/\/www.notibras.com\/site\/h-de-homem-de-honra-de-honesto-sai-do-nome-de-lindbergh\/#breadcrumb\",\"itemListElement\":[{\"@type\":\"ListItem\",\"position\":1,\"name\":\"In\u00edcio\",\"item\":\"https:\/\/www.notibras.com\/site\/\"},{\"@type\":\"ListItem\",\"position\":2,\"name\":\"H (de homem, de honra, de honesto) sai do nome de Lindbergh Farias\"}]},{\"@type\":\"WebSite\",\"@id\":\"https:\/\/www.notibras.com\/site\/#website\",\"url\":\"https:\/\/www.notibras.com\/site\/\",\"name\":\"Notibras\",\"description\":\"Not\u00edcias de Bras\u00edlia, do Brasil e do Mundo\",\"publisher\":{\"@id\":\"https:\/\/www.notibras.com\/site\/#organization\"},\"potentialAction\":[{\"@type\":\"SearchAction\",\"target\":{\"@type\":\"EntryPoint\",\"urlTemplate\":\"https:\/\/www.notibras.com\/site\/?s={search_term_string}\"},\"query-input\":{\"@type\":\"PropertyValueSpecification\",\"valueRequired\":true,\"valueName\":\"search_term_string\"}}],\"inLanguage\":\"pt-BR\"},{\"@type\":\"Organization\",\"@id\":\"https:\/\/www.notibras.com\/site\/#organization\",\"name\":\"Grupo Notibras de Comunica\u00e7\u00e3o\",\"url\":\"https:\/\/www.notibras.com\/site\/\",\"logo\":{\"@type\":\"ImageObject\",\"inLanguage\":\"pt-BR\",\"@id\":\"https:\/\/www.notibras.com\/site\/#\/schema\/logo\/image\/\",\"url\":\"https:\/\/www.notibras.com\/site\/wp-content\/uploads\/2023\/01\/notibras23.png\",\"contentUrl\":\"https:\/\/www.notibras.com\/site\/wp-content\/uploads\/2023\/01\/notibras23.png\",\"width\":350,\"height\":87,\"caption\":\"Grupo Notibras de Comunica\u00e7\u00e3o\"},\"image\":{\"@id\":\"https:\/\/www.notibras.com\/site\/#\/schema\/logo\/image\/\"},\"sameAs\":[\"https:\/\/www.facebook.com\/notibras\/\",\"https:\/\/x.com\/Notibras\",\"https:\/\/www.instagram.com\/notibras\/\"]},{\"@type\":\"Person\",\"@id\":\"https:\/\/www.notibras.com\/site\/#\/schema\/person\/36ab0979449956132d3e5b517ea76ac8\",\"name\":\"Reda\u00e7\u00e3o\",\"image\":{\"@type\":\"ImageObject\",\"inLanguage\":\"pt-BR\",\"@id\":\"https:\/\/secure.gravatar.com\/avatar\/e0a867bdedb85fd243eadf09663511f96fc81e0720a4a42581f334ad4303aa6b?s=96&d=mm&r=g\",\"url\":\"https:\/\/secure.gravatar.com\/avatar\/e0a867bdedb85fd243eadf09663511f96fc81e0720a4a42581f334ad4303aa6b?s=96&d=mm&r=g\",\"contentUrl\":\"https:\/\/secure.gravatar.com\/avatar\/e0a867bdedb85fd243eadf09663511f96fc81e0720a4a42581f334ad4303aa6b?s=96&d=mm&r=g\",\"caption\":\"Reda\u00e7\u00e3o\"}}]}<\/script>\n<!-- \/ Yoast SEO plugin. -->","yoast_head_json":{"title":"H (de homem, de honra, de honesto) sai do nome de Lindbergh Farias - Notibras","robots":{"index":"index","follow":"follow","max-snippet":"max-snippet:-1","max-image-preview":"max-image-preview:large","max-video-preview":"max-video-preview:-1"},"canonical":"https:\/\/www.notibras.com\/site\/h-de-homem-de-honra-de-honesto-sai-do-nome-de-lindbergh\/","og_locale":"pt_BR","og_type":"article","og_title":"H (de homem, de honra, de honesto) sai do nome de Lindbergh Farias - Notibras","og_description":"O candidato ao governo do Rio Lindbergh Farias (PT) retirou do seu material de campanha o \u201cH\u201d. O senador petista virou \u201cLindberg\u201d, sem em seu site, conta do Twitter, Facebook, e Instagram. \u00c9 sem \u201cH\u201d, ali\u00e1s, que o nome do candidato vai aparecer nas urnas no dia das elei\u00e7\u00f5es. A assessoria de Lindbergh afirma que [&hellip;]","og_url":"https:\/\/www.notibras.com\/site\/h-de-homem-de-honra-de-honesto-sai-do-nome-de-lindbergh\/","og_site_name":"Notibras","article_publisher":"https:\/\/www.facebook.com\/notibras\/","article_published_time":"2014-07-21T22:35:50+00:00","article_modified_time":"2014-07-21T22:36:36+00:00","og_image":[{"width":460,"height":340,"url":"https:\/\/www.notibras.com\/site\/wp-content\/uploads\/2014\/07\/ele31.jpg","type":"image\/jpeg"}],"author":"Reda\u00e7\u00e3o","twitter_card":"summary_large_image","twitter_creator":"@Notibras","twitter_site":"@Notibras","twitter_misc":{"Escrito por":"Reda\u00e7\u00e3o","Est. tempo de leitura":"1 minuto"},"schema":{"@context":"https:\/\/schema.org","@graph":[{"@type":"Article","@id":"https:\/\/www.notibras.com\/site\/h-de-homem-de-honra-de-honesto-sai-do-nome-de-lindbergh\/#article","isPartOf":{"@id":"https:\/\/www.notibras.com\/site\/h-de-homem-de-honra-de-honesto-sai-do-nome-de-lindbergh\/"},"author":{"name":"Reda\u00e7\u00e3o","@id":"https:\/\/www.notibras.com\/site\/#\/schema\/person\/36ab0979449956132d3e5b517ea76ac8"},"headline":"H (de homem, de honra, de honesto) sai do nome de Lindbergh Farias","datePublished":"2014-07-21T22:35:50+00:00","dateModified":"2014-07-21T22:36:36+00:00","mainEntityOfPage":{"@id":"https:\/\/www.notibras.com\/site\/h-de-homem-de-honra-de-honesto-sai-do-nome-de-lindbergh\/"},"wordCount":257,"commentCount":0,"publisher":{"@id":"https:\/\/www.notibras.com\/site\/#organization"},"image":{"@id":"https:\/\/www.notibras.com\/site\/h-de-homem-de-honra-de-honesto-sai-do-nome-de-lindbergh\/#primaryimage"},"thumbnailUrl":"https:\/\/www.notibras.com\/site\/wp-content\/uploads\/2014\/07\/ele31.jpg","articleSection":["Elei\u00e7\u00f5es 2014"],"inLanguage":"pt-BR","potentialAction":[{"@type":"CommentAction","name":"Comment","target":["https:\/\/www.notibras.com\/site\/h-de-homem-de-honra-de-honesto-sai-do-nome-de-lindbergh\/#respond"]}]},{"@type":"WebPage","@id":"https:\/\/www.notibras.com\/site\/h-de-homem-de-honra-de-honesto-sai-do-nome-de-lindbergh\/","url":"https:\/\/www.notibras.com\/site\/h-de-homem-de-honra-de-honesto-sai-do-nome-de-lindbergh\/","name":"H (de homem, de honra, de honesto) sai do nome de Lindbergh Farias - Notibras","isPartOf":{"@id":"https:\/\/www.notibras.com\/site\/#website"},"primaryImageOfPage":{"@id":"https:\/\/www.notibras.com\/site\/h-de-homem-de-honra-de-honesto-sai-do-nome-de-lindbergh\/#primaryimage"},"image":{"@id":"https:\/\/www.notibras.com\/site\/h-de-homem-de-honra-de-honesto-sai-do-nome-de-lindbergh\/#primaryimage"},"thumbnailUrl":"https:\/\/www.notibras.com\/site\/wp-content\/uploads\/2014\/07\/ele31.jpg","datePublished":"2014-07-21T22:35:50+00:00","dateModified":"2014-07-21T22:36:36+00:00","breadcrumb":{"@id":"https:\/\/www.notibras.com\/site\/h-de-homem-de-honra-de-honesto-sai-do-nome-de-lindbergh\/#breadcrumb"},"inLanguage":"pt-BR","potentialAction":[{"@type":"ReadAction","target":["https:\/\/www.notibras.com\/site\/h-de-homem-de-honra-de-honesto-sai-do-nome-de-lindbergh\/"]}]},{"@type":"ImageObject","inLanguage":"pt-BR","@id":"https:\/\/www.notibras.com\/site\/h-de-homem-de-honra-de-honesto-sai-do-nome-de-lindbergh\/#primaryimage","url":"https:\/\/www.notibras.com\/site\/wp-content\/uploads\/2014\/07\/ele31.jpg","contentUrl":"https:\/\/www.notibras.com\/site\/wp-content\/uploads\/2014\/07\/ele31.jpg","width":460,"height":340},{"@type":"BreadcrumbList","@id":"https:\/\/www.notibras.com\/site\/h-de-homem-de-honra-de-honesto-sai-do-nome-de-lindbergh\/#breadcrumb","itemListElement":[{"@type":"ListItem","position":1,"name":"In\u00edcio","item":"https:\/\/www.notibras.com\/site\/"},{"@type":"ListItem","position":2,"name":"H (de homem, de honra, de honesto) sai do nome de Lindbergh Farias"}]},{"@type":"WebSite","@id":"https:\/\/www.notibras.com\/site\/#website","url":"https:\/\/www.notibras.com\/site\/","name":"Notibras","description":"Not\u00edcias de Bras\u00edlia, do Brasil e do Mundo","publisher":{"@id":"https:\/\/www.notibras.com\/site\/#organization"},"potentialAction":[{"@type":"SearchAction","target":{"@type":"EntryPoint","urlTemplate":"https:\/\/www.notibras.com\/site\/?s={search_term_string}"},"query-input":{"@type":"PropertyValueSpecification","valueRequired":true,"valueName":"search_term_string"}}],"inLanguage":"pt-BR"},{"@type":"Organization","@id":"https:\/\/www.notibras.com\/site\/#organization","name":"Grupo Notibras de Comunica\u00e7\u00e3o","url":"https:\/\/www.notibras.com\/site\/","logo":{"@type":"ImageObject","inLanguage":"pt-BR","@id":"https:\/\/www.notibras.com\/site\/#\/schema\/logo\/image\/","url":"https:\/\/www.notibras.com\/site\/wp-content\/uploads\/2023\/01\/notibras23.png","contentUrl":"https:\/\/www.notibras.com\/site\/wp-content\/uploads\/2023\/01\/notibras23.png","width":350,"height":87,"caption":"Grupo Notibras de Comunica\u00e7\u00e3o"},"image":{"@id":"https:\/\/www.notibras.com\/site\/#\/schema\/logo\/image\/"},"sameAs":["https:\/\/www.facebook.com\/notibras\/","https:\/\/x.com\/Notibras","https:\/\/www.instagram.com\/notibras\/"]},{"@type":"Person","@id":"https:\/\/www.notibras.com\/site\/#\/schema\/person\/36ab0979449956132d3e5b517ea76ac8","name":"Reda\u00e7\u00e3o","image":{"@type":"ImageObject","inLanguage":"pt-BR","@id":"https:\/\/secure.gravatar.com\/avatar\/e0a867bdedb85fd243eadf09663511f96fc81e0720a4a42581f334ad4303aa6b?s=96&d=mm&r=g","url":"https:\/\/secure.gravatar.com\/avatar\/e0a867bdedb85fd243eadf09663511f96fc81e0720a4a42581f334ad4303aa6b?s=96&d=mm&r=g","contentUrl":"https:\/\/secure.gravatar.com\/avatar\/e0a867bdedb85fd243eadf09663511f96fc81e0720a4a42581f334ad4303aa6b?s=96&d=mm&r=g","caption":"Reda\u00e7\u00e3o"}}]}},"amp_enabled":true,"_links":{"self":[{"href":"https:\/\/www.notibras.com\/site\/wp-json\/wp\/v2\/posts\/16989","targetHints":{"allow":["GET"]}}],"collection":[{"href":"https:\/\/www.notibras.com\/site\/wp-json\/wp\/v2\/posts"}],"about":[{"href":"https:\/\/www.notibras.com\/site\/wp-json\/wp\/v2\/types\/post"}],"author":[{"embeddable":true,"href":"https:\/\/www.notibras.com\/site\/wp-json\/wp\/v2\/users\/2"}],"replies":[{"embeddable":true,"href":"https:\/\/www.notibras.com\/site\/wp-json\/wp\/v2\/comments?post=16989"}],"version-history":[{"count":0,"href":"https:\/\/www.notibras.com\/site\/wp-json\/wp\/v2\/posts\/16989\/revisions"}],"wp:featuredmedia":[{"embeddable":true,"href":"https:\/\/www.notibras.com\/site\/wp-json\/wp\/v2\/media\/16990"}],"wp:attachment":[{"href":"https:\/\/www.notibras.com\/site\/wp-json\/wp\/v2\/media?parent=16989"}],"wp:term":[{"taxonomy":"category","embeddable":true,"href":"https:\/\/www.notibras.com\/site\/wp-json\/wp\/v2\/categories?post=16989"},{"taxonomy":"post_tag","embeddable":true,"href":"https:\/\/www.notibras.com\/site\/wp-json\/wp\/v2\/tags?post=16989"}],"curies":[{"name":"wp","href":"https:\/\/api.w.org\/{rel}","templated":true}]}}