{"id":17014,"date":"2014-07-22T07:31:14","date_gmt":"2014-07-22T10:31:14","guid":{"rendered":"http:\/\/www.notibras.com\/site\/?p=17014"},"modified":"2014-07-22T18:42:12","modified_gmt":"2014-07-22T21:42:12","slug":"ariano-suassuna-sofre-avc-e-passa-por-cirurgia-de-emergencia-no-recife","status":"publish","type":"post","link":"https:\/\/www.notibras.com\/site\/ariano-suassuna-sofre-avc-e-passa-por-cirurgia-de-emergencia-no-recife\/","title":{"rendered":"Ariano Suassuna, 87, tem AVC e passa por cirurgia de emerg\u00eancia no Recife"},"content":{"rendered":"<p>O escritor Ariano Suassuna, 87 anos, sofreu um AVC hemorr\u00e1gico na noite desta segunda-feira. Ele foi encaminhado ao Real Hospital Portugu\u00eas, no Recife, por volta das 20h, e foi submetido a uma cirurgia \u00e0s pressas.<\/p>\n<p>De acordo com a assessoria de imprensa do hospital, a cirurgia do escritor \u201ccorreu bem\u201d. Ele est\u00e1 internado na Unidade de Tratamento Intensivo (UTI) neurol\u00f3gica e seu estado de sa\u00fade \u00e9 considerado est\u00e1vel.<\/p>\n<p>H\u00e1 um ano, Suassuna, foi internado na unidade coron\u00e1ria do mesmo hospital, ap\u00f3s sofrer um infarte.<\/p>\n<blockquote><p>Ele \u00e9 autor de obras como O Castigo da Soberba (1953), O Rico Avarento (1954) e o Auto da Compadecida (1955), pe\u00e7a que o projetou em todo o Pa\u00eds.<\/p><\/blockquote>\n<p>Ariano foi tema de enredo no Carnaval carioca, em 2002, na escola de samba Imp\u00e9rio Serrano, e em 2008, na Mancha Verde no Carnaval paulista.<\/p>\n","protected":false},"excerpt":{"rendered":"<p>O escritor Ariano Suassuna, 87 anos, sofreu um AVC hemorr\u00e1gico na noite desta segunda-feira. Ele foi encaminhado ao Real Hospital Portugu\u00eas, no Recife, por volta das 20h, e foi submetido a uma cirurgia \u00e0s pressas. De acordo com a assessoria de imprensa do hospital, a cirurgia do escritor \u201ccorreu bem\u201d. Ele est\u00e1 internado na Unidade [&hellip;]<\/p>\n","protected":false},"author":2,"featured_media":17015,"comment_status":"open","ping_status":"closed","sticky":false,"template":"","format":"standard","meta":{"_acf_changed":false,"footnotes":""},"categories":[16],"tags":[],"class_list":["post-17014","post","type-post","status-publish","format-standard","has-post-thumbnail","hentry","category-brasil"],"acf":[],"_links":{"self":[{"href":"https:\/\/www.notibras.com\/site\/wp-json\/wp\/v2\/posts\/17014","targetHints":{"allow":["GET"]}}],"collection":[{"href":"https:\/\/www.notibras.com\/site\/wp-json\/wp\/v2\/posts"}],"about":[{"href":"https:\/\/www.notibras.com\/site\/wp-json\/wp\/v2\/types\/post"}],"author":[{"embeddable":true,"href":"https:\/\/www.notibras.com\/site\/wp-json\/wp\/v2\/users\/2"}],"replies":[{"embeddable":true,"href":"https:\/\/www.notibras.com\/site\/wp-json\/wp\/v2\/comments?post=17014"}],"version-history":[{"count":0,"href":"https:\/\/www.notibras.com\/site\/wp-json\/wp\/v2\/posts\/17014\/revisions"}],"wp:featuredmedia":[{"embeddable":true,"href":"https:\/\/www.notibras.com\/site\/wp-json\/wp\/v2\/media\/17015"}],"wp:attachment":[{"href":"https:\/\/www.notibras.com\/site\/wp-json\/wp\/v2\/media?parent=17014"}],"wp:term":[{"taxonomy":"category","embeddable":true,"href":"https:\/\/www.notibras.com\/site\/wp-json\/wp\/v2\/categories?post=17014"},{"taxonomy":"post_tag","embeddable":true,"href":"https:\/\/www.notibras.com\/site\/wp-json\/wp\/v2\/tags?post=17014"}],"curies":[{"name":"wp","href":"https:\/\/api.w.org\/{rel}","templated":true}]}}